{"id":104338,"date":"2025-12-04T19:03:49","date_gmt":"2025-12-04T19:03:49","guid":{"rendered":"https:\/\/www.europesays.com\/no\/104338\/"},"modified":"2025-12-04T19:03:49","modified_gmt":"2025-12-04T19:03:49","slug":"det-er-vanskelig-a-behandle-kunder-uten-a-felle-en-tare-vestby-avis","status":"publish","type":"post","link":"https:\/\/www.europesays.com\/no\/104338\/","title":{"rendered":"\u2013 Det er vanskelig \u00e5 behandle kunder uten \u00e5 felle en t\u00e5re &#8211; Vestby Avis"},"content":{"rendered":"<ol>\n<li><a href=\"https:\/\/news.google.com\/rss\/articles\/CBMinAFBVV95cUxNTVZhXzBJRjM3ZEE5SWZvTVk2TFZlS29zTy12NUJYYkZrckJuZnhnUjVnRlNxY2YtZ3RwTVRhRzRrVTRoNzM2Mld1dFhJb1NKWVd6Vm9LbHFiSTZkbWUyM0tZdUVlM21jTUo1aFg4QVM2bFc1eC1WUUdxalFRS0EzR09jTC05TVRyQlVpM3VnYU5FUk1sV1RQN2VYcVc?oc=5\" target=\"_blank\" rel=\"nofollow noopener\">\u2013 Det er vanskelig \u00e5 behandle kunder uten \u00e5 felle en t\u00e5re<\/a>&nbsp;&nbsp;Vestby Avis<\/li>\n<li><a href=\"https:\/\/news.google.com\/rss\/articles\/CBMiyAFBVV95cUxQb0pHUlpmUXBPOEtkbTExS0JxdzFua0VyQ0hieElsendmdHlDcVRqV09BVzN2QnFhY1htaUNQSVp2aEhPM1AyVUVtZGxzTTJ2SU9IWDdwVzY0T3dRTGRmdW9sUi1hT3FHc2pMTHBmNnF3cExUN3NrdE9mN3F6SVlXWEo5RnpQdlByb0VvdUdwb1BpQllBV1hCdEpISEpNWU1wdWN2MDJfRUM0S0tBM2hjNHUwV3piV3lGbHR1NkxMQnpVM2k2Mi1vVQ?oc=5\" target=\"_blank\" rel=\"nofollow noopener\">Tre lokaler skal fylles \u2013 n\u00e5 l\u00f8fter senterlederen p\u00e5 sl\u00f8ret<\/a>&nbsp;&nbsp;\u00d8stlendingen<\/li>\n<li><a href=\"https:\/\/news.google.com\/rss\/articles\/CBMihwFBVV95cUxNeE9vdFQ3bDd3b2tOVE9iTF90blpsNlhtZGREbzdqSVhSWUJzUVQ0SU9xUVlibC1VTncwZHhNVE5YYU9naDI5UmxySEtZV053a2dEem16VTBjNXB5YmM1NWNTVVdBZVRYakx2Z241eTkyYUhGVXBORWlPaUs1azcyUlFuMUhvRFU?oc=5\" target=\"_blank\" rel=\"nofollow noopener\">Ski, Nordre Follo | N\u00e5 forsvinner denne kiosken fra storsenteret<\/a>&nbsp;&nbsp;\u00d8stlandets Blad<\/li>\n<li><a href=\"https:\/\/news.google.com\/rss\/articles\/CBMiogFBVV95cUxNRC1VbnR3NkEtNWVyOFBJWjZjQlpyazB1cVRDLWlOZDhLWWdHODh2VTQ2SjFuU21KRUgzc3lWdVB5ZTV4UnZfQXZmTjJ1NnEtenVpZjZSbEJqdS1wZ3lJYXhfODU0VVI2YURlSDdaRVppTWYyNE5CVkxqN1NaejNwekpHM0ZjWjNCWUUybnhJNENqV3JmUTRtRG1sd0hQVENpTmc?oc=5\" target=\"_blank\" rel=\"nofollow noopener\">Vil ikke si hvilke Narvesen-kiosker som forsvinner<\/a>&nbsp;&nbsp;adressa.no<\/li>\n<li><a href=\"https:\/\/news.google.com\/rss\/articles\/CBMie0FVX3lxTFBDMkZ6ZUkzdlFCSVhWWkZyY0hQeGppV3ZnQ0labEQxWDFwRk8wT0NxcTV1UU5tTE1GUDdRZ2RBcldGTFpOZzVYNTlIY1NxQ2pwOTZRUzUxTmlqVlkyWmh0eDdVUEI1ZmtsVU9laUtMWHVuczlqc3dPV3ZKWQ?oc=5\" target=\"_blank\" rel=\"nofollow noopener\">Etter 22 \u00e5r er det snart slutt her: Avsl\u00f8rer hva som i stedet skal inn<\/a>&nbsp;&nbsp;Nordre Aker Budstikke<\/li>\n<\/ol>\n","protected":false},"excerpt":{"rendered":"\u2013 Det er vanskelig \u00e5 behandle kunder uten \u00e5 felle en t\u00e5re&nbsp;&nbsp;Vestby Avis Tre lokaler skal fylles \u2013&hellip;\n","protected":false},"author":2,"featured_media":104339,"comment_status":"","ping_status":"","sticky":false,"template":"","format":"standard","meta":{"footnotes":""},"categories":[56],"tags":[60,61,62,30,28,29],"class_list":{"0":"post-104338","1":"post","2":"type-post","3":"status-publish","4":"format-standard","5":"has-post-thumbnail","7":"category-naeringsliv","8":"tag-business","9":"tag-economy","10":"tag-naeringsliv","11":"tag-no","12":"tag-norge","13":"tag-norway"},"share_on_mastodon":{"url":"https:\/\/pubeurope.com\/@no\/115662858765583666","error":""},"_links":{"self":[{"href":"https:\/\/www.europesays.com\/no\/wp-json\/wp\/v2\/posts\/104338","targetHints":{"allow":["GET"]}}],"collection":[{"href":"https:\/\/www.europesays.com\/no\/wp-json\/wp\/v2\/posts"}],"about":[{"href":"https:\/\/www.europesays.com\/no\/wp-json\/wp\/v2\/types\/post"}],"author":[{"embeddable":true,"href":"https:\/\/www.europesays.com\/no\/wp-json\/wp\/v2\/users\/2"}],"replies":[{"embeddable":true,"href":"https:\/\/www.europesays.com\/no\/wp-json\/wp\/v2\/comments?post=104338"}],"version-history":[{"count":0,"href":"https:\/\/www.europesays.com\/no\/wp-json\/wp\/v2\/posts\/104338\/revisions"}],"wp:featuredmedia":[{"embeddable":true,"href":"https:\/\/www.europesays.com\/no\/wp-json\/wp\/v2\/media\/104339"}],"wp:attachment":[{"href":"https:\/\/www.europesays.com\/no\/wp-json\/wp\/v2\/media?parent=104338"}],"wp:term":[{"taxonomy":"category","embeddable":true,"href":"https:\/\/www.europesays.com\/no\/wp-json\/wp\/v2\/categories?post=104338"},{"taxonomy":"post_tag","embeddable":true,"href":"https:\/\/www.europesays.com\/no\/wp-json\/wp\/v2\/tags?post=104338"}],"curies":[{"name":"wp","href":"https:\/\/api.w.org\/{rel}","templated":true}]}}