{"id":104344,"date":"2025-12-04T19:07:24","date_gmt":"2025-12-04T19:07:24","guid":{"rendered":"https:\/\/www.europesays.com\/no\/104344\/"},"modified":"2025-12-04T19:07:24","modified_gmt":"2025-12-04T19:07:24","slug":"eu-plan-om-kjempelan-til-ukraina-moter-hard-kritikk","status":"publish","type":"post","link":"https:\/\/www.europesays.com\/no\/104344\/","title":{"rendered":"EU-plan om kjempel\u00e5n til Ukraina m\u00f8ter hard kritikk"},"content":{"rendered":"<p>\u2013 Krigen skaper \u00f8konomiske forstyrrelser. Det er ogs\u00e5 krystallklart \u2013 og det er grunnlaget for denne reguleringen \u2013 at om man skulle gi Russland pengene tilbake, ville deres kapasitet til \u00e5 skape ytterligere \u00f8konomiske forstyrrelser v\u00e6re betydelig, sier en h\u00f8ytst\u00e5ende tjenesteperson i EU-kommisjonen.<\/p>\n<p class=\"subhead\" data-element-type=\"subhead\" data-element-label=\"Mellomtittel\">\u2013 Drar tolkningen langt<\/p>\n<p><img decoding=\"async\" class=\"lazyload \" src=\"https:\/\/www.europesays.com\/no\/wp-content\/uploads\/2025\/12\/1764875242_652_pipe\"  data- alt=\"\"\/><\/p>\n<p>BEKYMRET: Belgias utenriksminister Maxime Prevot. <strong>Foto: NTB<\/strong><\/p>\n<p class=\"\">Men juridiske eksperter, offisielle tjenestepersoner i EU og diplomater fra flere medlemsland advarer if\u00f8lge Financial Times om at EU-kommisjonen drar tolkningen av artikkel 122 langt, s\u00e6rlig ettersom sanksjoner allerede er p\u00e5 plass for \u00e5 fryse russiske aktiva.<\/p>\n<p>\u2013 Det er galskap, og jeg forst\u00e5r ikke hvordan de tror de skal komme unna med dette. Det er ikke sikkert at medlemslandene vil godta det. Presedensen dette setter, kan f\u00e5 enorme konsekvenser, sier en h\u00f8ytst\u00e5ende tjenesteperson for et av medlemslandene til avisen.\u00a0<\/p>\n<p>Medlemslandenes juridiske eksperter begynner sin gjennomgang av teksten i EU-kommisjonens forslag torsdag, mens landenes ambassad\u00f8rer vil m\u00f8tes for samtaler fredag.<\/p>\n<p class=\"subhead\" data-element-type=\"subhead\" data-element-label=\"Mellomtittel\">Belgia f\u00f8ler seg \u00abikke h\u00f8rt\u00bb<\/p>\n<p>I tillegg til juridiske utfordringer bekymrer eksempelvis belgiske myndigheter seg for konsekvensene EU-forslaget vil ha for dem, siden den Belgia-baserte finansinstitusjonen Euroclear oppbevarer det meste av de frossede russiske aktivaene.<\/p>\n<p>\u2013 Vi har den frustrerende f\u00f8lelsen av ikke \u00e5 bli h\u00f8rt, sa Belgias utenriksminister Maxime Prevot if\u00f8lge internasjonale medier til journalister p\u00e5 Nato-m\u00f8tet i Brussel f\u00f8r EU-kommisjonen la frem sitt forslag.<\/p>\n<p>\u2013 Vi \u00f8nsker rett og slett \u00e5 unng\u00e5 potensielt katastrofale konsekvenser for et medlemsland som blir bedt om \u00e5 vise solidaritet \u2013 uten \u00e5 m\u00f8te den samme solidariteten tilbake, fortsatte ministeren.<\/p>\n<p class=\"subhead\" data-element-type=\"subhead\" data-element-label=\"Mellomtittel\">\u2013 Ensbetydende med krig<\/p>\n<p>Den europeiske diskusjonen om Ukraina-l\u00e5n og bruken av frossede russiske aktiva g\u00e5r naturligvis ikke up\u00e5aktet hen i Russland.<\/p>\n<p><img decoding=\"async\" class=\"lazyload \" src=\"https:\/\/www.europesays.com\/no\/wp-content\/uploads\/2025\/12\/1764875244_273_pipe\"  data- alt=\"\"\/><\/p>\n<p>ADVARER: Dmitrij Medvedev. <strong>Foto: NTB<\/strong><\/p>\n<p>Tidligere president Dmitrij Medvedev, n\u00e5 nestleder i Russlands sikkerhetsr\u00e5d, kommer med en klar advarsel til EU om kommisjonens forslag settes ut i livet.<\/p>\n<p>\u00abHvis et panisk EU fors\u00f8ker \u00e5 stjele de russiske aktivaene frosset i Belgia ved \u00e5 utstede et s\u00e5kalt reparasjonsl\u00e5n, kan en slik handling etter folkeretten klassifiseres som en spesiell form for \u00abcasus belli\u00bb, med alle konsekvensene det vil inneb\u00e6re for Brussel og de enkelte EU-landene\u00bb, skrev Medvedev i et Google Translate-oversatt Telegram-innlegg gjengitt av <a href=\"https:\/\/www.cnbc.com\/2025\/12\/04\/russia-europes-use-of-frozen-assets-could-be-justification-for-war-.html\" target=\"_blank\" rel=\"nofollow noopener\">CNBC<\/a>.\u00a0<\/p>\n<p>\u00abCasus belli\u00bb er det latinske uttrykket for en handling som rettferdiggj\u00f8r krig.<\/p>\n<p>Russland har ogs\u00e5 tidligere uttalt at landet vil svare om EU g\u00e5r videre med \u00e5 bruke de frossede aktivaene.<\/p>\n","protected":false},"excerpt":{"rendered":"\u2013 Krigen skaper \u00f8konomiske forstyrrelser. Det er ogs\u00e5 krystallklart \u2013 og det er grunnlaget for denne reguleringen \u2013&hellip;\n","protected":false},"author":2,"featured_media":104345,"comment_status":"","ping_status":"","sticky":false,"template":"","format":"standard","meta":{"footnotes":""},"categories":[5],"tags":[20,21,24,25,15,19,22,23,17,18,13,30,28,29,14,16,26,27],"class_list":{"0":"post-104344","1":"post","2":"type-post","3":"status-publish","4":"format-standard","5":"has-post-thumbnail","7":"category-overskrifter","8":"tag-breaking-news","9":"tag-breakingnews","10":"tag-featured-news","11":"tag-featurednews","12":"tag-headlines","13":"tag-hovedoppslag","14":"tag-latest-news","15":"tag-latestnews","16":"tag-main-news","17":"tag-mainnews","18":"tag-news","19":"tag-no","20":"tag-norge","21":"tag-norway","22":"tag-nyheter","23":"tag-overskrifter","24":"tag-top-stories","25":"tag-topstories"},"share_on_mastodon":{"url":"https:\/\/pubeurope.com\/@no\/115662870767792646","error":""},"_links":{"self":[{"href":"https:\/\/www.europesays.com\/no\/wp-json\/wp\/v2\/posts\/104344","targetHints":{"allow":["GET"]}}],"collection":[{"href":"https:\/\/www.europesays.com\/no\/wp-json\/wp\/v2\/posts"}],"about":[{"href":"https:\/\/www.europesays.com\/no\/wp-json\/wp\/v2\/types\/post"}],"author":[{"embeddable":true,"href":"https:\/\/www.europesays.com\/no\/wp-json\/wp\/v2\/users\/2"}],"replies":[{"embeddable":true,"href":"https:\/\/www.europesays.com\/no\/wp-json\/wp\/v2\/comments?post=104344"}],"version-history":[{"count":0,"href":"https:\/\/www.europesays.com\/no\/wp-json\/wp\/v2\/posts\/104344\/revisions"}],"wp:featuredmedia":[{"embeddable":true,"href":"https:\/\/www.europesays.com\/no\/wp-json\/wp\/v2\/media\/104345"}],"wp:attachment":[{"href":"https:\/\/www.europesays.com\/no\/wp-json\/wp\/v2\/media?parent=104344"}],"wp:term":[{"taxonomy":"category","embeddable":true,"href":"https:\/\/www.europesays.com\/no\/wp-json\/wp\/v2\/categories?post=104344"},{"taxonomy":"post_tag","embeddable":true,"href":"https:\/\/www.europesays.com\/no\/wp-json\/wp\/v2\/tags?post=104344"}],"curies":[{"name":"wp","href":"https:\/\/api.w.org\/{rel}","templated":true}]}}