{"id":104346,"date":"2025-12-04T19:08:09","date_gmt":"2025-12-04T19:08:09","guid":{"rendered":"https:\/\/www.europesays.com\/no\/104346\/"},"modified":"2025-12-04T19:08:09","modified_gmt":"2025-12-04T19:08:09","slug":"glimt-sport-kjetils-brennende-engasjement-vi-kan-ikke-godta-middelmadighet-avisa-nordland","status":"publish","type":"post","link":"https:\/\/www.europesays.com\/no\/104346\/","title":{"rendered":"Glimt, Sport | Kjetils brennende engasjement: \u2013 Vi kan ikke godta middelm\u00e5dighet &#8211; Avisa Nordland"},"content":{"rendered":"<ol>\n<li><a href=\"https:\/\/news.google.com\/rss\/articles\/CBMimgFBVV95cUxOYWYtWnJBN2g2YzNGNmtYNWhtSEtsMkhsSlM5M2xQM2VYTC1vbzhVSnNSQ09OWk1RYWNGQnJBWU9pVGgxR25POFFDbFI4ZWwwUGV4WUU0S1FuRFIyVkFQdVJyWXVlVlVZUDdVVmNwcTl0UXNWcXlSTzR5ZUNXZVM5c01BVG1TX0NMQU5rNFJrdGFDV19OejJKZkF3?oc=5\" target=\"_blank\" rel=\"nofollow noopener\">Glimt, Sport | Kjetils brennende engasjement: \u2013 Vi kan ikke godta middelm\u00e5dighet<\/a>&nbsp;&nbsp;Avisa Nordland<\/li>\n<li><a href=\"https:\/\/news.google.com\/rss\/articles\/CBMinwFBVV95cUxQYUxxdWltU1J6ak1TbEZNYjV6Zms4OGlQVHluZnVyT2U0cE1PbnVNUGFGQ1hIM1psSVRnc0laaEpncnVxdXhKRDhENFUtTVBqUzJjOEk1aURuNUVDSDdoRXluQk92N3VYSmtVTXdEUURsRVRPUU1YdGpFQ2dMd0pkWFRfVnBvaXlPODMyMm93YmtNa1JIdWFJaXhwS2R5eGs?oc=5\" target=\"_blank\" rel=\"nofollow noopener\">Sport, Fotball | Millionl\u00f8nningene i TIL: De fem p\u00e5 topp har \u00e9n ting til felles<\/a>&nbsp;&nbsp;Nordlys<\/li>\n<li><a href=\"https:\/\/news.google.com\/rss\/articles\/CBMiwAFBVV95cUxQSm5XU1hRYWwtOUhqU2RyTXZCdEg1Y2xoRHZ0UDZmWU9uTjhSR1laRWh1dFotQ05pc3BxV0tBRXhpcHhMVzJ5SWloYUpUMHB4eTBnWE5SOVZPaklpdktURDgwcUlMczU1SlNRWHRzdHc1LXhBZi16LW0wQkhzeHZIMGxQQW9JcU1WbjREN2VQRFdHMHR6Q0xHcHkwMkl1U29UbWpXR0FGQWd4OTRWSmVuM0V6aWlYczVHSjVOZW8xZ1I?oc=5\" target=\"_blank\" rel=\"nofollow noopener\">Her er han klar for fest med Gutan \u2013 dagen etterp\u00e5 var han p\u00e5 Glimt-leir i Marbella<\/a>&nbsp;&nbsp;itromso.no<\/li>\n<li><a href=\"https:\/\/news.google.com\/rss\/articles\/CBMiugFBVV95cUxPckpPbHZtd0FjYnd2MXpyZ1drWGJQRUd4bWhtR0FqZDBRTE1iQ09kbnJhSlZyX2JFdUs1cVgydXRDXzZyMmtaVVRXQ25UaVd2eTdmTG5jcnptUlZJbWpmNGdCaVgydVI1N2lpREZVelpaNWloMkVWZmNtR3RidW84QnFjZVFpUWtWTURkLXNQbDcyTHpsZHVtamFSYXc3SXVPdGlwLXlHTlBNQlZ6Y3E2dl9TdktGMFdJSGc?oc=5\" target=\"_blank\" rel=\"nofollow noopener\">Glimt, Sport | Her er troppen som reiste til Spania &#8211; gammel kjenning dukket opp: \u2013 Jeg trenger ikke ferie<\/a>&nbsp;&nbsp;Avisa Nordland<\/li>\n<li><a href=\"https:\/\/news.google.com\/rss\/articles\/CBMiqgFBVV95cUxNUTN5WW9aM3NHQXJKeTRLMmQ3dGdvRXVPZVRZRmlrSThzaHBETXRFUnYtNkFCXzlxY1p1QlJuOVRHbWxNOHNJYjJCOFAxc2JjTmVCenhuNDhFZUpWWmtFSXh2eHVFZC13Z1VhS3lQY3QxVnRyQy1JR3lmbnJOWWZDaUw1c0FoZlc2X3N5MFduVGloQ0Q0dHNIeG1RZk1KUHRHbmQybk16Zmp5UQ?oc=5\" target=\"_blank\" rel=\"nofollow noopener\">(+) H\u00f8y l\u00f8nn i Glimt i fjor &#8211; i \u00e5r tok han l\u00f8nnskutt i TIL: \u2013 M\u00e5 se hvor jeg er mest \u00f8nsket<\/a>&nbsp;&nbsp;itromso.no<\/li>\n<\/ol>\n","protected":false},"excerpt":{"rendered":"Glimt, Sport | Kjetils brennende engasjement: \u2013 Vi kan ikke godta middelm\u00e5dighet&nbsp;&nbsp;Avisa Nordland Sport, Fotball | Millionl\u00f8nningene i&hellip;\n","protected":false},"author":2,"featured_media":104347,"comment_status":"","ping_status":"","sticky":false,"template":"","format":"standard","meta":{"footnotes":""},"categories":[59],"tags":[30,28,29,83,82],"class_list":{"0":"post-104346","1":"post","2":"type-post","3":"status-publish","4":"format-standard","5":"has-post-thumbnail","7":"category-sport","8":"tag-no","9":"tag-norge","10":"tag-norway","11":"tag-sport","12":"tag-sports"},"share_on_mastodon":{"url":"https:\/\/pubeurope.com\/@no\/115662874397804420","error":""},"_links":{"self":[{"href":"https:\/\/www.europesays.com\/no\/wp-json\/wp\/v2\/posts\/104346","targetHints":{"allow":["GET"]}}],"collection":[{"href":"https:\/\/www.europesays.com\/no\/wp-json\/wp\/v2\/posts"}],"about":[{"href":"https:\/\/www.europesays.com\/no\/wp-json\/wp\/v2\/types\/post"}],"author":[{"embeddable":true,"href":"https:\/\/www.europesays.com\/no\/wp-json\/wp\/v2\/users\/2"}],"replies":[{"embeddable":true,"href":"https:\/\/www.europesays.com\/no\/wp-json\/wp\/v2\/comments?post=104346"}],"version-history":[{"count":0,"href":"https:\/\/www.europesays.com\/no\/wp-json\/wp\/v2\/posts\/104346\/revisions"}],"wp:featuredmedia":[{"embeddable":true,"href":"https:\/\/www.europesays.com\/no\/wp-json\/wp\/v2\/media\/104347"}],"wp:attachment":[{"href":"https:\/\/www.europesays.com\/no\/wp-json\/wp\/v2\/media?parent=104346"}],"wp:term":[{"taxonomy":"category","embeddable":true,"href":"https:\/\/www.europesays.com\/no\/wp-json\/wp\/v2\/categories?post=104346"},{"taxonomy":"post_tag","embeddable":true,"href":"https:\/\/www.europesays.com\/no\/wp-json\/wp\/v2\/tags?post=104346"}],"curies":[{"name":"wp","href":"https:\/\/api.w.org\/{rel}","templated":true}]}}