{"id":104350,"date":"2025-12-04T19:14:13","date_gmt":"2025-12-04T19:14:13","guid":{"rendered":"https:\/\/www.europesays.com\/no\/104350\/"},"modified":"2025-12-04T19:14:13","modified_gmt":"2025-12-04T19:14:13","slug":"kunstsilo-i-kristiansand-verdens-vakreste-museum","status":"publish","type":"post","link":"https:\/\/www.europesays.com\/no\/104350\/","title":{"rendered":"Kunstsilo i Kristiansand: Verdens vakreste museum"},"content":{"rendered":"\n<p class=\"_lead_o9xde_2 _lead_xtcu6_50 layout-component text-serif-m layout-normal text-serif-l layout-component layout-wide layout-padded _wide_17hqh_1 layout-padded\">Ingen over, ingen ved siden. Klodens vakreste museumsbygning er en ombygd kornsilo som ligger p\u00e5 S\u00f8rlandet.<\/p>\n<p><img alt=\" Foto: Alan Williams \/ Kunstsilo\" class=\"_image_qp4xg_65 layout-component layout-wide\" data-fullscreen- data-track-element-type=\"Article image fullscreen\" data-track-name=\"ImageFullscreen\" fetchpriority=\"high\" decoding=\"sync\" loading=\"eager\" height=\"1752\" itemprop=\"image\"  src=\"https:\/\/www.europesays.com\/no\/wp-content\/uploads\/2025\/12\/aa7c400a-adc8-4892-ac33-5863cbf635ad\"  style=\"object-position:0% 0%\" width=\"1782\"\/> Foto: Alan Williams \/ Kunstsilo<\/p>\n<ul aria-hidden=\"true\" class=\"_images_1uft6_111\">\n<li><a class=\"_link_1uft6_116\" href=\"https:\/\/www.vg.no\/forfatter\/karin-muri\" style=\"z-index:1\" title=\"Karin Muri\" rel=\"nofollow noopener\" target=\"_blank\"><img alt=\"Bilde av Karin Muri\" class=\"_image_1uft6_93\" fetchpriority=\"low\" loading=\"lazy\" decoding=\"async\" itemprop=\"image\"  src=\"https:\/\/www.europesays.com\/no\/wp-content\/uploads\/2025\/12\/1764875651_56_951f4a7a-8210-45cc-98c5-c3e53bba6bd9\"  width=\"480\"\/><\/a><\/li>\n<\/ul>\n<p> Oppdatert torsdag 4. desember kl. 19:46     <\/p>\n<p class=\"_paragraph_o9xde_4 _paragraph_xtcu6_10 layout-component text-serif-m layout-normal text-serif-m layout-padded\">Jubelen br\u00f8t l\u00f8s i Paris torsdag kveld da <a href=\"https:\/\/www.vg.no\/tag\/kristiansand?utm_source=vg-article&amp;utm_medium=auto-tagger&amp;utm_campaign=aJ2Pla\" class=\"_link_o9xde_39\" rel=\"nofollow noopener\" target=\"_blank\">Kristiansand<\/a> ble satt p\u00e5 verdens mest spektakul\u00e6re arkitektoniske kart. <\/p>\n<p class=\"_paragraph_o9xde_4 _paragraph_xtcu6_10 layout-component text-serif-m layout-normal text-serif-m layout-padded\">Der ble den prestisjetunge arkitekturprisen Prix Versailles delt ut i UNESCOUNESCOhovedkvarteret for FNs organisasjon for utdanning, vitenskap og kultur-hovedkvarteret i Paris. Den l\u00f8fter frem de beste samtidsprosjektene i verden.<\/p>\n<p class=\"_paragraph_o9xde_4 _paragraph_xtcu6_10 layout-component text-serif-m layout-normal text-serif-m layout-padded\">\u2013 Dette er en helt fantastik anerkjennelse av Kunstsilo og arkitektene bak dette vakre museet. Det er stort \u00e5 v\u00e6re tilstede her i Paris og p\u00e5 den h\u00f8ytidelige prisseremonien. Vi er stolte og glade, sier Kunstsilos direkt\u00f8r Maria Mediaas J\u00f8rstad til VG.<\/p>\n<p><img alt=\"Glade prisvinnere i Paris. Fra venstre arkitektene Magnus W\u00e5ge, Mara Partida og Boris Bezan. Museumsdirekt\u00f8r Maria Mediaas J\u00f8rstad, Kristiansand-ordf\u00f8rer Mathias Bernander, styreleder Stein Olav Henrichsen og kommersiell direkt\u00f8r Eldbj\u00f8rg Dahl.   Foto: Lars Br\u00f8nseth.\" class=\"_image_qp4xg_65 layout-component layout-normal\" data-fullscreen- data-track-element-type=\"Article image fullscreen\" data-track-name=\"ImageFullscreen\" decoding=\"async\" loading=\"lazy\" height=\"4000\" itemprop=\"image\"  src=\"https:\/\/www.europesays.com\/no\/wp-content\/uploads\/2025\/12\/a184039b-3716-44e0-a505-77a6418075bb\"  style=\"object-position:0% 0%\" width=\"2667\"\/>Glade prisvinnere i Paris. Fra venstre arkitektene Magnus W\u00e5ge, Mara Partida og Boris Bezan. Museumsdirekt\u00f8r Maria Mediaas J\u00f8rstad, Kristiansand-ordf\u00f8rer Mathias Bernander, styreleder Stein Olav Henrichsen og kommersiell direkt\u00f8r Eldbj\u00f8rg Dahl.   Foto: Lars Br\u00f8nseth.<\/p>\n<p class=\"_paragraph_o9xde_4 _paragraph_xtcu6_10 layout-component text-serif-m layout-normal text-serif-m layout-padded\">En fyldig delegasjon fra Kristiansand er p\u00e5 plass i Paris, ogs\u00e5 med blant andre styreleder Stein Olav Henrichsen og flere av arkitektene. Ambassader\u00e5d i Paris Rune Bj\u00e5stad deltar og Kristiansand-ordf\u00f8rer Mathias Bernander (H).<\/p>\n<p class=\"_paragraph_o9xde_4 _paragraph_xtcu6_10 layout-component text-serif-m layout-normal text-serif-m layout-padded\">\u2013 Jeg er f\u00f8rst og fremst utrolig stolt, sier Bernander.<\/p>\n<p class=\"_paragraph_o9xde_4 _paragraph_xtcu6_10 layout-component text-serif-m layout-normal text-serif-m layout-padded\">\u2013 Stolt over Kunstsilo, stolt over Kristiansand som blir satt p\u00e5 kartet internasjonalt og stolt over alle de som har lagt ned s\u00e5 mye innsats for at Kunstsilo er blitt en realitet og en suksess, sier en glad ordf\u00f8rer fra Paris torsdag kveld.<\/p>\n<p class=\"_paragraph_o9xde_4 _paragraph_xtcu6_10 layout-component text-serif-m layout-normal text-serif-m layout-padded\">N\u00e5 inviterer han rett og slett hele verden til Kristiansand for \u00e5 ta det ber\u00f8mte museet i \u00f8yesyn.<\/p>\n<p class=\"_paragraph_o9xde_4 _paragraph_xtcu6_10 layout-component text-serif-m layout-normal text-serif-m layout-padded\">\u2013 Det er bare \u00e5 \u00f8nske alle som vil bes\u00f8ke verdens vakreste museum hjertelig velkommen til byen v\u00e5r.<\/p>\n<p><img alt=\"Kunstsilo under \u00e5pningen i mai 2024   Foto: Tor Erik Schr\u00f8der \/ NTB\" class=\"_image_qp4xg_65 layout-component layout-normal\" data-fullscreen- data-track-element-type=\"Article image fullscreen\" data-track-name=\"ImageFullscreen\" decoding=\"async\" loading=\"lazy\" height=\"3648\" itemprop=\"image\"  src=\"https:\/\/www.europesays.com\/no\/wp-content\/uploads\/2025\/12\/94599fd8-51eb-4f87-90fe-4a0a856b7df1\"  style=\"object-position:0% 0%\" width=\"5472\"\/>Kunstsilo under \u00e5pningen i mai 2024   Foto: Tor Erik Schr\u00f8der \/ NTB<\/p>\n<p class=\"_paragraph_o9xde_4 _paragraph_xtcu6_10 layout-component text-serif-m layout-normal text-serif-m layout-padded\">Kunstsilo som i hovedsak huser oljefondsjef Nicolai Tangens omfattende kunstsamlingNicolai Tangens omfattende kunstsamlingTangen-samlingen \u2013 verdens st\u00f8rste samling av nordisk modernisme , var det eneste nordiske bidraget til \u00e5rets arkitekturkonkurranse, som er den 11. i rekken. Kun syv museer i hele verden var p\u00e5 den eksklusive listen over verdens vakreste.<\/p>\n<p class=\"_paragraph_o9xde_4 _paragraph_xtcu6_10 layout-component text-serif-m layout-normal text-serif-m layout-padded\"><strong class=\"_strong_o9xde_25\">Les ogs\u00e5:<\/strong> <a href=\"https:\/\/www.vg.no\/nyheter\/i\/gweX05\/kunstsilo-i-kristiansand-nominert-til-verdens-vakreste-museum\" data-track-element-type=\"Link\" data-track-id=\"link:gweX05\" class=\"_link_o9xde_39\" rel=\"nofollow noopener\" target=\"_blank\">Verdens vakreste?<\/a><\/p>\n<p class=\"_paragraph_o9xde_4 _paragraph_xtcu6_10 layout-component text-serif-m layout-normal text-serif-m layout-padded\">Kunstsilo \u00e5pnet i mai i fjor og ble fort bortskjemt med horder av internasjonal skryt og anerkjennelse. I tillegg har folk valfartet til museet. Bare fem m\u00e5neder etter \u00e5pningen n\u00e5dde Kunstsilo \u00e5rsm\u00e5let p\u00e5 antall bes\u00f8kende; 150 000.<\/p>\n<p class=\"_paragraph_o9xde_4 _paragraph_xtcu6_10 layout-component text-serif-m layout-normal text-serif-m layout-padded\"><a href=\"https:\/\/amp-cnn-com.cdn.ampproject.org\/c\/s\/amp.cnn.com\/cnn\/2024\/01\/10\/style\/new-buildings-architecture-2024\/index.html?utm_source=sdrn%3Avg%3Aarticle%3AMoK2RR\" class=\"_link_o9xde_39\" rel=\"nofollow noopener\" target=\"_blank\">CNN<\/a>\u00a0k\u00e5ret i fjor sommer museet til ett av verdens mest betydningsfulle nye arkitektoniske mesterverk i 2024.<a href=\"https:\/\/ft.pressreader.com\/article\/281951727637442?utm_source=sdrn%3Avg%3Aarticle%3AMoK2RR\" class=\"_link_o9xde_39\" rel=\"nofollow noopener\" target=\"_blank\">\u00a0Financial Times<\/a>\u00a0omtalte Kunstsilo som en av verdens fremste destinasjoner i 2024.<\/p>\n<p><img alt=\"STORSL\u00c5TT: Kunstsilo gj\u00f8r stort inntrykk p\u00e5 de bes\u00f8kende ogs\u00e5 p\u00e5 innsiden  Foto: Alan Williams \/ Kunstsilo.\" class=\"_image_qp4xg_65 layout-component layout-normal\" data-fullscreen- data-track-element-type=\"Article image fullscreen\" data-track-name=\"ImageFullscreen\" decoding=\"async\" loading=\"lazy\" height=\"2221\" itemprop=\"image\"  src=\"https:\/\/www.europesays.com\/no\/wp-content\/uploads\/2025\/12\/1eb7a4f7-65c0-4621-bcbd-7019b7a21c5a\"  style=\"object-position:0% 0%\" width=\"1782\"\/>STORSL\u00c5TT: Kunstsilo gj\u00f8r stort inntrykk p\u00e5 de bes\u00f8kende ogs\u00e5 p\u00e5 innsiden  Foto: Alan Williams \/ Kunstsilo.<\/p>\n<p class=\"_paragraph_o9xde_4 _paragraph_xtcu6_10 layout-component text-serif-m layout-normal text-serif-m layout-padded\">I v\u00e5r ble den gamle kornsiloen fra 1935 p\u00e5 Odder\u00f8ya i Kristiansand ble k\u00e5ret til\u00a0\u00c5rets bygg\u00a0i 2024.<\/p>\n<p class=\"_paragraph_o9xde_4 _paragraph_xtcu6_10 layout-component text-serif-m layout-normal text-serif-m layout-padded\">Det spanske arkitektforbundet (CSCAE) har tildelt den prestisjetunge spanske arkitekturprisen til Kunstsilo. Prisen er den h\u00f8yeste arkitektoniske anerkjennelsen i Spania.<\/p>\n<p class=\"_paragraph_o9xde_4 _paragraph_xtcu6_10 layout-component text-serif-m layout-normal text-serif-m layout-padded\">Kveldens h\u00f8ythengende pris, Prix Versailles, ogs\u00e5 omtalt som verdensarkitekturens \u00abOscar\u00bb \u2013 k\u00e5rer verdens mest nyskapende og visuelt fremragende nybygg<\/p>\n<p class=\"_paragraph_o9xde_4 _paragraph_xtcu6_10 layout-component text-serif-m layout-normal text-serif-m layout-padded\"><strong class=\"_strong_o9xde_25\">Les mer om kunstsilo og arkitekten bak<\/strong><a href=\"https:\/\/www.vg.no\/nyheter\/i\/MoK2RR\/ti-nybygg-som-skal-rocke-verden-i-2024-et-av-dem-er-norsk\" data-track-element-type=\"Link\" data-track-id=\"link:MoK2RR\" class=\"_link_o9xde_39\" rel=\"nofollow noopener\" target=\"_blank\"> her<\/a><\/p>\n<p><img alt=\"KUNSTINTERESSERT: Dronning Sonja bes\u00f8kte Kunstsilo i mai i \u00e5r.  Foto: Tor Erik Schr\u00f8der \/ NTB\" class=\"_image_qp4xg_65 layout-component layout-normal\" data-fullscreen- data-track-element-type=\"Article image fullscreen\" data-track-name=\"ImageFullscreen\" decoding=\"async\" loading=\"lazy\" height=\"3482\" itemprop=\"image\"  src=\"https:\/\/www.europesays.com\/no\/wp-content\/uploads\/2025\/12\/33b34e3c-d9c2-419e-bba3-a7bdd4fa5c8d\"  style=\"object-position:0% 0%\" width=\"5223\"\/>KUNSTINTERESSERT: Dronning Sonja bes\u00f8kte Kunstsilo i mai i \u00e5r.  Foto: Tor Erik Schr\u00f8der \/ NTB<\/p>\n<p class=\"_paragraph_o9xde_4 _paragraph_xtcu6_10 layout-component text-serif-m layout-normal text-serif-m layout-padded\">Verdensjuryen i Prix Versailles hyller innovasjon, kreativitet, lokal kulturarv, \u00f8kologisk effektivitet og verdier som sosial samhandling og deltakelse.<\/p>\n","protected":false},"excerpt":{"rendered":"Ingen over, ingen ved siden. Klodens vakreste museumsbygning er en ombygd kornsilo som ligger p\u00e5 S\u00f8rlandet. Foto: Alan&hellip;\n","protected":false},"author":2,"featured_media":104351,"comment_status":"","ping_status":"","sticky":false,"template":"","format":"standard","meta":{"footnotes":""},"categories":[10],"tags":[20,21,24,25,15,331,8359,22,23,9883,13,30,28,29,14,16,3140,26,27,8052],"class_list":{"0":"post-104350","1":"post","2":"type-post","3":"status-publish","4":"format-standard","5":"has-post-thumbnail","7":"category-norge","8":"tag-breaking-news","9":"tag-breakingnews","10":"tag-featured-news","11":"tag-featurednews","12":"tag-headlines","13":"tag-kristiansand","14":"tag-kunstsilo","15":"tag-latest-news","16":"tag-latestnews","17":"tag-museum","18":"tag-news","19":"tag-no","20":"tag-norge","21":"tag-norway","22":"tag-nyheter","23":"tag-overskrifter","24":"tag-paris","25":"tag-top-stories","26":"tag-topstories","27":"tag-unesco"},"share_on_mastodon":{"url":"https:\/\/pubeurope.com\/@no\/115662898251101458","error":""},"_links":{"self":[{"href":"https:\/\/www.europesays.com\/no\/wp-json\/wp\/v2\/posts\/104350","targetHints":{"allow":["GET"]}}],"collection":[{"href":"https:\/\/www.europesays.com\/no\/wp-json\/wp\/v2\/posts"}],"about":[{"href":"https:\/\/www.europesays.com\/no\/wp-json\/wp\/v2\/types\/post"}],"author":[{"embeddable":true,"href":"https:\/\/www.europesays.com\/no\/wp-json\/wp\/v2\/users\/2"}],"replies":[{"embeddable":true,"href":"https:\/\/www.europesays.com\/no\/wp-json\/wp\/v2\/comments?post=104350"}],"version-history":[{"count":0,"href":"https:\/\/www.europesays.com\/no\/wp-json\/wp\/v2\/posts\/104350\/revisions"}],"wp:featuredmedia":[{"embeddable":true,"href":"https:\/\/www.europesays.com\/no\/wp-json\/wp\/v2\/media\/104351"}],"wp:attachment":[{"href":"https:\/\/www.europesays.com\/no\/wp-json\/wp\/v2\/media?parent=104350"}],"wp:term":[{"taxonomy":"category","embeddable":true,"href":"https:\/\/www.europesays.com\/no\/wp-json\/wp\/v2\/categories?post=104350"},{"taxonomy":"post_tag","embeddable":true,"href":"https:\/\/www.europesays.com\/no\/wp-json\/wp\/v2\/tags?post=104350"}],"curies":[{"name":"wp","href":"https:\/\/api.w.org\/{rel}","templated":true}]}}