{"id":104354,"date":"2025-12-04T19:18:11","date_gmt":"2025-12-04T19:18:11","guid":{"rendered":"https:\/\/www.europesays.com\/no\/104354\/"},"modified":"2025-12-04T19:18:11","modified_gmt":"2025-12-04T19:18:11","slug":"karoline-kruger-om-livets-ekstreme-opplevelser-og-kjaerlighetssorg","status":"publish","type":"post","link":"https:\/\/www.europesays.com\/no\/104354\/","title":{"rendered":"Karoline Kr\u00fcger om livets ekstreme opplevelser og kj\u00e6rlighetssorg"},"content":{"rendered":"<p>  Karoline Kr\u00fcgers liv har blitt preget av flere hendelser som har gitt henne nytt perspektiv p\u00e5 livet &#8211; og d\u00f8den.\u00a0<\/p>\n<p>\n    \u00c6RLIG: De siste 15 \u00e5rene har bydd p\u00e5 flere utfordringer for sangeren fra Bergen. Allikevel er hun mindre redd enn f\u00f8r. Foto: Jan-Petter Dahl \/ TV 2\n  <\/p>\n<p>Karoline Kr\u00fcger (55) sang seg inn i hjertene til nordmenn landet rundt etter deltakelsen i Eurovision i 1988, der hun til slutt havnet p\u00e5 en femteplass.\u00a0<\/p>\n<p class=\"font-weight-bold m-font-weight-bold\" data-lab-font_weight=\"font-weight-bold\">Den gangen var hun bare 18 \u00e5r gammel.\u00a0<\/p>\n<p>    <a itemprop=\"url\" href=\"https:\/\/www.seher.no\/kjendis\/vi-ble-skikkelig-redde\/82369809\" rel=\"nofollow noopener\" target=\"_blank\"><\/p>\n<p>      <img loading=\"lazy\" decoding=\"async\" src=\"https:\/\/www.europesays.com\/no\/wp-content\/uploads\/2025\/12\/82358538.webp\" width=\"147\" height=\"98\" title=\"- Vi ble skikkelig redde\" alt=\"\" class=\"lazyload\" style=\"--aspect-ratio-image: 1.50; \"\/><\/p>\n<p>        &#8211; Vi ble skikkelig redde<\/p>\n<p>    <\/a><\/p>\n<p>Siden har hun blitt et kjent fjes p\u00e5 teaterscenen, blant annet som Donna i\u00a0 \u00abMamma Mia!\u00bb og som Florence i \u00abChess\u00bb, som begge ble satt opp p\u00e5 Folketeateret i Oslo.\u00a0<\/p>\n<p>          <img loading=\"lazy\" decoding=\"async\" src=\"https:\/\/www.europesays.com\/no\/wp-content\/uploads\/2025\/12\/83937770.webp\" width=\"686\" height=\"783\" title=\"HOVEDROLLEN: Karoline Kr\u00fcger spilte hovedrollen som Donna i musikalen \u00abMamma Mia!\u00bb. Her i kostyme etter premiereforestillingen. Foto: Andreas Fadum \/ Se og H\u00f8r\" alt=\"\" class=\"\" style=\"--aspect-ratio-image: 0.88; \"\/><\/p>\n<p>\n          HOVEDROLLEN: Karoline Kr\u00fcger spilte hovedrollen som Donna i musikalen \u00abMamma Mia!\u00bb. Her i kostyme etter premiereforestillingen. Foto: Andreas Fadum \/ Se og H\u00f8r\n      <\/p>\n<p>Hun spilte ogs\u00e5 den titul\u00e6re hovedrollen i oppsetningen av \u00abKristin Lavransdatter\u00bb i 2023, og ble hedret i \u00abHver gang vi m\u00f8tes\u00bb i 2022.\u00a0<\/p>\n<p> I kulissene har det imidlertid v\u00e6rt vanskelig for Kr\u00fcger. Flere st\u00f8rre hendelser har preget livet hennes de siste 15 \u00e5rene. <\/p>\n<p>        SKATTELISTENE: Hvem tjener egentlig mest i GUTTA \u2013 og hvem sjokkerer p\u00e5 skattelistene fra Skal vi danse? Her f\u00e5r du svaret. Reporter: Thea Hope \/ Silja Furset<\/p>\n<p>&#8211; Jeg kaller det \u00abekstremopplevelser\u00bb\t<\/p>\n<p>Kr\u00fcger kaller det \u00abekstremopplevelser\u00bb.\u00a0<\/p>\n<p class=\"font-weight-bold m-font-weight-bold\" data-lab-font_weight=\"font-weight-bold\">&#8211; Man aner fred og ingen fare det ene \u00f8yeblikket, og s\u00e5 plutselig, skjer det noe. En ulykke. En diagnose. Ekstremopplevelser, jeg kaller dem det, gj\u00f8r plutselig alt \u00adekstremt tydelig. Hva som er viktig blir veldig svart-hvitt, reflekterer hun i et nytt intervju med <a href=\"https:\/\/www.klikk.no\/underholdning\/karoline-kruger-endelig-hadde-jeg-skjont-hva-som-viktig-7580680\" rel=\"nofollow noopener\" target=\"_blank\">Hjemmet<\/a>.\u00a0<\/p>\n<p>I 2010 ble det oppdaget en ondartet svulst hos sangeren, og hun ble <a href=\"https:\/\/www.seher.no\/kjendis\/apner-opp-om-kreftsykdommen\/82822569\" rel=\"nofollow noopener\" target=\"_blank\">diagnosert med tarmkreft<\/a>.\u00a0\u00a0<\/p>\n<p>          <img loading=\"lazy\" decoding=\"async\" src=\"https:\/\/www.europesays.com\/no\/wp-content\/uploads\/2025\/12\/83937817.webp\" width=\"686\" height=\"920\" title=\"VOND TID: Karoline Kr\u00fcger fikk kreftdiagnosen i 2010. Her er hun avbildet \u00e5ret etter, p\u00e5 vei til prinsesse M\u00e4rtha-Louises 40-\u00e5rsdag sammen med Sigvart Dagsland. Foto: Erlend Aas \/ NTB\" alt=\"\" class=\"\" style=\"--aspect-ratio-image: 0.75; \"\/><\/p>\n<p>\n          VOND TID: Karoline Kr\u00fcger fikk kreftdiagnosen i 2010. Her er hun avbildet \u00e5ret etter, p\u00e5 vei til prinsesse M\u00e4rtha-Louises 40-\u00e5rsdag sammen med Sigvart Dagsland. Foto: Erlend Aas \/ NTB\n      <\/p>\n<p>\u00abEn svulst, og en er ondartet. L\u00f8pehjerte og fyrstikkbein. Alt svimmelt og samtidig krystallklart. Du ser helt utenfra et sted at akkurat der! tok livet en helt annen avsindig retning. Og akkurat i samme \u00f8yeblikk &#8211; hvor underlig er ikke verden skrudd sammen iblant &#8211; gikk flyalarmen. Som om hele Bergen S\u00f8r skrek av full hals\u00bb, skrev hun i sin faste spalte i Bergens Tidende.\u00a0<\/p>\n<p class=\"font-weight-bold m-font-weight-bold\" data-lab-font_weight=\"font-weight-bold\">Til Hjemmet forteller hun at sykdommen gjorde henne akutt bevisst p\u00e5 hva som var meningsfullt i livet hennes. Barna, ektemannen,\u00a0hjemmet og vennene.\u00a0\u00a0<\/p>\n<p>        OVER: Se og H\u00f8r erfarer at forholdet mellom prins Sverre Magnus og Amalie Gi\u00e6ver Macleod er over. Foto: NTB \/ Andreas Fadum \/ Se og H\u00f8r \/\/ Reporter og klipp: Elise Violeta Ness Aksnes<\/p>\n<p data-lab-font_weight=\"\">P\u00e5\u00a0 \u00e9n m\u00e5te gjorde det henne mindre redd for d\u00f8den, forteller hun.\u00a0<\/p>\n<p data-lab-font_weight=\"\"> &#8211; Selv om jeg ikke akkurat har h\u00e5ndhilst p\u00e5 d\u00f8den, har jeg vinket til ham p\u00e5 den andre siden av gaten, reflekterer hun.\u00a0<\/p>\n<p data-lab-font_weight=\"\">Da kreftbeskjeden kom i 2010 var de to d\u00f8trene hennes \u00e5tte og tolv \u00e5r gamle. Det har g\u00e5tt noen \u00e5r siden de flyttet ut, og tidligere i \u00e5r ble de begge ferdig p\u00e5 studiene.\u00a0<\/p>\n<p>          <img loading=\"lazy\" decoding=\"async\" src=\"https:\/\/www.europesays.com\/no\/wp-content\/uploads\/2025\/12\/83937758.webp\" width=\"686\" height=\"645\" title=\"MED D\u00d8TRENE: Karoline med d\u00f8trene Sophie (t.v.) og Emma. Begge ble ferdig utdannet tidligere i \u00e5r. Foto: Tore Skaar \/ Se og H\u00f8r\" alt=\"\" class=\"\" style=\"--aspect-ratio-image: 1.06; \"\/><\/p>\n<p>\n          MED D\u00d8TRENE: Karoline med d\u00f8trene Sophie (t.v.) og Emma. Begge ble ferdig utdannet tidligere i \u00e5r. Foto: Tore Skaar \/ Se og H\u00f8r\n      <\/p>\n<p data-lab-font_weight=\"\">Til tross for at det har g\u00e5tt noen \u00e5r erkjenner Kr\u00fcger at det hender hun f\u00f8ler p\u00e5 en type kj\u00e6rlighetssorg over at d\u00f8trene har forlatt redet.\u00a0<\/p>\n<p data-lab-font_weight=\"\">&#8211; For mange oppleves det at barna flytter ut som en slags kj\u00e6rlighetssorg. Og i likhet med \u00abvanlig\u00bb kj\u00e6rlighetssorg, finner man med tiden rom for det. Men s\u00e5, plutselig, kan det komme helt uanmeldt tilbake. <\/p>\n<p>        SPREKKER: I l\u00f8rdagens episode av \u00abHver gang vi m\u00f8tes\u00bb g\u00e5r det galt da Karoline Kr\u00fcger fremf\u00f8rer en av Isahs l\u00e5ter med et spektakul\u00e6rt pyro-show i bakgrunnen. Video: TV 2<\/p>\n<p>Hyller ektemannen:\u00a0\t<\/p>\n<p data-lab-font_weight=\"\"> I 2023 kunne Kr\u00fcger og ektemannen Sigvart Dagsland (61)\u00a0 feire 30 \u00e5rs ekteskap.\u00a0<\/p>\n<p data-lab-font_weight=\"\"> Hun har tidligere fortalt p\u00e5 God Morgen Norge at hun kan kjenne igjen enkelte deler av ekteskapet til rollefiguren \u00abKristin Lavransdatter\u00bb i<a href=\"https:\/\/www.seher.no\/kjendis\/roper-detaljer-om-ekteskapet\/80079609\" rel=\"nofollow noopener\" target=\"_blank\"> sitt eget ekteskap<\/a>. <\/p>\n<p>          <img loading=\"lazy\" decoding=\"async\" src=\"https:\/\/www.europesays.com\/no\/wp-content\/uploads\/2025\/12\/80079530.webp\" width=\"686\" height=\"858\" title=\"TILBAKEBLIKK: Karoline Kr\u00fcger og Sigvardt Dagsland gifter seg i \u00c5rstad Kirke i Bergen i 1993. Foto: Aleksander Nordahl \/ NTB\" alt=\"\" class=\"\" style=\"--aspect-ratio-image: 0.80; \"\/><\/p>\n<p>\n          TILBAKEBLIKK: Karoline Kr\u00fcger og Sigvardt Dagsland gifter seg i \u00c5rstad Kirke i Bergen i 1993. Foto: Aleksander Nordahl \/ NTB\n      <\/p>\n<p data-lab-font_weight=\"\"> &#8211; Jeg tror alle kan kjenne n\u00e5r det koker. De helt universelle kampene man har, det tror jeg man kjenner igjen, og la til:\u00a0<\/p>\n<p>    <a itemprop=\"url\" href=\"https:\/\/www.seher.no\/kjendis\/overraskes-av-ektemannen\/78398048\" rel=\"nofollow noopener\" target=\"_blank\"><\/p>\n<p>      <img loading=\"lazy\" decoding=\"async\" src=\"https:\/\/www.europesays.com\/no\/wp-content\/uploads\/2025\/12\/78398448.webp\" width=\"980\" height=\"441\" title=\"R\u00f8rt til t\u00e5rer av ektemannen\" alt=\"\" class=\"lazyload\" style=\"--aspect-ratio-image: 2.22; \"\/><\/p>\n<p>        R\u00f8rt til t\u00e5rer av ektemannen<\/p>\n<p>    <\/a><\/p>\n<p data-lab-font_weight=\"\"> &#8211; Jeg tror mye i livet handler om bestemmelser. Det handler om \u00e5 bestemme seg for at jeg vil virkelig ha et ekteskap som er rikt og inspirerende. For oss er det at vi har respekt, vi ler mye.\u00a0<\/p>\n<p>          <img loading=\"lazy\" decoding=\"async\" src=\"https:\/\/www.europesays.com\/no\/wp-content\/uploads\/2025\/12\/83937737.webp\" width=\"686\" height=\"810\" title=\"32 \u00c5R: I \u00e5r feirer Karoline og Sigvardt 32 \u00e5r som rette ektefolk. Hemmeligheten er blant annet mye latter, r\u00f8per sangeren. Foto: Andreas Fadum \/ Se og H\u00f8r\" alt=\"\" class=\"\" style=\"--aspect-ratio-image: 0.85; \"\/><\/p>\n<p>\n          32 \u00c5R: I \u00e5r feirer Karoline og Sigvardt 32 \u00e5r som rette ektefolk. Hemmeligheten er blant annet mye latter, r\u00f8per sangeren. Foto: Andreas Fadum \/ Se og H\u00f8r\n      <\/p>\n<p data-lab-font_weight=\"\">At Kr\u00fcger og Dagsland i det hele tatt skulle ha mulighet til \u00e5 feire 30 \u00e5r som gift, er ingen selvf\u00f8lge. I 2018 havnet sistnevnte i en stygg bilulykke, der han\u00a0<a href=\"https:\/\/www.seher.no\/kjendis\/jeg-tenkte-kan-jeg-ga-igjen-blir-jeg-lykkelig\/69560438\" rel=\"nofollow noopener\" target=\"_blank\">ble alvorlig skadet<\/a>. <\/p>\n<p>&#8211; Jeg tenkte: \u00abKan jeg g\u00e5 igjen, blir jeg lykkelig\u00bb, sa han om opplevelsen i etterkant.\u00a0<\/p>\n<p class=\"italic m-italic\" data-lab-italic=\"italic\">Se og H\u00f8r har tatt kontakt med Karoline Kr\u00fcger i forbindelse med denne saken, forel\u00f8pig uten svar.\u00a0<\/p>\n","protected":false},"excerpt":{"rendered":"Karoline Kr\u00fcgers liv har blitt preget av flere hendelser som har gitt henne nytt perspektiv p\u00e5 livet &#8211;&hellip;\n","protected":false},"author":2,"featured_media":104355,"comment_status":"","ping_status":"","sticky":false,"template":"","format":"standard","meta":{"footnotes":""},"categories":[58],"tags":[71,13107,479,2543,30,28,29,13108,6763,72],"class_list":{"0":"post-104354","1":"post","2":"type-post","3":"status-publish","4":"format-standard","5":"has-post-thumbnail","7":"category-underholdning","8":"tag-entertainment","9":"tag-karoline-kruger","10":"tag-kjendis","11":"tag-kjendisdesken","12":"tag-no","13":"tag-norge","14":"tag-norway","15":"tag-sigvart-dagsland","16":"tag-tarmkreft","17":"tag-underholdning"},"share_on_mastodon":{"url":"https:\/\/pubeurope.com\/@no\/115662914078871570","error":""},"_links":{"self":[{"href":"https:\/\/www.europesays.com\/no\/wp-json\/wp\/v2\/posts\/104354","targetHints":{"allow":["GET"]}}],"collection":[{"href":"https:\/\/www.europesays.com\/no\/wp-json\/wp\/v2\/posts"}],"about":[{"href":"https:\/\/www.europesays.com\/no\/wp-json\/wp\/v2\/types\/post"}],"author":[{"embeddable":true,"href":"https:\/\/www.europesays.com\/no\/wp-json\/wp\/v2\/users\/2"}],"replies":[{"embeddable":true,"href":"https:\/\/www.europesays.com\/no\/wp-json\/wp\/v2\/comments?post=104354"}],"version-history":[{"count":0,"href":"https:\/\/www.europesays.com\/no\/wp-json\/wp\/v2\/posts\/104354\/revisions"}],"wp:featuredmedia":[{"embeddable":true,"href":"https:\/\/www.europesays.com\/no\/wp-json\/wp\/v2\/media\/104355"}],"wp:attachment":[{"href":"https:\/\/www.europesays.com\/no\/wp-json\/wp\/v2\/media?parent=104354"}],"wp:term":[{"taxonomy":"category","embeddable":true,"href":"https:\/\/www.europesays.com\/no\/wp-json\/wp\/v2\/categories?post=104354"},{"taxonomy":"post_tag","embeddable":true,"href":"https:\/\/www.europesays.com\/no\/wp-json\/wp\/v2\/tags?post=104354"}],"curies":[{"name":"wp","href":"https:\/\/api.w.org\/{rel}","templated":true}]}}