{"id":104360,"date":"2025-12-04T19:26:46","date_gmt":"2025-12-04T19:26:46","guid":{"rendered":"https:\/\/www.europesays.com\/no\/104360\/"},"modified":"2025-12-04T19:26:46","modified_gmt":"2025-12-04T19:26:46","slug":"frisyrene-som-vil-dominere-i-2026","status":"publish","type":"post","link":"https:\/\/www.europesays.com\/no\/104360\/","title":{"rendered":"Frisyrene som vil dominere i 2026"},"content":{"rendered":"<p class=\"kicker \" style=\"\">H\u00e5rtrender:<\/p>\n<p>  Her er de hotteste frisyrene og klippene for det nye \u00e5ret!<\/p>\n<p>\n    H\u00c5RTRENDER: Hvilke frisyrer vil dominere neste \u00e5r? Vi har svaret. FOTO: NTB\n  <\/p>\n<p>Trender kommer og g\u00e5r, og ikke minst n\u00e5r det gjelder frisyrer. I 2026 trenger du ikke f\u00f8le at du m\u00e5 velge, for det finnes en frisyre for alle. Uansett om du liker kort, langt eller midt imellom, vil du kunne finne h\u00e5rinspirasjon f\u00f8r du g\u00e5r til fris\u00f8ren.<\/p>\n<p>Her er \u00e5rets kommende, mest trendy frisyrer, som jevnlig har dukket opp b\u00e5de hos kjendiser og p\u00e5 motevisninger verden over!<\/p>\n<p>    <a itemprop=\"url\" href=\"https:\/\/www.kk.no\/mote\/denne-kjedelige-frisyren-skal-alle-ha-na-1\/83706938\" rel=\"nofollow noopener\" target=\"_blank\"><\/p>\n<p>      <img loading=\"lazy\" decoding=\"async\" src=\"https:\/\/www.europesays.com\/no\/wp-content\/uploads\/2025\/12\/83706958.webp\" width=\"980\" height=\"441\" title=\"Denne \u00abkjedelige\u00bb frisyren skal alle ha n\u00e5\" alt=\"\" class=\"lazyload\" style=\"--aspect-ratio-image: 2.22; \"\/><\/p>\n<p>        Denne \u00abkjedelige\u00bb frisyren skal alle ha n\u00e5<\/p>\n<p>    <\/a><\/p>\n<p>Den korte boben\t<\/p>\n<p>Liker du \u00e5 ha h\u00e5ret klippet i en bob? Da er 2026 \u00e5ret du kanskje skal v\u00e5ge \u00e5 klippe den litt kortere enn vanlig! En kort bob som slutter rundt kjeven snarere enn ned mot skuldrene er skikkelig trendy, gjerne med en avslappet styling og uten for skarpe kontraster.<\/p>\n<p>\u2013 N\u00e5r jeg legger til tekstur i en solid bob-base f\u00e5r du denne herlige, myke bevegelsen i tuppene uten at de f\u00f8les tynne. Det er moderne, det er avslappet, det er alt, sier fris\u00f8ren John Pulitano til <a href=\"https:\/\/www.vogue.com.au\/beauty\/trends\/hair-cut-colour-trends-2026\/image-gallery\/a2cb701d00b9c0cf17e1cb4a3a335925\" rel=\"nofollow noopener\" target=\"_blank\">Vogue<\/a>.<\/p>\n<p>    <a itemprop=\"url\" href=\"https:\/\/www.kk.no\/underholdning\/det-er-bare-a-ta-med-dette-bildet-til-frisoren\/83852274\" rel=\"nofollow noopener\" target=\"_blank\"><\/p>\n<p>      <img loading=\"lazy\" decoding=\"async\" src=\"https:\/\/www.europesays.com\/no\/wp-content\/uploads\/2025\/12\/83863782.webp\" width=\"980\" height=\"441\" title=\"- Det er bare \u00e5 ta med dette bildet til fris\u00f8ren!\" alt=\"\" class=\"lazyload\" style=\"--aspect-ratio-image: 2.22; \"\/><\/p>\n<p>        &#8211; Det er bare \u00e5 ta med dette bildet til fris\u00f8ren!<\/p>\n<p>    <\/a><\/p>\n<p>        KK-GALLAEN: Se intervjuer og bilder fra stjernespekkede KK-gallaen 2025. Video: Aller media<\/p>\n<p>          <img loading=\"lazy\" decoding=\"async\" src=\"https:\/\/www.europesays.com\/no\/wp-content\/uploads\/2025\/12\/83933087.webp\" width=\"686\" height=\"392\" title=\"Lily Collins er kjent for sin korte bob. FOTO: NTB\" alt=\"\" class=\"\" style=\"--aspect-ratio-image: 1.75; \"\/><\/p>\n<p>\n          Lily Collins er kjent for sin korte bob. FOTO: NTB\n      <\/p>\n<p>Det bohemske h\u00e5ret\t<\/p>\n<p>\u00c9n trend har g\u00e5tt igjen p\u00e5 v\u00e5r- og sommervisningene for 2026 \u2013 det avslappet bohemske h\u00e5rfallet. P\u00e5 Roberto Cavallis v\u00e5rvisning hadde modellene langt, b\u00f8lgete og naturlig frizzy h\u00e5r, langt fra de tilrettelagte Hollywood-kr\u00f8llene. Ogs\u00e5 hos Michael Kors var den naturlige teksturen og de rufsete kr\u00f8llene til stede. Tenk langt og naturlig, som en glad hippie p\u00e5 70-tallet \u2013 avslappet og lett \u00e5 ta vare p\u00e5!<\/p>\n<p>          <img loading=\"lazy\" decoding=\"async\" src=\"https:\/\/www.europesays.com\/no\/wp-content\/uploads\/2025\/12\/83933155.webp\" width=\"686\" height=\"446\" title=\"Bohemske h\u00e5rfrisyrer vil komme enda mer i 2026. FOTO: NTB\" alt=\"\" class=\"\" style=\"--aspect-ratio-image: 1.54; \"\/><\/p>\n<p>\n          Bohemske h\u00e5rfrisyrer vil komme enda mer i 2026. FOTO: NTB\n      <\/p>\n<p>Bixie-frisyren\t<\/p>\n<p>Mellom en klassisk pixie og en bob finner vi bixie-frisyren! Bixien ble trendy allerede i 2025 og holder p\u00e5 populariteten videre i 2026. Den korte frisyren er for alltid forbundet med 90-tallets Winona Ryder, men har n\u00e5 blitt tatt over av stjerner som Tyla og Florence Pugh. Et perfekt valg for deg som vil ha kort h\u00e5r uten at det f\u00f8les kjedelig.<\/p>\n<p>    <a itemprop=\"url\" href=\"https:\/\/www.kk.no\/mote\/box-bob-er-frisyren-alle-vil-ha-na-1\/83727811\" rel=\"nofollow noopener\" target=\"_blank\"><\/p>\n<p>      <img loading=\"lazy\" decoding=\"async\" src=\"https:\/\/www.europesays.com\/no\/wp-content\/uploads\/2025\/12\/83727915.webp\" width=\"980\" height=\"441\" title=\"\u00abBox bob\u00bb er frisyren alle vil ha n\u00e5\" alt=\"\" class=\"lazyload\" style=\"--aspect-ratio-image: 2.22; \"\/><\/p>\n<p>        \u00abBox bob\u00bb er frisyren alle vil ha n\u00e5<\/p>\n<p>    <\/a><\/p>\n<p>    <a itemprop=\"url\" href=\"https:\/\/www.kk.no\/mote\/denne-lengden-treffer-helt-riktig\/83531923\" rel=\"nofollow noopener\" target=\"_blank\"><\/p>\n<p>      <img loading=\"lazy\" decoding=\"async\" src=\"https:\/\/www.europesays.com\/no\/wp-content\/uploads\/2025\/12\/83536002.webp\" width=\"980\" height=\"441\" title=\"\u2013 Denne lengden treffer helt riktig\" alt=\"\" class=\"lazyload\" style=\"--aspect-ratio-image: 2.22; \"\/><\/p>\n<p>        \u2013 Denne lengden treffer helt riktig <\/p>\n<p>    <\/a><\/p>\n<p>          <img loading=\"lazy\" decoding=\"async\" src=\"https:\/\/www.europesays.com\/no\/wp-content\/uploads\/2025\/12\/83933175.webp\" width=\"980\" height=\"559\" title=\"Tyla under Met Gallaen. FOTO: NTB\" alt=\"\" class=\"\" style=\"--aspect-ratio-image: 1.75; \"\/><\/p>\n<p>\n          Tyla under Met Gallaen. FOTO: NTB\n      <\/p>\n<p>F\u00f8net deluxe\t<\/p>\n<p>De glansfulle, f\u00f8nede lokkene ble et verdensfenomen med svenske Matilda Djerf, og har siden fortsatt \u00e5 dominere med stjerner som Kaia Gerber og Sabrina Carpenter. Tenk h\u00e5ret til en klassisk supermodell fra 90-tallet \u2013 volum, bevegelse og luftige kr\u00f8ller!<\/p>\n<p>    <a itemprop=\"url\" href=\"https:\/\/www.kk.no\/mote\/na-vil-alle-ha-denne-harfrisyren\/81938975\" rel=\"nofollow noopener\" target=\"_blank\"><\/p>\n<p>      <img loading=\"lazy\" decoding=\"async\" src=\"https:\/\/www.europesays.com\/no\/wp-content\/uploads\/2025\/12\/81979522.webp\" width=\"980\" height=\"441\" title=\"N\u00e5 vil \u00aballe\u00bb ha denne h\u00e5rfrisyren\" alt=\"\" class=\"lazyload\" style=\"--aspect-ratio-image: 2.22; \"\/><\/p>\n<p>        N\u00e5 vil \u00aballe\u00bb ha denne h\u00e5rfrisyren<\/p>\n<p>    <\/a><\/p>\n<p>          <img loading=\"lazy\" decoding=\"async\" src=\"https:\/\/www.europesays.com\/no\/wp-content\/uploads\/2025\/12\/83933223.webp\" width=\"980\" height=\"559\" title=\"H\u00e5ret til Sabrina Carpenter vil folk fortsatt ha i 2026. FOTO: NTB\" alt=\"\" class=\"\" style=\"--aspect-ratio-image: 1.75; \"\/><\/p>\n<p>\n          H\u00e5ret til Sabrina Carpenter vil folk fortsatt ha i 2026. FOTO: NTB\n      <\/p>\n<p>Sideskill og skr\u00e5lugg\t<\/p>\n<p>Etter flere \u00e5r med ulike varianter av gardinluggen, er favoritten fra 00-tallet tilbake, nemlig skr\u00e5luggen. P\u00e5 Tory Burch-visningen s\u00e5 vi lett rufsete sideskill, b\u00e5de til korte og lange frisyrer. Generelt ser vi at sideskillen er tilbake, enten du vil ha lugg eller ikke.<\/p>\n<p>    <a itemprop=\"url\" href=\"https:\/\/www.kk.no\/mote\/hostens-hotteste-harfarger\/83584615\" rel=\"nofollow noopener\" target=\"_blank\"><\/p>\n<p>      <img loading=\"lazy\" decoding=\"async\" src=\"https:\/\/www.europesays.com\/no\/wp-content\/uploads\/2025\/12\/83727009.webp\" width=\"980\" height=\"441\" title=\"H\u00e5rfargene vi \u00f8nsker oss n\u00e5\" alt=\"\" class=\"lazyload\" style=\"--aspect-ratio-image: 2.22; \"\/><\/p>\n<p>        H\u00e5rfargene vi \u00f8nsker oss n\u00e5<\/p>\n<p>    <\/a><\/p>\n<p>    <a itemprop=\"url\" href=\"https:\/\/www.kk.no\/mote\/na-er-denne-frisyren-tilbake-1\/82523662\" rel=\"nofollow noopener\" target=\"_blank\"><\/p>\n<p>      <img loading=\"lazy\" decoding=\"async\" src=\"https:\/\/www.europesays.com\/no\/wp-content\/uploads\/2025\/12\/82523849.webp\" width=\"980\" height=\"441\" title=\"N\u00e5 er denne frisyren tilbake!\" alt=\"\" class=\"lazyload\" style=\"--aspect-ratio-image: 2.22; \"\/><\/p>\n<p>        N\u00e5 er denne frisyren tilbake!<\/p>\n<p>    <\/a><\/p>\n<p>Denne saken ble f\u00f8rst publisert hos <a href=\"https:\/\/www.femina.se\/skonhet\/har-ar-frisyrerna-som-ar-trendigast-2026\/11136805\" rel=\"nofollow noopener\" target=\"_blank\">Femina<\/a>, som ogs\u00e5 eies av Aller Media.<\/p>\n","protected":false},"excerpt":{"rendered":"H\u00e5rtrender: Her er de hotteste frisyrene og klippene for det nye \u00e5ret! H\u00c5RTRENDER: Hvilke frisyrer vil dominere neste&hellip;\n","protected":false},"author":2,"featured_media":104361,"comment_status":"","ping_status":"","sticky":false,"template":"","format":"standard","meta":{"footnotes":""},"categories":[58],"tags":[71,9461,7822,13109,4024,30,28,29,72],"class_list":{"0":"post-104360","1":"post","2":"type-post","3":"status-publish","4":"format-standard","5":"has-post-thumbnail","7":"category-underholdning","8":"tag-entertainment","9":"tag-frisyrer","10":"tag-harfrisyre","11":"tag-hartrender","12":"tag-mote","13":"tag-no","14":"tag-norge","15":"tag-norway","16":"tag-underholdning"},"share_on_mastodon":{"url":"https:\/\/pubeurope.com\/@no\/115662945783097751","error":""},"_links":{"self":[{"href":"https:\/\/www.europesays.com\/no\/wp-json\/wp\/v2\/posts\/104360","targetHints":{"allow":["GET"]}}],"collection":[{"href":"https:\/\/www.europesays.com\/no\/wp-json\/wp\/v2\/posts"}],"about":[{"href":"https:\/\/www.europesays.com\/no\/wp-json\/wp\/v2\/types\/post"}],"author":[{"embeddable":true,"href":"https:\/\/www.europesays.com\/no\/wp-json\/wp\/v2\/users\/2"}],"replies":[{"embeddable":true,"href":"https:\/\/www.europesays.com\/no\/wp-json\/wp\/v2\/comments?post=104360"}],"version-history":[{"count":0,"href":"https:\/\/www.europesays.com\/no\/wp-json\/wp\/v2\/posts\/104360\/revisions"}],"wp:featuredmedia":[{"embeddable":true,"href":"https:\/\/www.europesays.com\/no\/wp-json\/wp\/v2\/media\/104361"}],"wp:attachment":[{"href":"https:\/\/www.europesays.com\/no\/wp-json\/wp\/v2\/media?parent=104360"}],"wp:term":[{"taxonomy":"category","embeddable":true,"href":"https:\/\/www.europesays.com\/no\/wp-json\/wp\/v2\/categories?post=104360"},{"taxonomy":"post_tag","embeddable":true,"href":"https:\/\/www.europesays.com\/no\/wp-json\/wp\/v2\/tags?post=104360"}],"curies":[{"name":"wp","href":"https:\/\/api.w.org\/{rel}","templated":true}]}}