{"id":104370,"date":"2025-12-04T19:39:15","date_gmt":"2025-12-04T19:39:15","guid":{"rendered":"https:\/\/www.europesays.com\/no\/104370\/"},"modified":"2025-12-04T19:39:15","modified_gmt":"2025-12-04T19:39:15","slug":"babylykke-for-aron-bizet-donnum-og-celin-bizet-donnum","status":"publish","type":"post","link":"https:\/\/www.europesays.com\/no\/104370\/","title":{"rendered":"Babylykke for Aron Bizet D\u00f8nnum og Celin Bizet D\u00f8nnum"},"content":{"rendered":"<p><a href=\"https:\/\/www.instagram.com\/p\/DR2WGxHjANI\/?img_index=2\" style=\"letter-spacing: 0.01em;\" rel=\"nofollow noopener\" target=\"_blank\">I et felles innlegg bekrefter n\u00e5 ekteparet at en baby er p\u00e5 vei.<\/a><\/p>\n<p>        <img class=\"image__img lazyload\" itemprop=\"image\" title=\"Foto: Skjermbilde Instagram\/@celinbizet\/@aaron.donnum\" alt=\"Slik annonserte ekteparet gladnyheten. Foto: Skjermbilde Instagram\/@celinbizet\/@aaron.donnum\" width=\"675\" height=\"1040\" bad-src=\"https:\/\/www.europesays.com\/no\/wp-content\/uploads\/2025\/12\/18353274.webp\" fetchpriority=\"auto\" \/><\/p>\n<p>      Slik annonserte ekteparet gladnyheten.<br \/>\n         Foto: Skjermbilde Instagram\/@celinbizet\/@aaron.donnum<\/p>\n<p>I sommer giftet de seg ved Como-sj\u00f8en i Italia, etter at D\u00f8nnum i 2022 hadde g\u00e5tt ned p\u00e5 kne under en kamp for Standard-Li\u00e8ge.<\/p>\n<p>Timingen kan ogs\u00e5 v\u00e6re god for kona, ettersom VM i Brasil spilles i 2027.<\/p>\n<p>Celin spiller for tiden i Manchester United, mens ektemannen Aron befinner seg i franske Toulouse.\u00a0<\/p>\n<p>        <img class=\"image__img lazyload\" itemprop=\"image\" title=\"Foto: Terje Bendiksby \/ NTB\" alt=\"Aron Bizet D\u00f8nnum, her under feiringen p\u00e5 Carls i Oslo etter at VM-plassen var sikret dagen f\u00f8r. Foto: Terje Bendiksby \/ NTB\" width=\"675\" height=\"379\" bad-src=\"https:\/\/www.europesays.com\/no\/wp-content\/uploads\/2025\/12\/18299605.webp\" fetchpriority=\"auto\" \/><\/p>\n<p>      Aron Bizet D\u00f8nnum, her under feiringen p\u00e5 Carls i Oslo etter at VM-plassen var sikret dagen f\u00f8r.<br \/>\n         Foto: Terje Bendiksby \/ NTB<\/p>\n<p>United-trener Marc Skinner gleder seg over nyheten.<\/p>\n<p>\u2013 Vi \u00f8nsker henne alle lykke til n\u00e5r hun setter i gang med den viktigste reisen, som er morsrollen. Alle her er superglade p\u00e5 hennes vegne, og vi \u00f8nsker dem god helse og all lykke, sier Skinner til\u00a0<a href=\"https:\/\/www.manutd.com\/en\/news\/detail\/united-women-star-celin-bizet-donnum-announces-pregnancy?utm_source=sdrn%3Avg%3Aarticle%3AbOKnje\" rel=\"nofollow noopener\" target=\"_blank\">United.com.<\/a><\/p>\n<p>\u2013 Jeg gleder meg p\u00e5 vegne av Celin og dette nye kapittelet hun n\u00e5 skal omfavne. Jeg vet at hun kommer til \u00e5 bli en fantastisk mamma, for hun er en utrolig person. Hun har meg selv og hele laget med seg gjennom denne reisen, og jeg gleder meg til at Romi skal f\u00e5 en liten venn ogs\u00e5, sier lagvennine Hannah Blundell, som selv er nybakt mor.<\/p>\n<p>I november kvalifiserte Aron Bizet D\u00f8nnum seg til VM med landslaget.<\/p>\n<p>I feiringen p\u00e5 r\u00e5dhusplassen i Oslo inntok han selv hovedrollen som showmann:<\/p>\n<p><script async src=\"\/\/www.instagram.com\/embed.js\"><\/script><\/p>\n","protected":false},"excerpt":{"rendered":"I et felles innlegg bekrefter n\u00e5 ekteparet at en baby er p\u00e5 vei. Slik annonserte ekteparet gladnyheten. Foto:&hellip;\n","protected":false},"author":2,"featured_media":104371,"comment_status":"","ping_status":"","sticky":false,"template":"","format":"standard","meta":{"footnotes":""},"categories":[59],"tags":[30,28,29,83,82],"class_list":{"0":"post-104370","1":"post","2":"type-post","3":"status-publish","4":"format-standard","5":"has-post-thumbnail","7":"category-sport","8":"tag-no","9":"tag-norge","10":"tag-norway","11":"tag-sport","12":"tag-sports"},"share_on_mastodon":{"url":"https:\/\/pubeurope.com\/@no\/115662996534257802","error":""},"_links":{"self":[{"href":"https:\/\/www.europesays.com\/no\/wp-json\/wp\/v2\/posts\/104370","targetHints":{"allow":["GET"]}}],"collection":[{"href":"https:\/\/www.europesays.com\/no\/wp-json\/wp\/v2\/posts"}],"about":[{"href":"https:\/\/www.europesays.com\/no\/wp-json\/wp\/v2\/types\/post"}],"author":[{"embeddable":true,"href":"https:\/\/www.europesays.com\/no\/wp-json\/wp\/v2\/users\/2"}],"replies":[{"embeddable":true,"href":"https:\/\/www.europesays.com\/no\/wp-json\/wp\/v2\/comments?post=104370"}],"version-history":[{"count":0,"href":"https:\/\/www.europesays.com\/no\/wp-json\/wp\/v2\/posts\/104370\/revisions"}],"wp:featuredmedia":[{"embeddable":true,"href":"https:\/\/www.europesays.com\/no\/wp-json\/wp\/v2\/media\/104371"}],"wp:attachment":[{"href":"https:\/\/www.europesays.com\/no\/wp-json\/wp\/v2\/media?parent=104370"}],"wp:term":[{"taxonomy":"category","embeddable":true,"href":"https:\/\/www.europesays.com\/no\/wp-json\/wp\/v2\/categories?post=104370"},{"taxonomy":"post_tag","embeddable":true,"href":"https:\/\/www.europesays.com\/no\/wp-json\/wp\/v2\/tags?post=104370"}],"curies":[{"name":"wp","href":"https:\/\/api.w.org\/{rel}","templated":true}]}}