{"id":104374,"date":"2025-12-04T19:45:14","date_gmt":"2025-12-04T19:45:14","guid":{"rendered":"https:\/\/www.europesays.com\/no\/104374\/"},"modified":"2025-12-04T19:45:14","modified_gmt":"2025-12-04T19:45:14","slug":"vekter-angrepet-av-fire-ungdommer-i-stavanger","status":"publish","type":"post","link":"https:\/\/www.europesays.com\/no\/104374\/","title":{"rendered":"Vekter angrepet av fire ungdommer i Stavanger"},"content":{"rendered":"\n<p class=\"_lead_o9xde_2 _lead_xtcu6_50 layout-component text-serif-m layout-normal text-serif-l layout-component layout-wide layout-padded _wide_17hqh_1 layout-padded\">Ble sl\u00e5tt i ansiktet og sparket i hodet.<\/p>\n<ul aria-hidden=\"true\" class=\"_images_1uft6_111\">\n<li><a class=\"_link_1uft6_116\" href=\"https:\/\/www.vg.no\/forfatter\/einar-torkelsen\" style=\"z-index:2\" title=\"Einar Torkelsen\" rel=\"nofollow noopener\" target=\"_blank\"><img alt=\"Bilde av Einar Torkelsen\" class=\"_image_1uft6_93\" fetchpriority=\"low\" loading=\"lazy\" decoding=\"async\" itemprop=\"image\"  src=\"https:\/\/www.europesays.com\/no\/wp-content\/uploads\/2025\/12\/1764877511_66_f6016772-ddbc-43d2-b733-41afc7cc9046\"  width=\"480\"\/><\/a><\/li>\n<li><a class=\"_link_1uft6_116\" href=\"https:\/\/www.vg.no\/forfatter\/hanne-kretuz-hansen\" style=\"z-index:1\" title=\"Hanne Kreutz-Hansen\" rel=\"nofollow noopener\" target=\"_blank\"><img alt=\"Bilde av Hanne Kreutz-Hansen\" class=\"_image_1uft6_93\" fetchpriority=\"low\" loading=\"lazy\" decoding=\"async\" itemprop=\"image\"  src=\"https:\/\/www.europesays.com\/no\/wp-content\/uploads\/2025\/12\/1764877512_196_91499188-43f5-43fa-b038-5716eac94ffb\"  width=\"480\"\/><\/a><\/li>\n<\/ul>\n<p> Oppdatert torsdag 4. desember kl. 20:40     <\/p>\n<p class=\"_paragraph_o9xde_4 _paragraph_xtcu6_10 layout-component text-serif-m layout-normal text-serif-m layout-padded\">Politiet melder at de er p\u00e5 vei til en voldshendelse i Stavanger.<\/p>\n<p class=\"_paragraph_o9xde_4 _paragraph_xtcu6_10 layout-component text-serif-m layout-normal text-serif-m layout-padded\">\u2013 I forbindelse med en billettkontroll ble en vekter angrepet av fire ungdommer. Vekteren skal ha blitt sl\u00e5tt i ansiktet og sparket i hodet, skriver operasjonsleder Victor Fenne-Jensen i Politiloggen.<\/p>\n<p class=\"_paragraph_o9xde_4 _paragraph_xtcu6_10 layout-component text-serif-m layout-normal text-serif-m layout-padded\">Han opplyser til VG at vekteren er bevisst.<\/p>\n<p class=\"_paragraph_o9xde_4 _paragraph_xtcu6_10 layout-component text-serif-m layout-normal text-serif-m layout-padded\">\u2013 Det var en mannlig og en kvinnelig vekter som gjennomf\u00f8rte kontrollen p\u00e5 en buss. Den mannlige vekteren ble angrepet. Det oppsto en sl\u00e5sskamp og fire unge gutter stakk fra bussen, sier operasjonslederen. <\/p>\n<p class=\"_paragraph_o9xde_4 _paragraph_xtcu6_10 layout-component text-serif-m layout-normal text-serif-m layout-padded\">Politiet s\u00f8kte etter ungdommene med hundepatrulje.<\/p>\n<p class=\"_paragraph_o9xde_4 _paragraph_xtcu6_10 layout-component text-serif-m layout-normal text-serif-m layout-padded\">\u2013 Politiet er i kontakt med fire ungdommer som knytter seg selv til hendelsen, skriver Fenne-Jensen klokken 20.36.<\/p>\n<p class=\"_paragraph_o9xde_4 _paragraph_xtcu6_10 layout-component text-serif-m layout-normal text-serif-m layout-padded\">Politiet gjennomf\u00f8rer avh\u00f8r av vekteren og en kollega.<\/p>\n<p class=\"_paragraph_o9xde_4 _paragraph_xtcu6_10 layout-component text-serif-m layout-normal text-serif-m layout-padded\">\u2013 Den forn\u00e6rmede vekteren vil bli fraktet til legevakt for sjekk\/behandling etter hvert, skriver Fenne-Jensen.<\/p>\n<p class=\"_paragraph_o9xde_4 _paragraph_xtcu6_10 layout-component text-serif-m layout-normal text-serif-m layout-padded\">Politiet henter inn videooverv\u00e5kning fra bussen. <\/p>\n<p>    <img decoding=\"async\" alt=\"Tips oss illustrasjon\" src=\"https:\/\/www.europesays.com\/no\/wp-content\/uploads\/2025\/10\/pssst-small.webp.webp\"\/>    <\/p>\n<p class=\"title-serif-s\">Har du tips?<\/p>\n<p class=\"text-sans-m\">Send oss informasjon, bilder eller video.<\/p>\n<p>  <a href=\"https:\/\/www.vg.no\/tips-oss\" rel=\"nofollow noopener\" target=\"_blank\"> Tips oss <\/a>      <\/p>\n","protected":false},"excerpt":{"rendered":"Ble sl\u00e5tt i ansiktet og sparket i hodet. Oppdatert torsdag 4. desember kl. 20:40 Politiet melder at de&hellip;\n","protected":false},"author":2,"featured_media":104375,"comment_status":"","ping_status":"","sticky":false,"template":"","format":"standard","meta":{"footnotes":""},"categories":[10],"tags":[31,20,21,24,25,15,22,23,13,30,28,29,14,16,26,27],"class_list":{"0":"post-104374","1":"post","2":"type-post","3":"status-publish","4":"format-standard","5":"has-post-thumbnail","7":"category-norge","8":"tag-breaking","9":"tag-breaking-news","10":"tag-breakingnews","11":"tag-featured-news","12":"tag-featurednews","13":"tag-headlines","14":"tag-latest-news","15":"tag-latestnews","16":"tag-news","17":"tag-no","18":"tag-norge","19":"tag-norway","20":"tag-nyheter","21":"tag-overskrifter","22":"tag-top-stories","23":"tag-topstories"},"share_on_mastodon":{"url":"https:\/\/pubeurope.com\/@no\/115663020404083548","error":""},"_links":{"self":[{"href":"https:\/\/www.europesays.com\/no\/wp-json\/wp\/v2\/posts\/104374","targetHints":{"allow":["GET"]}}],"collection":[{"href":"https:\/\/www.europesays.com\/no\/wp-json\/wp\/v2\/posts"}],"about":[{"href":"https:\/\/www.europesays.com\/no\/wp-json\/wp\/v2\/types\/post"}],"author":[{"embeddable":true,"href":"https:\/\/www.europesays.com\/no\/wp-json\/wp\/v2\/users\/2"}],"replies":[{"embeddable":true,"href":"https:\/\/www.europesays.com\/no\/wp-json\/wp\/v2\/comments?post=104374"}],"version-history":[{"count":0,"href":"https:\/\/www.europesays.com\/no\/wp-json\/wp\/v2\/posts\/104374\/revisions"}],"wp:featuredmedia":[{"embeddable":true,"href":"https:\/\/www.europesays.com\/no\/wp-json\/wp\/v2\/media\/104375"}],"wp:attachment":[{"href":"https:\/\/www.europesays.com\/no\/wp-json\/wp\/v2\/media?parent=104374"}],"wp:term":[{"taxonomy":"category","embeddable":true,"href":"https:\/\/www.europesays.com\/no\/wp-json\/wp\/v2\/categories?post=104374"},{"taxonomy":"post_tag","embeddable":true,"href":"https:\/\/www.europesays.com\/no\/wp-json\/wp\/v2\/tags?post=104374"}],"curies":[{"name":"wp","href":"https:\/\/api.w.org\/{rel}","templated":true}]}}