{"id":104378,"date":"2025-12-04T19:47:15","date_gmt":"2025-12-04T19:47:15","guid":{"rendered":"https:\/\/www.europesays.com\/no\/104378\/"},"modified":"2025-12-04T19:47:15","modified_gmt":"2025-12-04T19:47:15","slug":"far-han-endelig-brutt-forbannelsen","status":"publish","type":"post","link":"https:\/\/www.europesays.com\/no\/104378\/","title":{"rendered":"F\u00e5r han endelig brutt \u00abforbannelsen\u00bb?"},"content":{"rendered":"<p>Torsdag kveld klokka 21.00 (skandinavisk tid) m\u00f8ter Manchester United West Ham p\u00e5 Old Trafford, og forh\u00e5pentligvis g\u00e5r det mye bedre enn forrige gang\u00a0Hammers\u00a0kom p\u00e5 bes\u00f8k.<\/p>\n<p>I mai ble det nemlig 0-2 i en ganske forferdelig kamp fra Uniteds side.\u00a0<\/p>\n<p class=\"font-weight-bold m-font-weight-bold\" data-lab-font_weight=\"font-weight-bold\">Kveldens oppgj\u00f8r sendes p\u00e5 V Sport Premier League (Norge), See (Danmark) og V Sport Premium (Sverige).<\/p>\n<p>Selv om West Ham i starten av november vant hjemme mot b\u00e5de Burnley og Newcastle, s\u00e5 er de definitivt fortsatt i nedrykkskampen \u2013 de ligger tross alt p\u00e5 18. plass.<\/p>\n<p class=\"font-weight-bold m-font-weight-bold\" data-lab-font_weight=\"font-weight-bold\">Bruno Fernandes er nok\u00a0sv\u00e6rt\u00a0lysten p\u00e5 \u00e5 score mot West Ham. Av de ti lagene han har m\u00f8tt flest ganger, s\u00e5 er West Ham den eneste klubben han aldri har scoret mot i en tellende kamp, p\u00e5 14 fors\u00f8k hittil. Mot alle de andre ni klubbene har han scoret tre eller flere m\u00e5l.<\/p>\n<p>                <img decoding=\"async\" src=\"https:\/\/www.europesays.com\/no\/wp-content\/uploads\/2025\/12\/1371631.webp\" width=\"480\" height=\"274\" title=\"En frustrert Bruno Fernandes forrige gang West Ham gjestet Old Trafford.\" alt=\"\" loading=\"lazy\" style=\"\"\/><\/p>\n<p>\n            En frustrert Bruno Fernandes forrige gang West Ham gjestet Old Trafford.<br \/>\n            James Gill &#8211; Danehouse\n        <\/p>\n<p>Han har f\u00e6rre m\u00e5lgivende pasninger mot West Ham enn mot de fleste lagene ogs\u00e5, og dette er kanskje en del av forklaringen p\u00e5 at United har tapt fire av de siste fem kampene mot West Ham.<\/p>\n<p>United har gjort tre endringer p\u00e5 laget: Leny Yoro og Mason Mount er n\u00e5 p\u00e5 benken, og inn for de to har Noussair Mazraoui og Matheus Cunha kommet. Det som er verre er at Matthijs de Ligt er helt ute av troppen, og med Harry Maguire ute s\u00e5 er det Ayden Heaven som tar De Ligts plass.<\/p>\n<p>Mount kommer trolig til \u00e5 spille mye fremover, s\u00e5 det er ingen stor overraskelse at han f\u00e5r hvile til tross for matchvinnerscoringen p\u00e5 Selhurst Park.<\/p>\n<p>Manchester United: Senne Lammens \u2013 Noussair Mazraoui, Ayden Heaven, Luke Shaw \u2013 Amad Diallo, Casemiro, Bruno Fernandes (C), Diogo Dalot \u2013 Bryan Mbeumo, Matheus Cunha \u2013 Joshua Zirkzee.<\/p>\n<p>Innbyttere:\u00a0Altay Bayindir, Patrick Dorgu, Tyrell Malacia, Lisandro Mart\u00ednez, Leny Yoro, Kobbie Mainoo, Mason Mount, Manuel Ugarte, Shea Lacey.<\/p>\n<p>Kampen kan f\u00f8lges under via v\u00e5r livetjenesteleverand\u00f8r.<\/p>\n","protected":false},"excerpt":{"rendered":"Torsdag kveld klokka 21.00 (skandinavisk tid) m\u00f8ter Manchester United West Ham p\u00e5 Old Trafford, og forh\u00e5pentligvis g\u00e5r det&hellip;\n","protected":false},"author":2,"featured_media":104379,"comment_status":"","ping_status":"","sticky":false,"template":"","format":"standard","meta":{"footnotes":""},"categories":[59],"tags":[30,28,29,83,82],"class_list":{"0":"post-104378","1":"post","2":"type-post","3":"status-publish","4":"format-standard","5":"has-post-thumbnail","7":"category-sport","8":"tag-no","9":"tag-norge","10":"tag-norway","11":"tag-sport","12":"tag-sports"},"share_on_mastodon":{"url":"https:\/\/pubeurope.com\/@no\/115663028138883233","error":""},"_links":{"self":[{"href":"https:\/\/www.europesays.com\/no\/wp-json\/wp\/v2\/posts\/104378","targetHints":{"allow":["GET"]}}],"collection":[{"href":"https:\/\/www.europesays.com\/no\/wp-json\/wp\/v2\/posts"}],"about":[{"href":"https:\/\/www.europesays.com\/no\/wp-json\/wp\/v2\/types\/post"}],"author":[{"embeddable":true,"href":"https:\/\/www.europesays.com\/no\/wp-json\/wp\/v2\/users\/2"}],"replies":[{"embeddable":true,"href":"https:\/\/www.europesays.com\/no\/wp-json\/wp\/v2\/comments?post=104378"}],"version-history":[{"count":0,"href":"https:\/\/www.europesays.com\/no\/wp-json\/wp\/v2\/posts\/104378\/revisions"}],"wp:featuredmedia":[{"embeddable":true,"href":"https:\/\/www.europesays.com\/no\/wp-json\/wp\/v2\/media\/104379"}],"wp:attachment":[{"href":"https:\/\/www.europesays.com\/no\/wp-json\/wp\/v2\/media?parent=104378"}],"wp:term":[{"taxonomy":"category","embeddable":true,"href":"https:\/\/www.europesays.com\/no\/wp-json\/wp\/v2\/categories?post=104378"},{"taxonomy":"post_tag","embeddable":true,"href":"https:\/\/www.europesays.com\/no\/wp-json\/wp\/v2\/tags?post=104378"}],"curies":[{"name":"wp","href":"https:\/\/api.w.org\/{rel}","templated":true}]}}