{"id":104400,"date":"2025-12-04T20:10:12","date_gmt":"2025-12-04T20:10:12","guid":{"rendered":"https:\/\/www.europesays.com\/no\/104400\/"},"modified":"2025-12-04T20:10:12","modified_gmt":"2025-12-04T20:10:12","slug":"kolstad-rystet-storlag-europa-skvetter","status":"publish","type":"post","link":"https:\/\/www.europesays.com\/no\/104400\/","title":{"rendered":"Kolstad rystet storlag: &#8211; Europa skvetter"},"content":{"rendered":"<p>Kolstad tok en imponerende 28-24-seier mot F\u00fcchse Berlin.<\/p>\n<p class=\"bold m-bold\" data-lab-font_weight=\"bold\"> \u2013 N\u00e5r H\u00e5ndball-Europa ser dette resultatet, skvetter de, kommenterer TV 2s Harald Bredeli.<\/p>\n<p>Allerede fra start tok trondheimsklubben styringen, som fikk det til \u00e5 koke over for gjestenes trener:<\/p>\n<p>Kolstad hadde bare vunnet \u00e9n av ni kamper i Champions League, mens tyskerne hadde ni av ni seire.<\/p>\n<p>Berlin-laget hadde flere store profiler ute med skade.<\/p>\n<p> \u2013 Det er likevel en meget sterk prestasjon, sier Bredeli.<\/p>\n<p>Magnus S\u00f8nden\u00e5 ble toppscorer med ni m\u00e5l, mens Andreas Palicka sto som en vegg i buret.<\/p>\n<p>\u2013 Det er veldig godt \u00e5 ha ham tilbake, det merkes. En ting er det han plukker, men mannen har aura, sier S\u00f8nden\u00e5 om Palicka.<\/p>\n<p>\u2013 Det er viktig \u00e5 glede seg over at dette er en ordentlig sterk seier som vi fortjener, fortsetter han.<\/p>\n<p>Kolstads svenske keeper stoppet blant andre Tobias Gr\u00f8ndahl flere ganger.\u00a0<\/p>\n<p>\u2013 I dag viser vi karakter og vinner som et lag, sier en lettet Palicka.<\/p>\n<p>Trener Christian Berge var ogs\u00e5 en forn\u00f8yd mann.<\/p>\n<p>\u2013 Det er et stolt \u00f8yeblikk. I dag kontroller vi det mye bedre enn tidligere. I tillegg er forsvaret og Palicka veldig bra, sier Berge.<\/p>\n","protected":false},"excerpt":{"rendered":"Kolstad tok en imponerende 28-24-seier mot F\u00fcchse Berlin. \u2013 N\u00e5r H\u00e5ndball-Europa ser dette resultatet, skvetter de, kommenterer TV&hellip;\n","protected":false},"author":2,"featured_media":104401,"comment_status":"","ping_status":"","sticky":false,"template":"","format":"standard","meta":{"footnotes":""},"categories":[59],"tags":[30,28,29,83,82],"class_list":{"0":"post-104400","1":"post","2":"type-post","3":"status-publish","4":"format-standard","5":"has-post-thumbnail","7":"category-sport","8":"tag-no","9":"tag-norge","10":"tag-norway","11":"tag-sport","12":"tag-sports"},"share_on_mastodon":{"url":"https:\/\/pubeurope.com\/@no\/115663118373551900","error":""},"_links":{"self":[{"href":"https:\/\/www.europesays.com\/no\/wp-json\/wp\/v2\/posts\/104400","targetHints":{"allow":["GET"]}}],"collection":[{"href":"https:\/\/www.europesays.com\/no\/wp-json\/wp\/v2\/posts"}],"about":[{"href":"https:\/\/www.europesays.com\/no\/wp-json\/wp\/v2\/types\/post"}],"author":[{"embeddable":true,"href":"https:\/\/www.europesays.com\/no\/wp-json\/wp\/v2\/users\/2"}],"replies":[{"embeddable":true,"href":"https:\/\/www.europesays.com\/no\/wp-json\/wp\/v2\/comments?post=104400"}],"version-history":[{"count":0,"href":"https:\/\/www.europesays.com\/no\/wp-json\/wp\/v2\/posts\/104400\/revisions"}],"wp:featuredmedia":[{"embeddable":true,"href":"https:\/\/www.europesays.com\/no\/wp-json\/wp\/v2\/media\/104401"}],"wp:attachment":[{"href":"https:\/\/www.europesays.com\/no\/wp-json\/wp\/v2\/media?parent=104400"}],"wp:term":[{"taxonomy":"category","embeddable":true,"href":"https:\/\/www.europesays.com\/no\/wp-json\/wp\/v2\/categories?post=104400"},{"taxonomy":"post_tag","embeddable":true,"href":"https:\/\/www.europesays.com\/no\/wp-json\/wp\/v2\/tags?post=104400"}],"curies":[{"name":"wp","href":"https:\/\/api.w.org\/{rel}","templated":true}]}}