{"id":104413,"date":"2025-12-04T20:26:55","date_gmt":"2025-12-04T20:26:55","guid":{"rendered":"https:\/\/www.europesays.com\/no\/104413\/"},"modified":"2025-12-04T20:26:55","modified_gmt":"2025-12-04T20:26:55","slug":"martin-odegaard-fronter-holzweilers-nye-kampanje-med-sigrid","status":"publish","type":"post","link":"https:\/\/www.europesays.com\/no\/104413\/","title":{"rendered":"Martin \u00d8degaard fronter Holzweilers nye kampanje med Sigrid"},"content":{"rendered":"<p class=\"kicker \" style=\"\">Norsk mote<\/p>\n<p>  Martin \u00d8degaard hyller kona i sin f\u00f8rste motekampanje noensinne.<\/p>\n<p>\n    NORSK MOTE: Martin \u00d8degaard sl\u00e5r et slag for norsk mote. Foto: Holzweiler.\n  <\/p>\n<p>S\u00e5 gikk det som det m\u00e5tte g\u00e5; Fotballstjerne Martin \u00d8degaard er ansikt utad for det norske klesmerket Holzweilers nyeste kampanje \u2013 for \u00f8vrig i sv\u00e6rt godt selskap med popartist Sigrid.\u00a0<\/p>\n<p class=\"font-weight-bold m-font-weight-bold\" data-lab-font_weight=\"font-weight-bold\">Det er fristende \u00e5 si; Hva var det jeg sa.\u00a0<\/p>\n<p>    <a itemprop=\"url\" href=\"https:\/\/www.kk.no\/mote\/ser-skikkelig-bra-ut\/83850749\" rel=\"nofollow noopener\" target=\"_blank\"><\/p>\n<p>      <img loading=\"lazy\" decoding=\"async\" src=\"https:\/\/www.europesays.com\/no\/wp-content\/uploads\/2025\/12\/83851504.webp\" width=\"980\" height=\"441\" title=\"\u2013 Ser skikkelig bra ut\" alt=\"\" class=\"lazyload\" style=\"--aspect-ratio-image: 2.22; \"\/><\/p>\n<p>        \u2013 Ser skikkelig bra ut<\/p>\n<p>    <\/a><\/p>\n<p class=\"font-weight-bold m-font-weight-bold\" data-lab-font_weight=\"font-weight-bold\">For det har ligget i kortene, utvilsomt.\u00a0<\/p>\n<p data-lab-font_weight=\"\">Ikke at det var Holzweiler n\u00f8dvendigvis, men at et motehus skulle snappe ham opp. Heldigvis for oss s\u00e5 var det norsk.\u00a0<\/p>\n<p>          <img loading=\"lazy\" decoding=\"async\" src=\"https:\/\/www.europesays.com\/no\/wp-content\/uploads\/2025\/12\/83940121.webp\" width=\"980\" height=\"1225\" title=\"NORSK P\u00c5 NORSK: Martin \u00d8degaard er en av stjernene i klesmerkets Hero-kampanje. Foto: Holzweiler.\" alt=\"\" class=\"\" style=\"--aspect-ratio-image: 0.80; \"\/><\/p>\n<p>\n          NORSK P\u00c5 NORSK: Martin \u00d8degaard er en av stjernene i klesmerkets Hero-kampanje. Foto: Holzweiler.\n      <\/p>\n<p class=\"font-weight-bold m-font-weight-bold\" data-lab-font_weight=\"font-weight-bold\">\u2013 Den virkelige helten er kona mi, sier han i kampanjen som gikk live torsdag.<\/p>\n<p class=\"font-weight-bold m-font-weight-bold\" data-lab-font_weight=\"font-weight-bold\">\u2013 \u00c5 f\u00e5 barn og \u00e5 se hvordan hun er vokst i rollen som mamma og hvordan hun tar vare p\u00e5 barnet v\u00e5rt samtidig som hun hjelper meg \u00e5 gj\u00f8re det jeg elsker, er helt utrolig, fortsetter \u00d8degaard.\u00a0<\/p>\n<p>Det er den andre delen av det norske klesmerkets Hero-kampanje. Her presenteres \u00d8degaard som en global sensasjon og omtales i varme ordelag:<\/p>\n<p>    <a itemprop=\"url\" href=\"https:\/\/www.kk.no\/mote\/dukket-opp-pa-motevisning\/81004905\" rel=\"nofollow noopener\" target=\"_blank\"><\/p>\n<p>      <img loading=\"lazy\" decoding=\"async\" src=\"https:\/\/www.europesays.com\/no\/wp-content\/uploads\/2025\/12\/81004927.webp\" width=\"980\" height=\"441\" title=\"Dukket opp p\u00e5 motevisning\" alt=\"\" class=\"lazyload\" style=\"--aspect-ratio-image: 2.22; \"\/><\/p>\n<p>        Dukket opp p\u00e5 motevisning<\/p>\n<p>    <\/a><\/p>\n<p data-lab-font_weight=\"\">\u00abHan representerer norsk, hjemmedyrket talent \u2013 fra en enkel oppvekst i Drammen til \u00e5 jobbe seg opp til heltestatus verden over\u00bb, heter det.\u00a0<\/p>\n<p>    Martin \u00d8degaard fronter norsk motekampanje<\/p>\n<p lang=\"nb-NO\">Martin \u00d8degaard er ansiktet utad for Holzweilers nye kampanje.<\/p>\n<p lang=\"nb-NO\">Han deler rampelyset med popartisten Sigrid.<\/p>\n<p lang=\"nb-NO\">\u00d8degaard hyller sin kone som den virkelige helten.<\/p>\n<p lang=\"nb-NO\">Kampanjen fremhever \u00d8degaard som en global sensasjon.<\/p>\n<p lang=\"nb-NO\">Holzweiler viser frem sine ikoniske jakker og skjerf.<\/p>\n<p class=\"italic ai-disclaimer\" data-lab-italic=\"italic\">Sammendraget er laget av ChatGPT og godkjent av KK.<\/p>\n<p>      Vis mer<br \/>\n      Vis mindre<\/p>\n<p data-lab-font_weight=\"font-weight-bold\" class=\"font-weight-bold m-font-weight-bold\">Og det gj\u00f8r ham visstnok til det perfekte lerret for \u00e5 vise frem Holzweilers egne helter, nemlig deres jakker og skjerf. S\u00e5 smart. For story telling er utvilsom blitt viktig i moteverdenen, og det norske motemerket er synonymt med nettopp jakker og skjerf. Det var jo faktisk slik det hele startet; Med skjerf p\u00e5 rull.<\/p>\n<p>          <img loading=\"lazy\" decoding=\"async\" src=\"https:\/\/www.europesays.com\/no\/wp-content\/uploads\/2025\/12\/83940139.webp\" width=\"980\" height=\"657\" title=\"FULL FEST: Norges landslagssjef St\u00e5le Solbakken l\u00f8fter Martin \u00d8degaard i glede etter VM-kvalifiseringskampen i fotball mellom Norge og Estland p\u00e5 Ullevaal Stadion. \u00d8degaard i jakke fra Holzweiler. Foto: Erik Flaaris Johansen \/ NTB\" alt=\"\" class=\"\" style=\"--aspect-ratio-image: 1.49; \"\/><\/p>\n<p>\n          FULL FEST: Norges landslagssjef St\u00e5le Solbakken l\u00f8fter Martin \u00d8degaard i glede etter VM-kvalifiseringskampen i fotball mellom Norge og Estland p\u00e5 Ullevaal Stadion. \u00d8degaard i jakke fra Holzweiler. Foto: Erik Flaaris Johansen \/ NTB\n      <\/p>\n<p data-lab-font_weight=\"\">Det er merkets Dovre Down Jacket og Fresia-skjerf som \u00d8degaard viser frem.<\/p>\n<p data-lab-font_weight=\"\">Om sin egne stil sier \u00d8degaard f\u00f8lgende:<\/p>\n<p>    <a itemprop=\"url\" href=\"https:\/\/www.kk.no\/mote\/svindyr-luksus\/83758111\" rel=\"nofollow noopener\" target=\"_blank\"><\/p>\n<p>      <img loading=\"lazy\" decoding=\"async\" src=\"https:\/\/www.europesays.com\/no\/wp-content\/uploads\/2025\/12\/83848032.webp\" width=\"980\" height=\"441\" title=\"\u2013 Svindyr luksus\" alt=\"\" class=\"lazyload\" style=\"--aspect-ratio-image: 2.22; \"\/><\/p>\n<p>        \u2013 Svindyr luksus<\/p>\n<p>    <\/a><\/p>\n<p data-lab-font_weight=\"font-weight-bold\" class=\"font-weight-bold m-font-weight-bold\">\u2013 Fotballkarrieren min har utvilsomt p\u00e5virket motevalgene mine. \u00c5 flytte fra Norge har gjort at jeg har f\u00e5tt oppleve ulike stiler og ulike kulturer. Man plukker opp ting her og der, spesielt n\u00e5 som jeg bor i London, forteller han.\u00a0<\/p>\n<p>          <img loading=\"lazy\" decoding=\"async\" src=\"https:\/\/www.europesays.com\/no\/wp-content\/uploads\/2025\/12\/83940140.webp\" width=\"980\" height=\"657\" title=\"GULLGUTTENE: Martin \u00d8deg\u00e5rd, Erling Braut Haaland, Kristoffer Ajer, Antonio Nusa og resten av Norges herrelandslag i fotball hilser til folket fra balkongen p\u00e5 R\u00e5dhuset i Oslo etter seieren i VM-kvalifiseringskampen i fotball mellom Norge og Italia p\u00e5 San Siro. Ogs\u00e5 disse jakkene ble det mye snakk om. De er alts\u00e5 beige og ikke gull. Foto: Heiko Junge \/ NTB\" alt=\"\" class=\"\" style=\"--aspect-ratio-image: 1.49; \"\/><\/p>\n<p>\n          GULLGUTTENE: Martin \u00d8deg\u00e5rd, Erling Braut Haaland, Kristoffer Ajer, Antonio Nusa og resten av Norges herrelandslag i fotball hilser til folket fra balkongen p\u00e5 R\u00e5dhuset i Oslo etter seieren i VM-kvalifiseringskampen i fotball mellom Norge og Italia p\u00e5 San Siro. Ogs\u00e5 disse jakkene ble det mye snakk om. De er alts\u00e5 beige og ikke gull. Foto: Heiko Junge \/ NTB\n      <\/p>\n<p>Helt siden den norske midtbanespilleren stilte i en av det norske motemerkets aller mest popul\u00e6re vinterjakker da han var ufrivillig tilskuer til at Norge knuste Estland 4-1 og var sikret en plass i VM.<\/p>\n<p>    <a itemprop=\"url\" href=\"https:\/\/www.kk.no\/mote\/litt-av-en-forandring\/83499572\" rel=\"nofollow noopener\" target=\"_blank\"><\/p>\n<p>      <img loading=\"lazy\" decoding=\"async\" src=\"https:\/\/www.europesays.com\/no\/wp-content\/uploads\/2025\/12\/83863979.webp\" width=\"980\" height=\"441\" title=\"\u2013 Litt av en forandring!\" alt=\"\" class=\"lazyload\" style=\"--aspect-ratio-image: 2.22; \"\/><\/p>\n<p>        \u2013 Litt av en forandring!<\/p>\n<p>    <\/a><\/p>\n<p>          <img loading=\"lazy\" decoding=\"async\" src=\"https:\/\/www.europesays.com\/no\/wp-content\/uploads\/2025\/12\/83035363.webp\" width=\"980\" height=\"1206\" title=\"NORSKTOPPEN: Det norske motemerket Holzweiler; Susanne Holzweiler, Maria Skappel Holzweiler og Andreas Holzweiler. Foto: NTB.\" alt=\"\" class=\"\" style=\"--aspect-ratio-image: 0.81; \"\/><\/p>\n<p>\n          NORSKTOPPEN: Det norske motemerket Holzweiler; Susanne Holzweiler, Maria Skappel Holzweiler og Andreas Holzweiler. Foto: NTB.\n      <\/p>\n<p>Jakken hadde han for \u00f8vrig p\u00e5 allerede da han gikk av privatflyet sammen med kona Helene Spilling p\u00e5 rullebanen p\u00e5 Gardermoen tidligere samme dag.\u00a0<\/p>\n<p>    <a itemprop=\"url\" href=\"https:\/\/www.kk.no\/mote\/dette-er-bare-begynnelsen\/83434906\" rel=\"nofollow noopener\" target=\"_blank\"><\/p>\n<p>      <img loading=\"lazy\" decoding=\"async\" src=\"https:\/\/www.europesays.com\/no\/wp-content\/uploads\/2025\/12\/83434931.webp\" width=\"980\" height=\"441\" title=\"\u2013 Dette er bare begynnelsen\" alt=\"\" class=\"lazyload\" style=\"--aspect-ratio-image: 2.22; \"\/><\/p>\n<p>        \u2013 Dette er bare begynnelsen<\/p>\n<p>    <\/a><\/p>\n<p>          <img loading=\"lazy\" decoding=\"async\" src=\"https:\/\/www.europesays.com\/no\/wp-content\/uploads\/2025\/12\/83940119.webp\" width=\"980\" height=\"1225\" title=\"HOLDER VARMEN: Martin \u00d8degaard i en av det norske motemerkets popul\u00e6re jakker. Foto: Holzweiler.\" alt=\"\" class=\"\" style=\"--aspect-ratio-image: 0.80; \"\/><\/p>\n<p>\n          HOLDER VARMEN: Martin \u00d8degaard i en av det norske motemerkets popul\u00e6re jakker. Foto: Holzweiler.\n      <\/p>\n<p>KK var raskt ute med \u00e5 f\u00e5 bekreftet at jakken var fra Holzweiler, n\u00e6rmere bestemt deres Narvik Brushed Down Jacket, som er en ny variant av det norske klesmerket popul\u00e6re dunjakker.\u00a0<\/p>\n<p>    <a itemprop=\"url\" href=\"https:\/\/www.kk.no\/mote\/gjor-comeback\/83350045\" rel=\"nofollow noopener\" target=\"_blank\"><\/p>\n<p>      <img loading=\"lazy\" decoding=\"async\" src=\"https:\/\/www.europesays.com\/no\/wp-content\/uploads\/2025\/12\/83350305.webp\" width=\"980\" height=\"441\" title=\"\u2013 Gj\u00f8r comeback\" alt=\"\" class=\"lazyload\" style=\"--aspect-ratio-image: 2.22; \"\/><\/p>\n<p>        \u2013 Gj\u00f8r comeback<\/p>\n<p>    <\/a><\/p>\n<p>\u2013 Vi synes Martin ser skikkelig bra ut i jakken v\u00e5r, og er glade for \u00e5 se at han bruker produktene v\u00e5re, sa Maria Skappel Holzweiler til KK dagen etter.<\/p>\n<p>\u00d8degaard brukte jakken ogs\u00e5 da han entret banen etter seieren torsdag.\u00a0<\/p>\n<p class=\"font-weight-bold m-font-weight-bold\" data-lab-font_weight=\"font-weight-bold\">Med andre ord maks eksponering for det norske motemerket \u2013 i et historisk \u00f8yeblikk og i aller, aller beste sendetid.<\/p>\n<p>          <img loading=\"lazy\" decoding=\"async\" src=\"https:\/\/www.europesays.com\/no\/wp-content\/uploads\/2025\/12\/83940120.webp\" width=\"980\" height=\"1225\" title=\"TO IKONER M\u00d8TES: S\u00e5 og si. For Holzweiler er nettopp skjerfene heltene. Det samme er den norske midtbanespilleren. Foto: Holzweiler.\" alt=\"\" class=\"\" style=\"--aspect-ratio-image: 0.80; \"\/><\/p>\n<p>\n          TO IKONER M\u00d8TES: S\u00e5 og si. For Holzweiler er nettopp skjerfene heltene. Det samme er den norske midtbanespilleren. Foto: Holzweiler.\n      <\/p>\n<p>Det er n\u00e6rmest ikke mulig \u00e5 verdisette, men effekten er potensielt megastor.\u00a0<\/p>\n<p>    <a itemprop=\"url\" href=\"https:\/\/www.kk.no\/mote\/moteekspert-ikke-tilfeldig\/80124762\" rel=\"nofollow noopener\" target=\"_blank\"><\/p>\n<p>      <img loading=\"lazy\" decoding=\"async\" src=\"https:\/\/www.europesays.com\/no\/wp-content\/uploads\/2025\/12\/80124956.webp\" width=\"980\" height=\"441\" title=\"Moteekspert: \u2013 Ikke tilfeldig\" alt=\"\" class=\"lazyload\" style=\"--aspect-ratio-image: 2.22; \"\/><\/p>\n<p>        Moteekspert: \u2013 Ikke tilfeldig<\/p>\n<p>    <\/a><\/p>\n<p>At motehus \u2013 b\u00e5de norske og internasjonale \u2013 st\u00e5r i k\u00f8 for \u00e5 kle opp fotballgutta, er ikke s\u00e6rlig overraskende.<\/p>\n<p>          <img loading=\"lazy\" decoding=\"async\" src=\"https:\/\/www.europesays.com\/no\/wp-content\/uploads\/2025\/12\/83940183.webp\" width=\"980\" height=\"559\" title=\"HYLLER HENNE: \u00d8degaard hyller kona, Helene Spilling, i den nye kampanjen for Holzweiler. Foto. NTB.\" alt=\"\" class=\"\" style=\"--aspect-ratio-image: 1.75; \"\/><\/p>\n<p>\n          HYLLER HENNE: \u00d8degaard hyller kona, Helene Spilling, i den nye kampanjen for Holzweiler. Foto. NTB.\n      <\/p>\n<p>Erling Braut Haaland har allerede det som antas \u00e5 v\u00e6re en gullkantet avtale med det italienske motehuset Dolce &amp; Gabbana og med klokkemerket Breitling.\u00a0<\/p>\n<p>    <a itemprop=\"url\" href=\"https:\/\/www.kk.no\/mote\/vekker-oppsikt-det-er-det-soteste-jeg-har-sett\/83278033\" rel=\"nofollow noopener\" target=\"_blank\"><\/p>\n<p>      <img loading=\"lazy\" decoding=\"async\" src=\"https:\/\/www.europesays.com\/no\/wp-content\/uploads\/2025\/12\/83278058.webp\" width=\"980\" height=\"441\" title=\"Vekker oppsikt: - Det er det s\u00f8teste jeg har sett\" alt=\"\" class=\"lazyload\" style=\"--aspect-ratio-image: 2.22; \"\/><\/p>\n<p>        Vekker oppsikt: &#8211; Det er det s\u00f8teste jeg har sett<\/p>\n<p>    <\/a><\/p>\n<p>Holzweiler-kampanjen er \u00d8degaards f\u00f8rste motekampanje, men garantert ikke den siste. For det ligger utvilsomt b\u00e5de penger og kredibilitet i linken mellom sport og mote, og den er ikke ny.<\/p>\n<p>\u00d8degaard og Sigrid er dessuten med i det norske motemerkets kommende denim-kampanje allerede i februar.<\/p>\n","protected":false},"excerpt":{"rendered":"Norsk mote Martin \u00d8degaard hyller kona i sin f\u00f8rste motekampanje noensinne. NORSK MOTE: Martin \u00d8degaard sl\u00e5r et slag&hellip;\n","protected":false},"author":2,"featured_media":104414,"comment_status":"","ping_status":"","sticky":false,"template":"","format":"standard","meta":{"footnotes":""},"categories":[59],"tags":[810,92,182,13112,181,4024,30,28,7286,29,83,82],"class_list":{"0":"post-104413","1":"post","2":"type-post","3":"status-publish","4":"format-standard","5":"has-post-thumbnail","7":"category-sport","8":"tag-erling-braut-haaland","9":"tag-fotball","10":"tag-helene-spilling","11":"tag-holzweiler","12":"tag-martin-odegaard","13":"tag-mote","14":"tag-no","15":"tag-norge","16":"tag-norsk-mote","17":"tag-norway","18":"tag-sport","19":"tag-sports"},"share_on_mastodon":{"url":"https:\/\/pubeurope.com\/@no\/115663185424754431","error":""},"_links":{"self":[{"href":"https:\/\/www.europesays.com\/no\/wp-json\/wp\/v2\/posts\/104413","targetHints":{"allow":["GET"]}}],"collection":[{"href":"https:\/\/www.europesays.com\/no\/wp-json\/wp\/v2\/posts"}],"about":[{"href":"https:\/\/www.europesays.com\/no\/wp-json\/wp\/v2\/types\/post"}],"author":[{"embeddable":true,"href":"https:\/\/www.europesays.com\/no\/wp-json\/wp\/v2\/users\/2"}],"replies":[{"embeddable":true,"href":"https:\/\/www.europesays.com\/no\/wp-json\/wp\/v2\/comments?post=104413"}],"version-history":[{"count":0,"href":"https:\/\/www.europesays.com\/no\/wp-json\/wp\/v2\/posts\/104413\/revisions"}],"wp:featuredmedia":[{"embeddable":true,"href":"https:\/\/www.europesays.com\/no\/wp-json\/wp\/v2\/media\/104414"}],"wp:attachment":[{"href":"https:\/\/www.europesays.com\/no\/wp-json\/wp\/v2\/media?parent=104413"}],"wp:term":[{"taxonomy":"category","embeddable":true,"href":"https:\/\/www.europesays.com\/no\/wp-json\/wp\/v2\/categories?post=104413"},{"taxonomy":"post_tag","embeddable":true,"href":"https:\/\/www.europesays.com\/no\/wp-json\/wp\/v2\/tags?post=104413"}],"curies":[{"name":"wp","href":"https:\/\/api.w.org\/{rel}","templated":true}]}}