{"id":104415,"date":"2025-12-04T20:31:18","date_gmt":"2025-12-04T20:31:18","guid":{"rendered":"https:\/\/www.europesays.com\/no\/104415\/"},"modified":"2025-12-04T20:31:18","modified_gmt":"2025-12-04T20:31:18","slug":"priskrig-julevarer-ellevill-julebrus-priskrig","status":"publish","type":"post","link":"https:\/\/www.europesays.com\/no\/104415\/","title":{"rendered":"Priskrig, Julevarer | Ellevill julebrus-priskrig:"},"content":{"rendered":"\n<p><a href=\"https:\/\/www.nettavisen.no\/okonomi\/ellevill-julebrus-priskrig\/s\/5-95-2762951\" rel=\"Follow nofollow noopener\" target=\"_blank\">(Nettavisen) <\/a>Nylig satte Kiwi, Rema 1000 og Extra ned prisen p\u00e5 Hamar og Lillehammer julebrus p\u00e5 glassflaske, til rundt ni kroner.<\/p>\n<p>N\u00e5 har de dumpet de store flaskene med julebrus av eget merke, s\u00e5kalt EMV, til under tre kroner literen, viser Nettavisens prissjekk torsdag.<\/p>\n<p><b>Se stor oversikt over priskrig-varer nederst<\/b><\/p>\n<p>   <img decoding=\"async\" width=\"4032\" height=\"3024\" fetchpriority=\"low\"  loading=\"lazy\"  src=\"https:\/\/www.europesays.com\/no\/wp-content\/uploads\/2025\/12\/julebrus+i+butikk.bin\" alt=\"julebrus i butikk\" class=\"brick-c-cFOWSL\" style=\"--brick-image-ratio: 4032 \/ 3024;\"\/><\/p>\n<p>      POPUL\u00c6R: Hamar og Lillehammer julebrus er landets mest solgte. Denne koster 8,90.<br \/>\n      Foto: Erik Molland (Nettavisen)\n    <\/p>\n<p>  Kjedenes merker<\/p>\n<p>\u2013 Oi, det er billig, sier Kornelia Minsaas, spare\u00f8konom i Lendo.<\/p>\n<p>Det er kjedenes egne merkevarer av julebrus som n\u00e5 er satt kraftig ned i pris. Alle de tre har prisen 3,90 for en flaske p\u00e5 1,5 liter med sukkerfri julebrus.<\/p>\n<p>\u2013 Vi forbrukere b\u00f8r ta bevisste valg, slik at vi ikke bare alltid l\u00f8per etter det billigste, sier Minsaas.<\/p>\n<p>\u2013 Da ender det fort med at vi velger kjedenes egne merkevarer, og til slutt tar de fullstendig over, sier hun.<\/p>\n<p>   <img decoding=\"async\" width=\"2915\" height=\"2186\" fetchpriority=\"low\"  loading=\"lazy\"  src=\"https:\/\/www.europesays.com\/no\/wp-content\/uploads\/2025\/12\/1764880276_714_forbrukerkonom+Kornelia+Minsaas.bin\" alt=\"forbruker\u00f8konom Kornelia Minsaas\" class=\"brick-c-cFOWSL\" style=\"--brick-image-ratio: 2915 \/ 2186;\"\/><\/p>\n<p>      ADVARER: Kornelia Minsaas oppfordrer kunder til \u00e5 ta bevisste valg.<br \/>\n      Foto: Erik Molland (Nettavisen)\n    <\/p>\n<p>Hun har merket seg EMV-trenden i flere av butikkenes hyller.<\/p>\n<p>\u2013 Ta sjokolade som har blitt dyrt det siste \u00e5ret. Der har for eksempel Rema 1000 satset p\u00e5 eget sjokolademerke.<\/p>\n<p>\u2013 Er dette varer du elsker s\u00e5 er det bare \u00e5 kj\u00f8re p\u00e5. Er det ikke det synes jeg det er bedre \u00e5 velge merker man faktisk er glad i.<\/p>\n<p>Flere varer satt ned i pris<\/p>\n<p>Enda en sort pepperkaker er satt ned i pris. Kiwi selger en boks Bertil pepperkaker til 4,90.<\/p>\n<p>Kiwi tar grepet etter at det mange steder har blitt tomt for Berthas pepperkaker. Disse ble prisdumpet allerede en 8. november.<\/p>\n<p>   <img decoding=\"async\" width=\"4032\" height=\"3024\" fetchpriority=\"low\"  loading=\"lazy\"  src=\"https:\/\/www.europesays.com\/no\/wp-content\/uploads\/2025\/12\/Pepperkaker.bin\" alt=\"Pepperkaker. alle var med i smakstest hos Nofima i november 2025\" class=\"brick-c-cFOWSL\" style=\"--brick-image-ratio: 4032 \/ 3024;\"\/><\/p>\n<p>      KUTTET: Kiwi selger n\u00e5 Bertil pepperkaker til 4,90.<br \/>\n      Foto: Erik Molland (Nettavisen)\n    <\/p>\n<p>Berthas pepperkaker ligger fortsatt p\u00e5 4,90 per boks. Men mange steder er disse revet vekk.<\/p>\n<p>Da Nettavisen sjekket priser torsdag var det stort sett tomt, men i en Extra butikk p\u00e5 Gr\u00f8nland i Oslo hadde de en hel pall igjen.<\/p>\n<p>Kongelig pris p\u00e5 sjokoladen<\/p>\n<p>De tre lavpris-kameratene f\u00f8lger hverandre som vanlig p\u00e5 pris i de aller fleste tilfeller. Et unntak i denne sjekken var marsipanstangen fra Nidar som kostet 16,90 hos Kiwi. En krone billigere enn hos Rema 1000.<\/p>\n<p>   <img decoding=\"async\" width=\"4032\" height=\"3024\" fetchpriority=\"low\"  loading=\"lazy\"  src=\"https:\/\/www.europesays.com\/no\/wp-content\/uploads\/2025\/12\/julevarer+i+butikk_1.bin\" alt=\"julevarer i butikk\" class=\"brick-c-cFOWSL\" style=\"--brick-image-ratio: 4032 \/ 3024;\"\/><\/p>\n<p>      BILLIGERE: Kong Haakon har blitt billigere men er fortsatt mange ganger s\u00e5 dyr som i fjor.<br \/>\n      Foto: Erik Molland (Nettavisen)\n    <\/p>\n<p>Kong Haakon konfekt har ogs\u00e5 f\u00e5tt seg et solid priskutt fra 349,00 til 279,00. Men dette er fortsatt knalldyrt om vi sammenligner med priskrigen i fjor.<\/p>\n<p>Da kostet en eske kun 54,90.<\/p>\n<p>\u2013 Kjedene b\u00f8r spandere<\/p>\n<p>Kornelia Minsaas ber kjedene vri priskrigen i en mer matnyttig retning.<\/p>\n<p>\u2013 Jeg savner sunnere alternativer som faktisk metter, sier hun.<\/p>\n<p>Risgr\u00f8t fra Fjordland er satt ned til 29 kroner.<\/p>\n<p>\u2013 Det er nice med priskutt p\u00e5 gr\u00f8t, men 29 kroner er ikke noe \u00e5 juble for sier hun.<\/p>\n<p>\u2013 Jeg \u00f8nsker priskrig p\u00e5 alt fra medister, p\u00f8lser og pinnekj\u00f8tt. Men samtidig m\u00e5 bonden f\u00e5 skikkelig betalt.<\/p>\n<p>Hun mener kjedene b\u00f8r spandere priskuttene.<\/p>\n<p>\u2013 Kjedene har r\u00e5d til \u00e5 spandere disse priskuttene. Og de vet godt at kundene kj\u00f8per mange andre ting ogs\u00e5. Jeg tror ikke det er noen som helst fare for at de ikke tjener nok p\u00e5 julehandelen.<\/p>\n","protected":false},"excerpt":{"rendered":"(Nettavisen) Nylig satte Kiwi, Rema 1000 og Extra ned prisen p\u00e5 Hamar og Lillehammer julebrus p\u00e5 glassflaske, til&hellip;\n","protected":false},"author":2,"featured_media":104416,"comment_status":"","ping_status":"","sticky":false,"template":"","format":"standard","meta":{"footnotes":""},"categories":[10],"tags":[36,20,21,24,25,3523,15,6567,22,23,13,30,28,29,14,16,7636,1510,26,27],"class_list":{"0":"post-104415","1":"post","2":"type-post","3":"status-publish","4":"format-standard","5":"has-post-thumbnail","7":"category-norge","8":"tag-art","9":"tag-breaking-news","10":"tag-breakingnews","11":"tag-featured-news","12":"tag-featurednews","13":"tag-handel","14":"tag-headlines","15":"tag-julevarer","16":"tag-latest-news","17":"tag-latestnews","18":"tag-news","19":"tag-no","20":"tag-norge","21":"tag-norway","22":"tag-nyheter","23":"tag-overskrifter","24":"tag-priskrig","25":"tag-story","26":"tag-top-stories","27":"tag-topstories"},"share_on_mastodon":{"url":"https:\/\/pubeurope.com\/@no\/115663201134518605","error":""},"_links":{"self":[{"href":"https:\/\/www.europesays.com\/no\/wp-json\/wp\/v2\/posts\/104415","targetHints":{"allow":["GET"]}}],"collection":[{"href":"https:\/\/www.europesays.com\/no\/wp-json\/wp\/v2\/posts"}],"about":[{"href":"https:\/\/www.europesays.com\/no\/wp-json\/wp\/v2\/types\/post"}],"author":[{"embeddable":true,"href":"https:\/\/www.europesays.com\/no\/wp-json\/wp\/v2\/users\/2"}],"replies":[{"embeddable":true,"href":"https:\/\/www.europesays.com\/no\/wp-json\/wp\/v2\/comments?post=104415"}],"version-history":[{"count":0,"href":"https:\/\/www.europesays.com\/no\/wp-json\/wp\/v2\/posts\/104415\/revisions"}],"wp:featuredmedia":[{"embeddable":true,"href":"https:\/\/www.europesays.com\/no\/wp-json\/wp\/v2\/media\/104416"}],"wp:attachment":[{"href":"https:\/\/www.europesays.com\/no\/wp-json\/wp\/v2\/media?parent=104415"}],"wp:term":[{"taxonomy":"category","embeddable":true,"href":"https:\/\/www.europesays.com\/no\/wp-json\/wp\/v2\/categories?post=104415"},{"taxonomy":"post_tag","embeddable":true,"href":"https:\/\/www.europesays.com\/no\/wp-json\/wp\/v2\/tags?post=104415"}],"curies":[{"name":"wp","href":"https:\/\/api.w.org\/{rel}","templated":true}]}}