{"id":104423,"date":"2025-12-04T20:41:14","date_gmt":"2025-12-04T20:41:14","guid":{"rendered":"https:\/\/www.europesays.com\/no\/104423\/"},"modified":"2025-12-04T20:41:14","modified_gmt":"2025-12-04T20:41:14","slug":"helt-magisk-a-vaere-i-gang","status":"publish","type":"post","link":"https:\/\/www.europesays.com\/no\/104423\/","title":{"rendered":"\u2013 Helt magisk \u00e5 v\u00e6re i gang"},"content":{"rendered":"\n<p class=\"_lead_o9xde_2 _lead_xtcu6_50 layout-component text-serif-m layout-normal text-serif-l layout-component layout-wide layout-padded _wide_17hqh_1 layout-padded\">Mens Adrian Smiseth Sejersted tok sin f\u00f8rste pallplass i utfor.<\/p>\n<p> <img class=\"_image_qp4xg_65 layout-component layout-wide\" data-fullscreen- data-track-element-type=\"Article image fullscreen\" data-track-name=\"ImageFullscreen\" fetchpriority=\"high\" decoding=\"sync\" loading=\"eager\" height=\"102\" itemprop=\"image\"  src=\"https:\/\/www.europesays.com\/no\/wp-content\/uploads\/2025\/12\/52eaa16b311eb9fe0c7a135d0228a0b8.jpg\"  style=\"object-position:50% 50%;aspect-ratio:1.75;height:auto;object-fit:cover;width:100%\" width=\"102\"\/>  <\/p>\n<ul aria-hidden=\"true\" class=\"_images_1uft6_111\">\n<li><a class=\"_link_1uft6_116\" href=\"https:\/\/www.vg.no\/forfatter\/elise-engen-vik\" style=\"z-index:2\" title=\"Elise Engen Vik\" rel=\"nofollow noopener\" target=\"_blank\"><img alt=\"Bilde av Elise Engen Vik\" class=\"_image_1uft6_93\" fetchpriority=\"low\" loading=\"lazy\" decoding=\"async\" itemprop=\"image\"  src=\"https:\/\/www.europesays.com\/no\/wp-content\/uploads\/2025\/12\/bfade7ec-5794-4991-b2ab-40f335edaaf4\"  width=\"480\"\/><\/a><\/li>\n<li><a class=\"_link_1uft6_116\" href=\"https:\/\/www.vg.no\/forfatter\/andreas-almli\" style=\"z-index:1\" title=\"Andreas Almli\" rel=\"nofollow noopener\" target=\"_blank\"><img alt=\"Bilde av Andreas Almli\" class=\"_image_1uft6_93\" fetchpriority=\"low\" loading=\"lazy\" decoding=\"async\" itemprop=\"image\"  src=\"https:\/\/www.europesays.com\/no\/wp-content\/uploads\/2025\/12\/1764880873_156_375927d7-c3ac-45fd-a424-5db85cd85b8f\"  width=\"480\"\/><\/a><\/li>\n<\/ul>\n<p> Oppdatert torsdag 4. desember kl. 21:25     <\/p>\n<p class=\"_paragraph_o9xde_4 _paragraph_xtcu6_10 layout-component text-serif-m layout-normal text-serif-m layout-padded\">\u2013 Det er helt magisk \u00e5 v\u00e6re i gang, sa Kilde til Viaplay etter utforrennet i Beaver Creek.<\/p>\n<p class=\"_paragraph_o9xde_4 _paragraph_xtcu6_10 layout-component text-serif-m layout-normal text-serif-m layout-padded\">Dette var Kildes f\u00f8rste utforrenn siden det rennet i Wengen 13. januar i fjor. <\/p>\n<p class=\"_paragraph_o9xde_4 _paragraph_xtcu6_10 layout-component text-serif-m layout-normal text-serif-m layout-padded\"><a href=\"https:\/\/www.vg.no\/sport\/i\/3pkXz9\/aleksander-aamodt-kilde-om-den-lange-veien-tilbake\" data-track-element-type=\"Link\" data-track-id=\"link:3pkXz9\" class=\"_link_o9xde_39\" rel=\"nofollow noopener\" target=\"_blank\">Det var da han falt og p\u00e5dro seg skaden som har b\u00e5ret med seg s\u00e5 mange utfordringer og nesten 23 m\u00e5neder utenfor konkurranse<\/a>.<\/p>\n<p class=\"_paragraph_o9xde_4 _paragraph_xtcu6_10 layout-component text-serif-m layout-normal text-serif-m layout-padded\">\u2013 Han gjennomf\u00f8rer trygt, og det var det han sa ogs\u00e5 f\u00f8r rennet, sa Viaplay-ekspert og tidligere alpinist Kjetil Andre Aamodt da Kilde kj\u00f8rte i m\u00e5l p\u00e5 tiden 1.31,21.<\/p>\n<p class=\"_paragraph_o9xde_4 _paragraph_xtcu6_10 layout-component text-serif-m layout-normal text-serif-m layout-padded\">Det var 1,37 sekunder bak vinneren Marco Odermatt og holder til en 11. plass.<\/p>\n<p class=\"_paragraph_o9xde_4 _paragraph_xtcu6_10 layout-component text-serif-m layout-normal text-serif-m layout-padded\">\u2013 Jeg er utrolig forn\u00f8yd med hvordan jeg klarer \u00e5 gjennomf\u00f8re planen. Plasseringen er ikke s\u00e5 viktig, den har aldri v\u00e6rt s\u00e5 viktig, sa Kilde. <\/p>\n<p class=\"_paragraph_o9xde_4 _paragraph_xtcu6_10 layout-component text-serif-m layout-normal text-serif-m layout-padded\">Adrian Smiseth Sejersted kj\u00f8rte ut som nummer to i dagens renn. 31-\u00e5ringen tok innp\u00e5 Niels Hintermann p\u00e5 f\u00f8rste mellomtid, og \u00f8kte videre ned bakken.<\/p>\n<p class=\"_paragraph_o9xde_4 _paragraph_xtcu6_10 layout-component text-serif-m layout-normal text-serif-m layout-padded\">\u2013  Det kan se ut til at han gj\u00f8r et kjempel\u00f8p, utbr\u00f8t Aamodt. <\/p>\n<p class=\"_paragraph_o9xde_4 _paragraph_xtcu6_10 layout-component text-serif-m layout-normal text-serif-m layout-padded\">Nordmannen kj\u00f8rte inn til ledelse p\u00e5 tiden 1.30,53, men ble etter hvert skj\u00f8vet ned til en tredjeplass.<\/p>\n<p class=\"_paragraph_o9xde_4 _paragraph_xtcu6_10 layout-component text-serif-m layout-normal text-serif-m layout-padded\">\u2013 Det er veldig deilig. Jeg setter Beaver Creek som nummer to under Kitzb\u00fchel n\u00e5r det gjelder \u00e5 komme p\u00e5 pallen. <\/p>\n<p class=\"_paragraph_o9xde_4 _paragraph_xtcu6_10 layout-component text-serif-m layout-normal text-serif-m layout-padded\">\u2013 F\u00e5r h\u00e5pe jeg f\u00e5r holde en s\u00e5nn fugl etterp\u00e5. De har en \u00f8rn de pleier \u00e5 dele ut, sa Sejersted om rennet til Viasport. <\/p>\n<p class=\"_paragraph_o9xde_4 _paragraph_xtcu6_10 layout-component text-serif-m layout-normal text-serif-m layout-padded\">Marco Odermatt vant utforrennet i Beaver Creek.<\/p>\n<p><img alt=\"Adrian Sejersted etter m\u00e5lgang.   Foto: John Locher \/ AP \/ NTB\" class=\"_image_qp4xg_65 layout-component layout-normal\" data-fullscreen- data-track-element-type=\"Article image fullscreen\" data-track-name=\"ImageFullscreen\" decoding=\"async\" loading=\"lazy\" height=\"3536\" itemprop=\"image\"  src=\"https:\/\/www.europesays.com\/no\/wp-content\/uploads\/2025\/12\/a7e44b6e-9dac-43a2-9c0f-5c1071aa2dcb\"  style=\"object-position:0% 0%\" width=\"5304\"\/>Adrian Sejersted etter m\u00e5lgang.   Foto: John Locher \/ AP \/ NTB    <\/p>\n","protected":false},"excerpt":{"rendered":"Mens Adrian Smiseth Sejersted tok sin f\u00f8rste pallplass i utfor. Oppdatert torsdag 4. desember kl. 21:25 \u2013 Det&hellip;\n","protected":false},"author":2,"featured_media":104424,"comment_status":"","ping_status":"","sticky":false,"template":"","format":"standard","meta":{"footnotes":""},"categories":[59],"tags":[13113,2347,249,13114,30,28,29,83,82],"class_list":{"0":"post-104423","1":"post","2":"type-post","3":"status-publish","4":"format-standard","5":"has-post-thumbnail","7":"category-sport","8":"tag-adrian-smiseth-sejersted","9":"tag-aleksander-aamodt-kilde","10":"tag-alpint","11":"tag-marco-odermatt","12":"tag-no","13":"tag-norge","14":"tag-norway","15":"tag-sport","16":"tag-sports"},"share_on_mastodon":{"url":"https:\/\/pubeurope.com\/@no\/115663240554206383","error":""},"_links":{"self":[{"href":"https:\/\/www.europesays.com\/no\/wp-json\/wp\/v2\/posts\/104423","targetHints":{"allow":["GET"]}}],"collection":[{"href":"https:\/\/www.europesays.com\/no\/wp-json\/wp\/v2\/posts"}],"about":[{"href":"https:\/\/www.europesays.com\/no\/wp-json\/wp\/v2\/types\/post"}],"author":[{"embeddable":true,"href":"https:\/\/www.europesays.com\/no\/wp-json\/wp\/v2\/users\/2"}],"replies":[{"embeddable":true,"href":"https:\/\/www.europesays.com\/no\/wp-json\/wp\/v2\/comments?post=104423"}],"version-history":[{"count":0,"href":"https:\/\/www.europesays.com\/no\/wp-json\/wp\/v2\/posts\/104423\/revisions"}],"wp:featuredmedia":[{"embeddable":true,"href":"https:\/\/www.europesays.com\/no\/wp-json\/wp\/v2\/media\/104424"}],"wp:attachment":[{"href":"https:\/\/www.europesays.com\/no\/wp-json\/wp\/v2\/media?parent=104423"}],"wp:term":[{"taxonomy":"category","embeddable":true,"href":"https:\/\/www.europesays.com\/no\/wp-json\/wp\/v2\/categories?post=104423"},{"taxonomy":"post_tag","embeddable":true,"href":"https:\/\/www.europesays.com\/no\/wp-json\/wp\/v2\/tags?post=104423"}],"curies":[{"name":"wp","href":"https:\/\/api.w.org\/{rel}","templated":true}]}}