{"id":104425,"date":"2025-12-04T20:42:12","date_gmt":"2025-12-04T20:42:12","guid":{"rendered":"https:\/\/www.europesays.com\/no\/104425\/"},"modified":"2025-12-04T20:42:12","modified_gmt":"2025-12-04T20:42:12","slug":"kristoffer-joner-innrommer-jeg-gar-pa-nav","status":"publish","type":"post","link":"https:\/\/www.europesays.com\/no\/104425\/","title":{"rendered":"Kristoffer Joner innr\u00f8mmer: &#8211; Jeg g\u00e5r p\u00e5 NAV"},"content":{"rendered":"<p class=\"kicker \" style=\"\">Usikker bransje:<\/p>\n<p>  Selv om skuespilleren elsker yrket sitt, er det langt fra s\u00e5 lukrativt som mange kanskje tror.<\/p>\n<p>\n    INGEN LUKSUS: Det er ikke bare gull og gr\u00f8nne skoger som venter skuespillerne om dagen. Foto: Nina Hansen \/ Dagbladet\n  <\/p>\n<p>Filmbyen Hollywood har alltid v\u00e6rt et sted der skuespillere, glamour, makt og penger danser tett innp\u00e5 hverandre, og i de senere \u00e5r har l\u00f8nnsniv\u00e5et for A-liste-skuespillerne n\u00e5dd nye, astronomiske h\u00f8yder.<\/p>\n<p>    <a itemprop=\"url\" href=\"https:\/\/www.seher.no\/kjendis\/trygler-fansen-respekter-det\/83929651\" rel=\"nofollow noopener\" target=\"_blank\"><\/p>\n<p>      <img loading=\"lazy\" decoding=\"async\" src=\"https:\/\/www.europesays.com\/no\/wp-content\/uploads\/2025\/12\/83938049.webp\" width=\"980\" height=\"441\" title=\"Trygler fansen: - Respekter det\" alt=\"\" class=\"lazyload\" style=\"--aspect-ratio-image: 2.22; \"\/><\/p>\n<p>        Trygler fansen: &#8211; Respekter det<\/p>\n<p>    <\/a><\/p>\n<p>I en bransje der milliardinntektene ikke lenger vekker oppsikt, er stjernestatus blitt synonymt med gigantiske skuespillerhonorarer, bonusavtaler og luksus ingen andre yrkesgrupper kan dr\u00f8mme om.<\/p>\n<p class=\"font-weight-bold m-font-weight-bold\" data-lab-font_weight=\"font-weight-bold\">Gitt at man lykkes i Hollywood da, vel \u00e5 merke.<\/p>\n<p>        NYLIG SINGEL: P\u00e5l \u00abOnklP\u00bb T\u00f8ien r\u00f8per hvem av \u00abRampenissen\u00bb-kollegaene han vil kysse under mistelteinen. Reporter: Victoria L\u00f8vik\/ Sanne Holt. Video: \u00abBeliggenhet, beliggenhet, beliggenhet\u00bb\/ Discovery\/ Sanne Holt\/ R\u00f8d L\u00f8per<\/p>\n<p>Her til lands er ikke de kreative sjelene like godt stilt, if\u00f8lge skuespiller Kristoffer Joner (53).<\/p>\n<p>          <img loading=\"lazy\" decoding=\"async\" src=\"https:\/\/www.europesays.com\/no\/wp-content\/uploads\/2025\/12\/81570879.webp\" width=\"686\" height=\"824\" title=\"KREVENDE: Kristoffer Joner letter p\u00e5 sl\u00f8ret - og forteller at fjor\u00e5ret ikke var s\u00e6rlig innbringende. Foto: Andreas Fadum \/ Se og H\u00f8r\" alt=\"\" class=\"\" style=\"--aspect-ratio-image: 0.83; \"\/><\/p>\n<p>\n          KREVENDE: Kristoffer Joner letter p\u00e5 sl\u00f8ret &#8211; og forteller at fjor\u00e5ret ikke var s\u00e6rlig innbringende. Foto: Andreas Fadum \/ Se og H\u00f8r\n      <\/p>\n<p class=\"font-weight-normal m-font-weight-normal\" data-lab-font_weight=\"font-weight-normal\">For mange av landets skuespillere, skrives ikke kontraktene med gullpenn, og l\u00f8nnslippene har ikke like mange siffer som et KID-nummer.<\/p>\n<p class=\"font-weight-bold m-font-weight-bold\" data-lab-font_weight=\"font-weight-bold\">&#8211; De fleste av oss (i skuespillerbransjen, journ.anm) er veldig fattige &#8211; spesielt n\u00e5. Jeg g\u00e5r jo p\u00e5 NAV n\u00e5 jeg. Det er ikke mye \u00e5 hente der ute, sier en \u00e5penhjertig Kristoffer til lokalavisen <a href=\"https:\/\/www.rastavanger.no\/for-kristoffer-joner-ble-2024-aret-med-lavest-inntekt-pa-over-14-ar\/s\/5-165-186991\" rel=\"nofollow noopener\" target=\"_blank\">Rogaland Avis.<\/a><\/p>\n<p>    <a itemprop=\"url\" href=\"https:\/\/www.seher.no\/kjendis\/arets-fineste-julegave\/83933088\" rel=\"nofollow noopener\" target=\"_blank\"><\/p>\n<p>      <img loading=\"lazy\" decoding=\"async\" src=\"https:\/\/www.europesays.com\/no\/wp-content\/uploads\/2025\/12\/83933535.webp\" width=\"980\" height=\"441\" title=\"- \u00c5rets fineste julegave\" alt=\"\" class=\"lazyload\" style=\"--aspect-ratio-image: 2.22; \"\/><\/p>\n<p>        &#8211; \u00c5rets fineste julegave<\/p>\n<p>    <\/a><\/p>\n<p class=\"font-weight-normal m-font-weight-normal\" data-lab-font_weight=\"font-weight-normal\">Avisen trekker ogs\u00e5 frem at skuespilleren hadde en beskjeden inntekt p\u00e5 280 198 kroner i 2024, i f\u00f8lge skattelistene som ble offentliggjort i g\u00e5r 3. desember.<\/p>\n<p>        HYLLET KONG HARALD: Trygve Bennetsen avsl\u00f8rer at han pratet med venninnen, prinsesse Ingrid Alexandra, f\u00f8r \u00abSkal vi danse\u00bb-hyllesten til hennes bestefar. I tillegg r\u00f8per han hvorfor han fikk kjeft av produksjonen f\u00f8r sendingen. Reporter: Thea Hope. Video: Nora Skavhaug\/ Sanne Holt\/ \u00abSkal vi danse\u00bb\/ TV 2\/ R\u00f8d L\u00f8per<\/p>\n<p>M\u00f8tte veggen\t<\/p>\n<p class=\"font-weight-normal m-font-weight-normal\" data-lab-font_weight=\"font-weight-normal\">Videre legger Kristoffer til at han gikk til Arbeids- og velferdsforvaltningen\u00a0grunnet behandling. Han hadde nylig v\u00e6rt innlagt etter at han opplevde en psykotisk episode i sitt eget hjem &#8211; og s\u00f8kte hjelp, heter det i Rogaland Avis.<\/p>\n<p>&#8211; Nav er den eneste m\u00e5ten. Plutselig har man kjempemye, men i mellomtiden trenger man litt hjelp. Det er vanskelig \u00e5 spare.<\/p>\n<p>        NY SESONG: \u00abAlle elsker David\u00bb gj\u00f8r endringer i sin syvende sesong. Video: TV 2\/ Danny Son Ngoc To \/ Thea Hope\/ R\u00f8d L\u00f8per<\/p>\n<p>Joner har tidligere delt \u00e5pent om innleggelsen, blant annet i et intervju med <a href=\"https:\/\/www.vg.no\/rampelys\/i\/RzGzVa\/kristoffer-joner-fant-kjaerligheten-i-hunden-walken\" rel=\"nofollow noopener\" target=\"_blank\">VG<\/a>\u00a0i fjor.\u00a0<\/p>\n<p class=\"font-weight-bold m-font-weight-bold\" data-lab-font_weight=\"font-weight-bold\">&#8211; Jeg husker ikke s\u00e5 mye. Det ble en liten tur inn p\u00e5 psykiatrisk. Jeg tror de kaller det psykose. Jeg vet ikke, jeg var ikke meg selv, sa han til avisen.\u00a0<\/p>\n<p>          <img loading=\"lazy\" decoding=\"async\" src=\"https:\/\/www.europesays.com\/no\/wp-content\/uploads\/2025\/12\/77993252.webp\" width=\"686\" height=\"563\" title=\"VANT: Kristoffer Joner har vunnet Amandaprisen hele tre ganger. Her avbildet da han vant prisen i 2017. Foto: Jan K\u00e5re Ness \/ NTB\" alt=\"\" class=\"\" style=\"--aspect-ratio-image: 1.22; \"\/><\/p>\n<p>\n          VANT: Kristoffer Joner har vunnet Amandaprisen hele tre ganger. Her avbildet da han vant prisen i 2017. Foto: Jan K\u00e5re Ness \/ NTB\n      <\/p>\n<p>Den anerkjente skuespilleren har medvirket i en rekke filmer og TV-produksjoner, men fikk trolig sitt store gjennombrudd i filmene \u00abMongoland\u00bb og \u00abVillmark\u00bb.<\/p>\n<p>53-\u00e5ringen har vunnet Amanda-prisen tre ganger for beste mannlige hovedrolle, men har de siste \u00e5rene v\u00e6rt \u00e5pen om belastningen ved yrket &#8211; en belastning som til slutt f\u00f8rte til at han m\u00f8tte veggen.<\/p>\n<p>    <a itemprop=\"url\" href=\"https:\/\/www.seher.no\/kjendis\/vil-unnga-martha-situasjonen\/83936435\" rel=\"nofollow noopener\" target=\"_blank\"><\/p>\n<p>      <img loading=\"lazy\" decoding=\"async\" src=\"https:\/\/www.europesays.com\/no\/wp-content\/uploads\/2025\/12\/83936419.webp\" width=\"147\" height=\"98\" title=\"Vil unng\u00e5 \u00abM\u00e4rtha-situasjonen\u00bb\" alt=\"\" class=\"lazyload\" style=\"--aspect-ratio-image: 1.50; \"\/><\/p>\n<p>        Vil unng\u00e5 \u00abM\u00e4rtha-situasjonen\u00bb<\/p>\n<p>    <\/a><\/p>\n<p>H\u00f8sten 2023 og inn i 2024 var spesielt t\u00f8ff for skuespilleren. Han jobbet tett p\u00e5 flere krevende produksjoner &#8211; blant annet serien \u00abMaskineriet\u00bb for str\u00f8mmetjenesten Viaplay, og \u00abKrigsseileren\u00bb &#8211; en omfattende krigsfilm.<\/p>\n<p>          <img loading=\"lazy\" decoding=\"async\" src=\"https:\/\/www.europesays.com\/no\/wp-content\/uploads\/2025\/12\/77272128.webp\" width=\"686\" height=\"961\" title=\"OSCAR: Filmen \u00abKrigsseileren\u00bb ble Norges Oscar-kandidat i 2022. Filmen er er skrevet og regissert av Gunnar Vikene, produsert av Maria Ekerhovd for Mer Film AS. I rollene finner vi skuespillere som Kristoffer Joner, Ine Marie Wilmann, P\u00e5l Sverre Hagen og Alexandra Gjerpen. Oscar-nominasjonen ble offentliggjort av direkt\u00f8r Kjersti Mo ved Norsk filminstitutt p\u00e5 en pressekonferanse p\u00e5 Telegrafen i Oslo. Foto: H\u00e5kon Mosvold Larsen \/ NTB\" alt=\"\" class=\"\" style=\"--aspect-ratio-image: 0.71; \"\/><\/p>\n<p>\n          OSCAR: Filmen \u00abKrigsseileren\u00bb ble Norges Oscar-kandidat i 2022. Filmen er er skrevet og regissert av Gunnar Vikene, produsert av Maria Ekerhovd for Mer Film AS. I rollene finner vi skuespillere som Kristoffer Joner, Ine Marie Wilmann, P\u00e5l Sverre Hagen og Alexandra Gjerpen. Oscar-nominasjonen ble offentliggjort av direkt\u00f8r Kjersti Mo ved Norsk filminstitutt p\u00e5 en pressekonferanse p\u00e5 Telegrafen i Oslo. Foto: H\u00e5kon Mosvold Larsen \/ NTB\n      <\/p>\n<p>I et intervju med <a href=\"https:\/\/www.bt.no\/kultur\/i\/B0JyoQ\/kristoffer-joner-moette-veggen-etter-krigsseilerne-har-ikke-jobbet-paa-to-aar\" rel=\"nofollow noopener\" target=\"_blank\">Bergens Tidende<\/a> har han fortalt at denne arbeidsbelastningen ble for stor. Det ble for mye, og han klarte ikke lande ordentlig.<\/p>\n<p>    <a itemprop=\"url\" href=\"https:\/\/www.seher.no\/kongelig\/innlagt-etter-hasteoperasjon\/83936776\" rel=\"nofollow noopener\" target=\"_blank\"><\/p>\n<p>      <img loading=\"lazy\" decoding=\"async\" src=\"https:\/\/www.europesays.com\/no\/wp-content\/uploads\/2025\/12\/1764880932_409_83936730.webp\" width=\"980\" height=\"441\" title=\"Innlagt etter hasteoperasjon\" alt=\"\" class=\"lazyload\" style=\"--aspect-ratio-image: 2.22; \"\/><\/p>\n<p>        Innlagt etter hasteoperasjon<\/p>\n<p>    <\/a><\/p>\n<p>Det kom ogs\u00e5 frem at han m\u00e5tte ta en lengre pause fra b\u00e5de film og skuespill for \u00e5 hente seg inn igjen &#8211; og har beskrevet denne perioden som en av de hardeste i karrieren med stor p\u00e5kjenning for kropp og psyke.<\/p>\n<p class=\"font-weight-bold m-font-weight-bold\" data-lab-font_weight=\"font-weight-bold\">N\u00e5 er han derimot klar for \u00e5 gjenerobre skjermen &#8211; og er for tiden aktuell med filmene \u00abGrevlingene\u00bb og \u00abSe meg\u00bb, som begge hadde premiere i 2025.\u00a0<\/p>\n<p>          <img loading=\"lazy\" decoding=\"async\" src=\"https:\/\/www.europesays.com\/no\/wp-content\/uploads\/2025\/12\/83784733.webp\" width=\"686\" height=\"515\" title=\"GJENFORENT: Pia Tjelta og Kristoffer Joner gjenforent p\u00e5 filmlerretet for f\u00f8rste gang p\u00e5 24 \u00e5r i filmen \u00abSe meg\u00bb. Foto: Ymer Media\" alt=\"\" class=\"\" style=\"--aspect-ratio-image: 1.33; \"\/><\/p>\n<p>\n          GJENFORENT: Pia Tjelta og Kristoffer Joner gjenforent p\u00e5 filmlerretet for f\u00f8rste gang p\u00e5 24 \u00e5r i filmen \u00abSe meg\u00bb. Foto: Ymer Media\n      <\/p>\n<p class=\"font-weight-normal m-font-weight-normal italic m-italic\" data-lab-font_weight=\"font-weight-normal\" data-lab-italic=\"italic\">Det har ikke lyktes Se og H\u00f8r \u00e5 komme i kontakt med Kristoffer Joner i forbindelse med denne saken.<\/p>\n","protected":false},"excerpt":{"rendered":"Usikker bransje: Selv om skuespilleren elsker yrket sitt, er det langt fra s\u00e5 lukrativt som mange kanskje tror.&hellip;\n","protected":false},"author":2,"featured_media":104426,"comment_status":"","ping_status":"","sticky":false,"template":"","format":"standard","meta":{"footnotes":""},"categories":[58],"tags":[4104,71,479,5543,30,28,29,12944,72],"class_list":{"0":"post-104425","1":"post","2":"type-post","3":"status-publish","4":"format-standard","5":"has-post-thumbnail","7":"category-underholdning","8":"tag-eksklusivt","9":"tag-entertainment","10":"tag-kjendis","11":"tag-kristoffer-joner","12":"tag-no","13":"tag-norge","14":"tag-norway","15":"tag-skattelister","16":"tag-underholdning"},"share_on_mastodon":{"url":"https:\/\/pubeurope.com\/@no\/115663244229768976","error":""},"_links":{"self":[{"href":"https:\/\/www.europesays.com\/no\/wp-json\/wp\/v2\/posts\/104425","targetHints":{"allow":["GET"]}}],"collection":[{"href":"https:\/\/www.europesays.com\/no\/wp-json\/wp\/v2\/posts"}],"about":[{"href":"https:\/\/www.europesays.com\/no\/wp-json\/wp\/v2\/types\/post"}],"author":[{"embeddable":true,"href":"https:\/\/www.europesays.com\/no\/wp-json\/wp\/v2\/users\/2"}],"replies":[{"embeddable":true,"href":"https:\/\/www.europesays.com\/no\/wp-json\/wp\/v2\/comments?post=104425"}],"version-history":[{"count":0,"href":"https:\/\/www.europesays.com\/no\/wp-json\/wp\/v2\/posts\/104425\/revisions"}],"wp:featuredmedia":[{"embeddable":true,"href":"https:\/\/www.europesays.com\/no\/wp-json\/wp\/v2\/media\/104426"}],"wp:attachment":[{"href":"https:\/\/www.europesays.com\/no\/wp-json\/wp\/v2\/media?parent=104425"}],"wp:term":[{"taxonomy":"category","embeddable":true,"href":"https:\/\/www.europesays.com\/no\/wp-json\/wp\/v2\/categories?post=104425"},{"taxonomy":"post_tag","embeddable":true,"href":"https:\/\/www.europesays.com\/no\/wp-json\/wp\/v2\/tags?post=104425"}],"curies":[{"name":"wp","href":"https:\/\/api.w.org\/{rel}","templated":true}]}}