{"id":10443,"date":"2025-08-17T12:09:09","date_gmt":"2025-08-17T12:09:09","guid":{"rendered":"https:\/\/www.europesays.com\/no\/10443\/"},"modified":"2025-08-17T12:09:09","modified_gmt":"2025-08-17T12:09:09","slug":"sa-mye-penger-brukte-bakgarden-gjestene-ht-no","status":"publish","type":"post","link":"https:\/\/www.europesays.com\/no\/10443\/","title":{"rendered":"(+) S\u00e5 mye penger brukte Bakg\u00e5rden-gjestene &#8211; ht.no"},"content":{"rendered":"<ol>\n<li><a href=\"https:\/\/news.google.com\/rss\/articles\/CBMiggFBVV95cUxPTlB4eFZ6LUZKOU9HVHJCWUozUG5IbTA3X0dvQS1pRF9qZEY1Q3lyU1VZMXNKV2FRY1NLMDVOaTJVODJLZEdUaF9yZldZTHpnLU9RS2haSkozWnc4TXE5UTdvc3kxc0Jub3pJWGJUU01LRWEtcnVnTm5mX3RXLTFfRWlB?oc=5\" target=\"_blank\" rel=\"nofollow noopener\">(+) S\u00e5 mye penger brukte Bakg\u00e5rden-gjestene<\/a>&nbsp;&nbsp;ht.no<\/li>\n<li><a href=\"https:\/\/news.google.com\/rss\/articles\/CBMiuwFBVV95cUxQOG5yd3M0TUkwVUdEb3ROMnozWFFUTEpJenpfaHpMVWp6Y3puczI5MXFvdHM4ZG5ZX0JuQXRaUGVMWWJSaHVDZjcteUVGZjhpcmNuaEFVQzZaUW5la2RkOEJTdGh1YThmM1pWZXd0dTBKaENmRWVGMDFiUkZmTE9iSUVFU2ZMMlpIQVZXQXhHdnlJUnVOdng0SDlGMTJmYTZ1bl9kd0JuX0x5X2RFaEpKUW1tQVI4NTREZzhZ?oc=5\" target=\"_blank\" rel=\"nofollow noopener\">Gina har jobbet p\u00e5 Bakg\u00e5rden siden starten: \u2013 Men jeg har aldri sett en hel konsert<\/a>&nbsp;&nbsp;iHarstad<\/li>\n<li><a href=\"https:\/\/news.google.com\/rss\/articles\/CBMiaEFVX3lxTE1IelFhMnlFN2hZUTdISDRVeDRQX2xBY29vZ2tzdG03SGg4RllTelRTUDlXc1JOOUdncDVGeFlEdzdDSHZiSl9MUURtcDdDQU13dzdaeFBNV1h4NnlrYTJhUFVpMGFiSkpq?oc=5\" target=\"_blank\" rel=\"nofollow noopener\">(+) \u00ab\u00c6 husker ka du sa om den store pengesekken din!\u00bb<\/a>&nbsp;&nbsp;ht.no<\/li>\n<li><a href=\"https:\/\/news.google.com\/rss\/articles\/CBMiiAFBVV95cUxOOEJzVUJBdlhaNjZNeUR0MDhtX2k2YW5pYU5kV1BTY3BGNk1TX3VEdUpEM1ZFYnpNVmthVzgxamk3SFNsLUZfVHNmVWJaVV9zVGhBUFpud25waUJmYkEyVE1fZ1oyX01ESkhyWDRrZFI5TVlfVUxld1dsTUdJc0hiNUo1amp5c3o1?oc=5\" target=\"_blank\" rel=\"nofollow noopener\">(+) Full fr\u00e6s bak bardisken: \u2013 Glade og hyggelige folk<\/a>&nbsp;&nbsp;ht.no<\/li>\n<li><a href=\"https:\/\/news.google.com\/rss\/articles\/CBMiiAFBVV95cUxNV0xZM2hnRWVQcHZVWTdSVU5idWZzM1pJVHppM3dmckxvaDVKNnhnaTdCMnN2eWhhTW1QTWpTSkRaTjlhLWJoWGkxRW5PUDJTMTJEYlNka1RPeF9nUGhfVEdrUDAyMDdreEdvVE1PX3o1V0pRNzYzMnBRYkF1WUowaHplTmdmdFFM?oc=5\" target=\"_blank\" rel=\"nofollow noopener\">(+) Regnet h\u00f8ljer ned \u2013 festivalen lever<\/a>&nbsp;&nbsp;ht.no<\/li>\n<\/ol>\n","protected":false},"excerpt":{"rendered":"(+) S\u00e5 mye penger brukte Bakg\u00e5rden-gjestene&nbsp;&nbsp;ht.no Gina har jobbet p\u00e5 Bakg\u00e5rden siden starten: \u2013 Men jeg har aldri&hellip;\n","protected":false},"author":2,"featured_media":10444,"comment_status":"","ping_status":"","sticky":false,"template":"","format":"standard","meta":{"footnotes":""},"categories":[10],"tags":[1880,20,21,24,25,497,15,22,23,62,13,30,28,29,14,16,2008,26,27],"class_list":{"0":"post-10443","1":"post","2":"type-post","3":"status-publish","4":"format-standard","5":"has-post-thumbnail","7":"category-norge","8":"tag-bakgarden","9":"tag-breaking-news","10":"tag-breakingnews","11":"tag-featured-news","12":"tag-featurednews","13":"tag-festival","14":"tag-headlines","15":"tag-latest-news","16":"tag-latestnews","17":"tag-naeringsliv","18":"tag-news","19":"tag-no","20":"tag-norge","21":"tag-norway","22":"tag-nyheter","23":"tag-overskrifter","24":"tag-penger","25":"tag-top-stories","26":"tag-topstories"},"share_on_mastodon":{"url":"","error":""},"_links":{"self":[{"href":"https:\/\/www.europesays.com\/no\/wp-json\/wp\/v2\/posts\/10443","targetHints":{"allow":["GET"]}}],"collection":[{"href":"https:\/\/www.europesays.com\/no\/wp-json\/wp\/v2\/posts"}],"about":[{"href":"https:\/\/www.europesays.com\/no\/wp-json\/wp\/v2\/types\/post"}],"author":[{"embeddable":true,"href":"https:\/\/www.europesays.com\/no\/wp-json\/wp\/v2\/users\/2"}],"replies":[{"embeddable":true,"href":"https:\/\/www.europesays.com\/no\/wp-json\/wp\/v2\/comments?post=10443"}],"version-history":[{"count":0,"href":"https:\/\/www.europesays.com\/no\/wp-json\/wp\/v2\/posts\/10443\/revisions"}],"wp:featuredmedia":[{"embeddable":true,"href":"https:\/\/www.europesays.com\/no\/wp-json\/wp\/v2\/media\/10444"}],"wp:attachment":[{"href":"https:\/\/www.europesays.com\/no\/wp-json\/wp\/v2\/media?parent=10443"}],"wp:term":[{"taxonomy":"category","embeddable":true,"href":"https:\/\/www.europesays.com\/no\/wp-json\/wp\/v2\/categories?post=10443"},{"taxonomy":"post_tag","embeddable":true,"href":"https:\/\/www.europesays.com\/no\/wp-json\/wp\/v2\/tags?post=10443"}],"curies":[{"name":"wp","href":"https:\/\/api.w.org\/{rel}","templated":true}]}}