{"id":104431,"date":"2025-12-04T20:52:18","date_gmt":"2025-12-04T20:52:18","guid":{"rendered":"https:\/\/www.europesays.com\/no\/104431\/"},"modified":"2025-12-04T20:52:18","modified_gmt":"2025-12-04T20:52:18","slug":"kolstad-stralte-i-champions-league-slo-ubeseiret-tysk-topplag","status":"publish","type":"post","link":"https:\/\/www.europesays.com\/no\/104431\/","title":{"rendered":"Kolstad str\u00e5lte i Champions League \u2013 slo ubeseiret tysk topplag"},"content":{"rendered":"\n<p class=\"_lead_o9xde_2 _lead_xtcu6_50 layout-component text-serif-m layout-normal text-serif-l layout-component layout-wide layout-padded _wide_17hqh_1 layout-padded\">Kolstad vartet opp med en imponerende 28-24-seier mot det tyske h\u00e5ndballaget F\u00fcchse Berlin i Champions League. <\/p>\n<p><img alt=\"Kolstads Magnus S\u00f8nden\u00e5 kunne juble for en sterk seier mot F\u00fcchse Berlin i Champions League.  Foto: Ole Martin Wold \/ NTB\" class=\"_image_qp4xg_65 layout-component layout-wide\" data-fullscreen- data-track-element-type=\"Article image fullscreen\" data-track-name=\"ImageFullscreen\" fetchpriority=\"high\" decoding=\"sync\" loading=\"eager\" height=\"3979\" itemprop=\"image\"  src=\"https:\/\/www.europesays.com\/no\/wp-content\/uploads\/2025\/12\/6a2d9ecc-b39a-47ca-a956-98e3cd6e9d61\"  style=\"object-position:0% 0%\" width=\"5968\"\/>Kolstads Magnus S\u00f8nden\u00e5 kunne juble for en sterk seier mot F\u00fcchse Berlin i Champions League.  Foto: Ole Martin Wold \/ NTB<\/p>\n<ul aria-hidden=\"true\" class=\"_images_1uft6_111\">\n<li><a class=\"_link_1uft6_116\" href=\"https:\/\/www.vg.no\/forfatter\/ntb\" style=\"z-index:1\" title=\"NTB\" rel=\"nofollow noopener\" target=\"_blank\"><img alt=\"Bilde av NTB\" class=\"_image_1uft6_93\" fetchpriority=\"low\" loading=\"lazy\" decoding=\"async\" itemprop=\"image\"  src=\"https:\/\/www.europesays.com\/no\/wp-content\/uploads\/2025\/12\/1764881538_534_c33980b0-5d07-4027-84a1-813f90a7c8d6\"  width=\"480\"\/><\/a><\/li>\n<\/ul>\n<p> Oppdatert torsdag 4. desember kl. 20:27     <\/p>\n<p class=\"_paragraph_o9xde_4 _paragraph_xtcu6_10 layout-component text-serif-m layout-normal text-serif-m layout-padded\">Tr\u00f8nderne l\u00e5 nederst i puljen, mens det tyske hovedstadslaget l\u00e5 i andre enden av tabellen uten tap f\u00f8r bortekampen i Trondheim. <\/p>\n<p class=\"_paragraph_o9xde_4 _paragraph_xtcu6_10 layout-component text-serif-m layout-normal text-serif-m layout-padded\">Med et skadeskutt mannskap fikk Berlin-laget tr\u00f8bbel og havnet under allerede i 1. omgang. Til pause sto det 15-12 til Kolstad.<\/p>\n<p class=\"_paragraph_o9xde_4 _paragraph_xtcu6_10 layout-component text-serif-m layout-normal text-serif-m layout-padded\">Etter hvilen knappet tyskerne innp\u00e5 flere ganger, men klarte aldri \u00e5 hente seg helt tilbake. Kolstad lekte seg tidvis og p\u00e5f\u00f8rte tyskerne sitt f\u00f8rste CL-tap denne sesongen, mens tr\u00f8nderne ogs\u00e5 stoppet sin egen tapsrekke p\u00e5 sju kamper. <\/p>\n<p class=\"_paragraph_o9xde_4 _paragraph_xtcu6_10 layout-component text-serif-m layout-normal text-serif-m layout-padded\">Magnus S\u00f8nden\u00e5 ble toppscorer i kampen med 9 fulltreffere for Kolstad, mens Matthes Langhoff ble mestscorende for Berlin-laget med sine 7. Tobias Gr\u00f8ndahl bidro med 4 scoringer for tyskerne. <\/p>\n<p class=\"_paragraph_o9xde_4 _paragraph_xtcu6_10 layout-component text-serif-m layout-normal text-serif-m layout-padded\">Kolstad tok seg forbi Dinamo Bucuresti og ligger p\u00e5 7.-plass i puljen.<\/p>\n<p class=\"_paragraph_o9xde_4 _paragraph_xtcu6_10 layout-component text-serif-m layout-normal text-serif-m layout-padded\">\u2013 Dette var en ordentlig sterk seier som jeg synes vi fortjente og har jobbet for, sa S\u00f8nden\u00e5 til TV 2 etter kampen. <\/p>\n<p class=\"_paragraph_o9xde_4 _paragraph_xtcu6_10 layout-component text-serif-m layout-normal text-serif-m layout-padded\">Kolstad fikk en t\u00f8ff opplevelse i bortekampen mot det tyske hovedstadslaget tidligere i h\u00f8st. Da ble det 38-27-seier til F\u00fcchse Berlin. <\/p>\n<p class=\"_paragraph_o9xde_4 _paragraph_xtcu6_10 layout-component text-serif-m layout-normal text-serif-m layout-padded\">Danske Aalborg er neste motstander i Champions League. Det gjenst\u00e5r fire kamper av puljespillet. <\/p>\n<p class=\"_paragraph_o9xde_4 _paragraph_xtcu6_10 layout-component text-serif-m layout-normal text-serif-m layout-padded\">I hjemlig serie har Kolstad alt i egne hender s\u00e5 langt. Elverum topper tabellen ett poeng foran, men Kolstad har en kamp mindre spilt.<\/p>\n","protected":false},"excerpt":{"rendered":"Kolstad vartet opp med en imponerende 28-24-seier mot det tyske h\u00e5ndballaget F\u00fcchse Berlin i Champions League. Kolstads Magnus&hellip;\n","protected":false},"author":2,"featured_media":104432,"comment_status":"","ping_status":"","sticky":false,"template":"","format":"standard","meta":{"footnotes":""},"categories":[59],"tags":[30,28,29,83,82],"class_list":{"0":"post-104431","1":"post","2":"type-post","3":"status-publish","4":"format-standard","5":"has-post-thumbnail","7":"category-sport","8":"tag-no","9":"tag-norge","10":"tag-norway","11":"tag-sport","12":"tag-sports"},"share_on_mastodon":{"url":"https:\/\/pubeurope.com\/@no\/115663283719565953","error":""},"_links":{"self":[{"href":"https:\/\/www.europesays.com\/no\/wp-json\/wp\/v2\/posts\/104431","targetHints":{"allow":["GET"]}}],"collection":[{"href":"https:\/\/www.europesays.com\/no\/wp-json\/wp\/v2\/posts"}],"about":[{"href":"https:\/\/www.europesays.com\/no\/wp-json\/wp\/v2\/types\/post"}],"author":[{"embeddable":true,"href":"https:\/\/www.europesays.com\/no\/wp-json\/wp\/v2\/users\/2"}],"replies":[{"embeddable":true,"href":"https:\/\/www.europesays.com\/no\/wp-json\/wp\/v2\/comments?post=104431"}],"version-history":[{"count":0,"href":"https:\/\/www.europesays.com\/no\/wp-json\/wp\/v2\/posts\/104431\/revisions"}],"wp:featuredmedia":[{"embeddable":true,"href":"https:\/\/www.europesays.com\/no\/wp-json\/wp\/v2\/media\/104432"}],"wp:attachment":[{"href":"https:\/\/www.europesays.com\/no\/wp-json\/wp\/v2\/media?parent=104431"}],"wp:term":[{"taxonomy":"category","embeddable":true,"href":"https:\/\/www.europesays.com\/no\/wp-json\/wp\/v2\/categories?post=104431"},{"taxonomy":"post_tag","embeddable":true,"href":"https:\/\/www.europesays.com\/no\/wp-json\/wp\/v2\/tags?post=104431"}],"curies":[{"name":"wp","href":"https:\/\/api.w.org\/{rel}","templated":true}]}}