{"id":104442,"date":"2025-12-04T21:10:11","date_gmt":"2025-12-04T21:10:11","guid":{"rendered":"https:\/\/www.europesays.com\/no\/104442\/"},"modified":"2025-12-04T21:10:11","modified_gmt":"2025-12-04T21:10:11","slug":"sport-martin-linnes-ingen-kongsvinger-retur-for-martin","status":"publish","type":"post","link":"https:\/\/www.europesays.com\/no\/104442\/","title":{"rendered":"Sport, Martin Linnes | Ingen Kongsvinger-retur for Martin\u00a0"},"content":{"rendered":"\n<p>N\u00e5 er det imidlertid klart at visekapteinen og den anvendelige gutten fra S\u00f8r-Odal forlenger Molde Fotballklubb-karrieren med minst ett \u00e5r.\u00a0<\/p>\n<p>Linnes som har 29 A-landskamper og ble k\u00e5ret til \u00e5rets spiller av lokalavisa, forteller til Romsdals Budstikke at han er veldig motivert for \u00e5 bli med p\u00e5 gjenreisingen av MFK. Revansjelysten til det er stor etter to svake sesonger.\u00a0<\/p>\n<p>\u2013 MFK skal v\u00e6re langt h\u00f8yere p\u00e5 tabellen enn det som er tilfelle i \u00e5r og i fjor. Det er bare \u00e5 erkjenne at vi av forskjellige \u00e5rsaker ikke har prestert bra nok. Forh\u00e5pentligvis s\u00e5 f\u00e5r jeg mulighet til \u00e5 bidra til at vi kjemper i toppen neste \u00e5r. Jeg merker at det er stor sult i spillergruppa i forhold til \u00e5 sl\u00e5 tilbake. Vi har langt mer inne enn det vi har f\u00e5tt tatt ut, sier veteranen.\u00a0<\/p>\n<p>Store utskiftninger <\/p>\n<p>Den sportslige ledelsen i Molde Fotballklubb har signalisert at det kommer til \u00e5 bli en del utskiftinger i en litt aldrende spillerstall. Martin Bj\u00f8rnbak som har v\u00e6rt en b\u00e6rebjelke i forsvaret fikk ikke ny kontrakt. Det har heller ikke den tidligere landslagsspilleren Fredrik Gulbrandsen gjort. Det til tross for at Gulbrandsen har et sterkt \u00f8nske om \u00e5 bli. Hans kontrakt g\u00e5r ut i juli.\u00a0<\/p>\n<p>Martin Linnes tok avgj\u00f8relsen om at han skulle bli med videre et halvt \u00e5r etter at han fikk tilbud om kontraktsforlengelse. En av de st\u00f8rste publikumsfavorittene p\u00e5 Aker stadion, legger ikke skjul p\u00e5 at det er har v\u00e6rt mange vurderinger frem og tilbake. F\u00f8rst og fremst p\u00e5 grunn av skadesituasjonen. Linnes har ogs\u00e5 denne sesongen slitt med skader.\u00a0<\/p>\n<p>Glad klubben vil ha han med <\/p>\n<p>\u2013 Jeg er glad for at klubben vil ha meg med. Vi er muntlige enige om en forlengelse. Det er bare signaturen som mangler. Den kommer nok p\u00e5 plass straks, sier Martin som aldri har lagt skjul p\u00e5 at han mest sannsynligvis flytter tilbake til Kongsvingerregionen i det \u00f8yeblikket fotballkarrieren er over eller g\u00e5r mot slutten. Han har ikke v\u00e6rt helt avvisende til \u00e5 avslutte karrieren i KIL.\u00a0<\/p>\n<p>Martin erkjenner at det har v\u00e6rt et krevende \u00e5r for han og Molde-spillerne. Det startet med trenersparkingen av Erling Moe og fortsatte med en ny trenersparking p\u00e5 h\u00f8stparten da Per M. H\u00f8gmo m\u00e5tte si takk for seg. Det er i all hovedsak skadesituasjonen, familiesituasjonen og den uavklarte trenersituasjonen i MFK som gj\u00f8r at Linnes har bestemt seg f\u00f8rst n\u00e5.\u00a0<\/p>\n","protected":false},"excerpt":{"rendered":"N\u00e5 er det imidlertid klart at visekapteinen og den anvendelige gutten fra S\u00f8r-Odal forlenger Molde Fotballklubb-karrieren med minst&hellip;\n","protected":false},"author":2,"featured_media":104443,"comment_status":"","ping_status":"","sticky":false,"template":"","format":"standard","meta":{"footnotes":""},"categories":[59],"tags":[36,92,1845,13118,30,28,29,83,82,1510],"class_list":{"0":"post-104442","1":"post","2":"type-post","3":"status-publish","4":"format-standard","5":"has-post-thumbnail","7":"category-sport","8":"tag-art","9":"tag-fotball","10":"tag-kil-toppfotball","11":"tag-martin-linnes","12":"tag-no","13":"tag-norge","14":"tag-norway","15":"tag-sport","16":"tag-sports","17":"tag-story"},"share_on_mastodon":{"url":"https:\/\/pubeurope.com\/@no\/115663354130790727","error":""},"_links":{"self":[{"href":"https:\/\/www.europesays.com\/no\/wp-json\/wp\/v2\/posts\/104442","targetHints":{"allow":["GET"]}}],"collection":[{"href":"https:\/\/www.europesays.com\/no\/wp-json\/wp\/v2\/posts"}],"about":[{"href":"https:\/\/www.europesays.com\/no\/wp-json\/wp\/v2\/types\/post"}],"author":[{"embeddable":true,"href":"https:\/\/www.europesays.com\/no\/wp-json\/wp\/v2\/users\/2"}],"replies":[{"embeddable":true,"href":"https:\/\/www.europesays.com\/no\/wp-json\/wp\/v2\/comments?post=104442"}],"version-history":[{"count":0,"href":"https:\/\/www.europesays.com\/no\/wp-json\/wp\/v2\/posts\/104442\/revisions"}],"wp:featuredmedia":[{"embeddable":true,"href":"https:\/\/www.europesays.com\/no\/wp-json\/wp\/v2\/media\/104443"}],"wp:attachment":[{"href":"https:\/\/www.europesays.com\/no\/wp-json\/wp\/v2\/media?parent=104442"}],"wp:term":[{"taxonomy":"category","embeddable":true,"href":"https:\/\/www.europesays.com\/no\/wp-json\/wp\/v2\/categories?post=104442"},{"taxonomy":"post_tag","embeddable":true,"href":"https:\/\/www.europesays.com\/no\/wp-json\/wp\/v2\/tags?post=104442"}],"curies":[{"name":"wp","href":"https:\/\/api.w.org\/{rel}","templated":true}]}}