{"id":104454,"date":"2025-12-04T21:24:35","date_gmt":"2025-12-04T21:24:35","guid":{"rendered":"https:\/\/www.europesays.com\/no\/104454\/"},"modified":"2025-12-04T21:24:35","modified_gmt":"2025-12-04T21:24:35","slug":"mildver-og-regn-dominerer-i-desember-nrk-vestland","status":"publish","type":"post","link":"https:\/\/www.europesays.com\/no\/104454\/","title":{"rendered":"Mildv\u00ear og regn dominerer i desember \u2013 NRK Vestland"},"content":{"rendered":"<p>Saka oppsummert:<\/p>\n<p>\u2022 Store delar av S\u00f8r-Noreg kan forvente mildv\u00ear og regn i adventstida, medan Nord-Noreg f\u00e5r kaldare og meir vinterlege forhold. <br \/>\u2022 Sjansen for kvit jul er over tid blitt l\u00e5gare i S\u00f8r-Noreg, men framleis h\u00f8g i Troms og Finnmark. <br \/>\u2022 Talet p\u00e5 kvite julaftnar har g\u00e5tt ned i fleire omr\u00e5de, s\u00e6rskild i l\u00e5glandet i S\u00f8r-Noreg, samanlikna med tidlegare ti\u00e5r. <br \/>\u2022 Meteorologane ser ingen tydelege teikn p\u00e5 ein ny kuldeperiode f\u00f8r jul, men understrekar at v\u00earet kan snu rett f\u00f8r h\u00f8gtida. <br \/>\u2022 Verfenomenet \u00abbr\u00e5 stratosf\u00e6risk oppvarming\u00bb, som kan gi kuldeperiodar, viser ingen teikn til \u00e5 p\u00e5verke v\u00earet i n\u00e6r framtid. <br \/>\u2022 Langtidsvarselet indikerer mildt ver og regn i de st\u00f8rste byane langs kysten i S\u00f8r-Noreg.<\/p>\n<p>Dr\u00f8ymer du om sn\u00f8 og kvit jul, s\u00e5 er faren for \u00e5 bli skuffa ganske stor \u2013 i alle fall om du bur i S\u00f8r-Noreg.<\/p>\n<p>Mildv\u00ear i s\u00f8r, og kulde og minusgrader i nord. Dette er varselet for store delar av adventstida framover.<\/p>\n<p>Men statsmeteorolog Marek Ratajczak gir framleis eit lite h\u00e5p til alle som \u00f8nsker kulde og is.<\/p>\n<p>\u2013 Eg har ikkje lyst til \u00e5 avskrive kvit jul heilt enno.<\/p>\n<p><img decoding=\"async\"   src=\"data:image\/gif;base64,R0lGODlhAQABAIAAAAAAAP\/\/\/yH5BAEAAAAALAAAAAABAAEAAAIBRAA7\" loading=\"eager\" alt=\"Bilete 2 (Utvikfjellet)\" title=\"Foto: Randi Ryssdal\"\/><\/p>\n<p class=\"\">Utvikfjellet i Gloppen kommune har ofte bra sn\u00f8mengder i desember, men ikkje i \u00e5r.<\/p>\n<p>Foto: Randi Ryssdal<\/p>\n<p>Dei neste par vekene ligg det an til ein mild v\u00eartype i S\u00f8r -Noreg. I Nord-Noreg er det, i alle fall den neste veka, litt meir vinterlege forhold.<\/p>\n<p>\u2013 Etter dette er det enda meir usikkert kva som skjer i nord vidare inn mot slutten av desember.<\/p>\n<p>F\u00e6rre kvite julaftnar<\/p>\n<p><a href=\"https:\/\/www.yr.no\/nb\/meteorologene\/85f88757-8718-4fec-8220-d4f676a909c7\" ec-id=\"https:\/\/www.yr.no\/nb\/meteorologene\/85f88757-8718-4fec-8220-d4f676a909c7\" ec-name=\"Yr.no\" rel=\"nofollow noopener\" target=\"_blank\">Yr.no<\/a> har samanlikna perioden fr\u00e5 1961 til 1990 med perioden 1991 til 2020.<\/p>\n<p>Her er tala tydelege.<\/p>\n<p>Enkelte omr\u00e5de fr\u00e5 svenskegrensa til Kristiansand, fr\u00e5 kysten og inn i landet, har hatt 10 f\u00e6rre kvite julaftnar n\u00e5r ein samanliknar dei to periodane.<\/p>\n<p>I l\u00e5glandet er det berre i Troms og Finnmark at sjansen for kvit jul blir verande h\u00f8g.<\/p>\n<p><img decoding=\"async\"   src=\"data:image\/gif;base64,R0lGODlhAQABAIAAAAAAAP\/\/\/yH5BAEAAAAALAAAAAABAAEAAAIBRAA7\" loading=\"eager\" alt=\"Kart fr\u00e5 yr\" title=\"Foto: Illustrasjon: yr.no\"\/><\/p>\n<p class=\"\">Det blir f\u00e6rre julaftnar med kvit jul, viser oversikta fr\u00e5 YR.<\/p>\n<p>Foto: Illustrasjon: yr.no<\/p>\n<p>\u00abAvlyser\u00bb v\u00earfenomen<\/p>\n<p>I oktober <a href=\"https:\/\/www.nrk.no\/vestland\/vaerfenomenet-bra-stratosfaerisk-oppvarming-kan-fore-til-en-bitende-kald-vinter-1.17623750\" ec-id=\"pp:article:1.17623750\" ec-name=\"publiserte\" rel=\"nofollow noopener\" target=\"_blank\">publiserte<\/a> NRK ei sak som antyda at slutten av desember og januar kan bli bitande kald.<\/p>\n<p>\u00c5 lage prognosar for v\u00earet langt fram i tid er vanskeleg og usikkert. For \u00e5 f\u00e5 nokre hint ser meteorologane p\u00e5 det dei kallar klimaindikatorar.<\/p>\n<p>Dette er blant anna havtemperaturane i de ulike verdshava, utbreiing av havis og vindforholda i stratosf\u00e6ren.<\/p>\n<p>Bakgrunnen for kuldeperioden skulle vere eit v\u00earfenomen, som meteorologane kallar \u00abbr\u00e5 stratosf\u00e6risk oppvarming\u00bb.<\/p>\n<p>Fenomenet kan f\u00f8re til at vinden blir svekka, og til og med snu og skifte retning \u2013 det vil seie bl\u00e5se fr\u00e5 aust til vest ein periode.<\/p>\n<p>Br\u00e5 stratosf\u00e6risk oppvarming<\/p>\n<ul>\n<li>Br\u00e5 stratosf\u00e6risk oppvarming er eit v\u00earfenomen som er kjenneteikna av at temperaturen i stratosf\u00e6ren over polomr\u00e5da plutseleg aukar med fleire titals grader i l\u00f8pet av nokre f\u00e5 dagar.<\/li>\n<li>Endring i vind i stratosf\u00e6ren gjer at vestavinden i troposf\u00e6ren (p\u00e5 bakken), som f\u00f8rer med seg l\u00e5gtrykk inn mot kysten av Noreg, blir svekka. I staden for mild og fuktig luft fr\u00e5 havet kjem det kald og t\u00f8rr luft fr\u00e5 aust.<\/li>\n<li>Ein br\u00e5 stratosf\u00e6risk oppvarming kan gi lange periodar med kaldt ver i Noreg.<\/li>\n<\/ul>\n<p>Kjelde: Store norske leksikon.<\/p>\n<p>Men meteorologen ser ikkje noko tendens til dette no i n\u00e6r framtid.<\/p>\n<p>Tvert imot viser verkartet for neste veke (veke 50) at det er plussgrader i s\u00f8r og noko kaldare i nord.<\/p>\n<p><img decoding=\"async\"   src=\"data:image\/gif;base64,R0lGODlhAQABAIAAAAAAAP\/\/\/yH5BAEAAAAALAAAAAABAAEAAAIBRAA7\" loading=\"eager\" alt=\"Verkart\" title=\"Foto: Illustrasjon: Meteorologisk institutt\"\/><\/p>\n<p class=\"\">Plussgrader i s\u00f8r og kaldare i nord. Slik er varselet for neste veke.<\/p>\n<p>Foto: Illustrasjon: Meteorologisk institutt<\/p>\n<p>Viste seg i november<\/p>\n<p>Han vil likevel ikkje avvise fenomenet heilt, ettersom store delar av landet hadde ein kuldeperiode i november \u2013 s\u00e6rleg Nord-Noreg.<\/p>\n<p>\u2013 I Nord-Noreg vart november litt kj\u00f8ligare enn normalt, og det har nok samanheng med polarvirvelen i stratosf\u00e6ren.<\/p>\n<p>Han seier at polarvirvelen var \u00abganske svekka og pressa vekk fr\u00e5 Nordpolen\u00bb, kor den vanlegvis er \u00e5 finne p\u00e5 denne tida.<\/p>\n<p>Men no er virvelen p\u00e5 veg tilbake<\/p>\n<p>\u2013 Det er ikkje tydelege signal p\u00e5 at det blir ein ny kuldeperiode dei neste par vekene.<\/p>\n<p><img decoding=\"async\"   src=\"data:image\/gif;base64,R0lGODlhAQABAIAAAAAAAP\/\/\/yH5BAEAAAAALAAAAAABAAEAAAIBRAA7\" loading=\"eager\" alt=\"Bilete3 (Sortland)\" title=\"Foto: B\u00f8rre Magne Albrigtsen\"\/><\/p>\n<p class=\"\">I store delar i Nord-Noreg vil kulda halde seg, i alle fall neste veke. Som her i Sortland. <\/p>\n<p>Foto: B\u00f8rre Magne Albrigtsen<\/p>\n<p>Mildv\u00ear og regn<\/p>\n<p>I dei fleste st\u00f8rste byane og tettstadene langs kysten blir det med andre ord ein mild advent. Langtidsvarselet viser ogs\u00e5 at det truleg blir ein del regn i same periode.<\/p>\n<p>Det er dei siste dagane inn mot jula som framleis er usikre.<\/p>\n<p>\u2013 Ja, for plutseleg s\u00e5 kan det snu eit par dagar f\u00f8r jul, og da f\u00e5r ein jo den julesn\u00f8en som mange er ute etter.<\/p>\n<p><img decoding=\"async\"   src=\"data:image\/gif;base64,R0lGODlhAQABAIAAAAAAAP\/\/\/yH5BAEAAAAALAAAAAABAAEAAAIBRAA7\" loading=\"eager\" alt=\"Bilete 5 (Fl\u00e5 i Hallingdal)\" title=\"Foto: Bente Damengen Tollefsen\"\/><\/p>\n<p class=\"\">Det er dette mange dr\u00f8ymer om. I Fl\u00e5 i Hallingdal er det framleis sn\u00f8.<\/p>\n<p>Foto: Bente Damengen Tollefsen<\/p>\n<p>Publisert<\/p>\n<p>04.12.2025, kl. 17.48<\/p>\n","protected":false},"excerpt":{"rendered":"Saka oppsummert: \u2022 Store delar av S\u00f8r-Noreg kan forvente mildv\u00ear og regn i adventstida, medan Nord-Noreg f\u00e5r kaldare&hellip;\n","protected":false},"author":2,"featured_media":104455,"comment_status":"","ping_status":"","sticky":false,"template":"","format":"standard","meta":{"footnotes":""},"categories":[5],"tags":[20,21,24,25,15,19,22,23,17,18,13,30,28,29,14,16,26,27],"class_list":{"0":"post-104454","1":"post","2":"type-post","3":"status-publish","4":"format-standard","5":"has-post-thumbnail","7":"category-overskrifter","8":"tag-breaking-news","9":"tag-breakingnews","10":"tag-featured-news","11":"tag-featurednews","12":"tag-headlines","13":"tag-hovedoppslag","14":"tag-latest-news","15":"tag-latestnews","16":"tag-main-news","17":"tag-mainnews","18":"tag-news","19":"tag-no","20":"tag-norge","21":"tag-norway","22":"tag-nyheter","23":"tag-overskrifter","24":"tag-top-stories","25":"tag-topstories"},"share_on_mastodon":{"url":"https:\/\/pubeurope.com\/@no\/115663409262914325","error":""},"_links":{"self":[{"href":"https:\/\/www.europesays.com\/no\/wp-json\/wp\/v2\/posts\/104454","targetHints":{"allow":["GET"]}}],"collection":[{"href":"https:\/\/www.europesays.com\/no\/wp-json\/wp\/v2\/posts"}],"about":[{"href":"https:\/\/www.europesays.com\/no\/wp-json\/wp\/v2\/types\/post"}],"author":[{"embeddable":true,"href":"https:\/\/www.europesays.com\/no\/wp-json\/wp\/v2\/users\/2"}],"replies":[{"embeddable":true,"href":"https:\/\/www.europesays.com\/no\/wp-json\/wp\/v2\/comments?post=104454"}],"version-history":[{"count":0,"href":"https:\/\/www.europesays.com\/no\/wp-json\/wp\/v2\/posts\/104454\/revisions"}],"wp:featuredmedia":[{"embeddable":true,"href":"https:\/\/www.europesays.com\/no\/wp-json\/wp\/v2\/media\/104455"}],"wp:attachment":[{"href":"https:\/\/www.europesays.com\/no\/wp-json\/wp\/v2\/media?parent=104454"}],"wp:term":[{"taxonomy":"category","embeddable":true,"href":"https:\/\/www.europesays.com\/no\/wp-json\/wp\/v2\/categories?post=104454"},{"taxonomy":"post_tag","embeddable":true,"href":"https:\/\/www.europesays.com\/no\/wp-json\/wp\/v2\/tags?post=104454"}],"curies":[{"name":"wp","href":"https:\/\/api.w.org\/{rel}","templated":true}]}}