{"id":104456,"date":"2025-12-04T21:25:12","date_gmt":"2025-12-04T21:25:12","guid":{"rendered":"https:\/\/www.europesays.com\/no\/104456\/"},"modified":"2025-12-04T21:25:12","modified_gmt":"2025-12-04T21:25:12","slug":"ehl-klasseforskjell-da-publikum-holdt-pusten","status":"publish","type":"post","link":"https:\/\/www.europesays.com\/no\/104456\/","title":{"rendered":"EHL: Klasseforskjell da publikum holdt pusten:"},"content":{"rendered":"<p>\u2013 V\u00e5lerenga har dominert denne kampen fra start. Frisk er ikke i n\u00e6rheten.<\/p>\n<p>Det var dommen til TV 2s hockeyekspert, og tidligere Frisk- og V\u00e5lerenga-spiller, Erik Follestad f\u00f8r tredje periode satte i gang.<\/p>\n<p>Da stod det hele 5-1 til serietoer VIF.\u00a0<\/p>\n<p>Seieren gj\u00f8r at gutta fra Oslo \u00d8st spiser seg innp\u00e5 Frisk som topper tabellen.\u00a0<\/p>\n<p>        <img class=\"image__img lazyload\" itemprop=\"image\" title=\"Foto: Heiko Junge \/ NTB\" alt=\" Foto: Heiko Junge \/ NTB\" width=\"978\" height=\"551\" bad-src=\"https:\/\/www.europesays.com\/no\/wp-content\/uploads\/2025\/12\/18353658.webp\" fetchpriority=\"auto\" \/><\/p>\n<p>         Foto: Heiko Junge \/ NTB<\/p>\n<p>\u2013 For spenningen i serien og for kampene som kommer, s\u00e5 er det viktig at ikke ett lag stikker ifra. N\u00e5 er vi seks poeng bak med \u00e9n kamp mindre spilt, og da har vi kontakt med teten, sier VIF-trener Roy Johansen til TV 2.<\/p>\n<p>Allerede f\u00f8r seks minutter var spilt hadde V\u00e5lerenga rukket \u00e5 ryste serielederen to ganger.<\/p>\n<p>\u2013 De er ikke ferdig med \u00e5 annonsere 1-0-scoringen f\u00f8r Jordal-publikummet er p\u00e5 beina igjen, kommenterte TV 2s Espen Ween.<\/p>\n<p>Men fem minutter f\u00f8r f\u00f8rste periode gikk mot slutten inntraff det som kunne blitt en alvorlig skade p\u00e5 Frisks Christian Vethe Bye.\u00a0<\/p>\n<p>V\u00e5lerengas\u00a0Nick Caamano suste inn i en takling p\u00e5 Bye, som fikk Caamanos sk\u00f8yte hardt i hjelmen.<\/p>\n<p>        <img class=\"image__img lazyload\" itemprop=\"image\" title=\"Foto: Fredrik Varfjell \/ NTB\" alt=\"KRAFTIG SMELL: Christian Vete Bye trengte tid p\u00e5 \u00e5 komme seg etter duellen med Nick Caamano. Foto: Fredrik Varfjell \/ NTB\" width=\"675\" height=\"379\" bad-src=\"https:\/\/www.europesays.com\/no\/wp-content\/uploads\/2025\/12\/18353728.webp\" fetchpriority=\"auto\" \/><\/p>\n<p>      KRAFTIG SMELL: Christian Vete Bye trengte tid p\u00e5 \u00e5 komme seg etter duellen med Nick Caamano.<br \/>\n         Foto: Fredrik Varfjell \/ NTB<\/p>\n<p>\u2013 Det er nesten flaks at ikke sk\u00f8yta kommer under hjelmen og at det ikke skj\u00e6res opp i ansiktet, sa ekspertkommentator\u00a0Jan Andr\u00e9 Aasland.<\/p>\n<p>\u2013 Gufne frysninger opp\u00e5 her n\u00e5. Det ble stille n\u00e5r de s\u00e5 bildene, meldte Ween om reaksjonene blant publikum.<\/p>\n<p class=\"bold m-bold\" data-lab-font_weight=\"bold\">Heldigvis kom Bye omsider p\u00e5 beina igjen og kunne fortsette utp\u00e5 isen.<\/p>\n<p>Kampens store spiller\u00a0Blake McLaughlin fullf\u00f8rte sitt hattrick p\u00e5 stillingen 5-0 i andre periode.<\/p>\n<p>Senere i perioden havnet han i en ordentlig batalje med\u00a0Christian K\u00e5sastul \u2013 og begge m\u00e5tte se resten av kampen fra tribunen.<\/p>\n<p>\u2013 Jeg har sett bedre fighter, det har jeg. Det ser ut som de ikke helt bestemmer seg. S\u00e5 h\u00e5per jeg at det ikke blir noe karantene p\u00e5 det, sier Follestad.<\/p>\n<p>Med 6-1-seier er V\u00e5lerenga n\u00e5 seks poeng bak Askerb\u00f8ringene.\u00a0<\/p>\n<p>\u2013 Det er en kamp hvor vi ikke er noe forn\u00f8yde, det kan vi ikke v\u00e6re. Det er litt trist i en s\u00e5nn toppmatch \u00e5 komme bak, jage og ikke ha kruttet til \u00e5 komme tilbake heller, sier Frisk-trener\u00a0Sjur Robert Nilsen.<\/p>\n<p>Da var stillingen 5-1 til VIF.<\/p>\n","protected":false},"excerpt":{"rendered":"\u2013 V\u00e5lerenga har dominert denne kampen fra start. Frisk er ikke i n\u00e6rheten. Det var dommen til TV&hellip;\n","protected":false},"author":2,"featured_media":104457,"comment_status":"","ping_status":"","sticky":false,"template":"","format":"standard","meta":{"footnotes":""},"categories":[59],"tags":[30,28,29,83,82],"class_list":{"0":"post-104456","1":"post","2":"type-post","3":"status-publish","4":"format-standard","5":"has-post-thumbnail","7":"category-sport","8":"tag-no","9":"tag-norge","10":"tag-norway","11":"tag-sport","12":"tag-sports"},"share_on_mastodon":{"url":"https:\/\/pubeurope.com\/@no\/115663413125296888","error":""},"_links":{"self":[{"href":"https:\/\/www.europesays.com\/no\/wp-json\/wp\/v2\/posts\/104456","targetHints":{"allow":["GET"]}}],"collection":[{"href":"https:\/\/www.europesays.com\/no\/wp-json\/wp\/v2\/posts"}],"about":[{"href":"https:\/\/www.europesays.com\/no\/wp-json\/wp\/v2\/types\/post"}],"author":[{"embeddable":true,"href":"https:\/\/www.europesays.com\/no\/wp-json\/wp\/v2\/users\/2"}],"replies":[{"embeddable":true,"href":"https:\/\/www.europesays.com\/no\/wp-json\/wp\/v2\/comments?post=104456"}],"version-history":[{"count":0,"href":"https:\/\/www.europesays.com\/no\/wp-json\/wp\/v2\/posts\/104456\/revisions"}],"wp:featuredmedia":[{"embeddable":true,"href":"https:\/\/www.europesays.com\/no\/wp-json\/wp\/v2\/media\/104457"}],"wp:attachment":[{"href":"https:\/\/www.europesays.com\/no\/wp-json\/wp\/v2\/media?parent=104456"}],"wp:term":[{"taxonomy":"category","embeddable":true,"href":"https:\/\/www.europesays.com\/no\/wp-json\/wp\/v2\/categories?post=104456"},{"taxonomy":"post_tag","embeddable":true,"href":"https:\/\/www.europesays.com\/no\/wp-json\/wp\/v2\/tags?post=104456"}],"curies":[{"name":"wp","href":"https:\/\/api.w.org\/{rel}","templated":true}]}}