{"id":104460,"date":"2025-12-04T21:30:48","date_gmt":"2025-12-04T21:30:48","guid":{"rendered":"https:\/\/www.europesays.com\/no\/104460\/"},"modified":"2025-12-04T21:30:48","modified_gmt":"2025-12-04T21:30:48","slug":"okonomi-og-naeringsliv-bil-bilforhandlere-i-bergen-opplever-stor-pagang-av-nybilkjopere-som-vil-bestille-elbil-for-momsen-oker-i-2026","status":"publish","type":"post","link":"https:\/\/www.europesays.com\/no\/104460\/","title":{"rendered":"\u00d8konomi og n\u00e6ringsliv, Bil | Bilforhandlere i Bergen opplever stor p\u00e5gang av nybilkj\u00f8pere som vil bestille elbil f\u00f8r momsen \u00f8ker i 2026."},"content":{"rendered":"\n<p><b>Nybilkj\u00f8pere begynner \u00e5 f\u00e5 d\u00e5rlig tid. Varelagrene hos bilforhandlerne i Bergen krymper raskt. <\/b><\/p>\n<p>\u00c5rsak: Fra 1. januar 2026 skal Jonas Gahr St\u00f8re og regjeringen heve elbil-momsen. Privatbiler f\u00e5r 25 prosent moms p\u00e5 kj\u00f8pesummen som overstiger 300.000 kroner.<\/p>\n<p>\u2013 Vi pr\u00f8vekj\u00f8rte bil i morges og har n\u00e5 bestemt oss for \u00e5 kj\u00f8pe en Polestar 4. Den viktigste grunnen er de 50.000 kronene vi kan spare i moms, sier Tone Bubandt og Lasse Stenberg fra Sotra.<\/p>\n<p>Paret har tidligere eid b\u00e5de ID3 og en Polestar 2. Sistnevnte blir tatt i innbytte av selger Martin Tysnes Holmefjord.<\/p>\n<p><b>\u2013 Vi \u00f8nsket oss en trafikksikker bil med lang rekkevidde \u2013 og mulighet for \u00e5 trekke b\u00e5ten v\u00e5r p\u00e5 tilhenger!<\/b><\/p>\n<p>   <img decoding=\"async\" width=\"8256\" height=\"5504\" fetchpriority=\"low\"  loading=\"lazy\"  src=\"https:\/\/www.europesays.com\/no\/wp-content\/uploads\/2025\/12\/1237.jpg\" alt=\"\" class=\"brick-c-cFOWSL\" style=\"--brick-image-ratio: 8256 \/ 5504;\"\/><\/p>\n<p>      Jan \u00c5ge Langeset.<br \/>\n      Foto: Emil Weatherhead Breistein\n    <\/p>\n<p>  Salgshopp for kinabil<\/p>\n<p>Vi befinner oss i \u00c5sane der Frydenb\u00f8 Bil har \u00e5pnet et nytt Polestar-senter denne uken. M\u00e5let er \u00e5 gi kundene en enda bedre opplevelse enn man har hatt p\u00e5 showrommet ved Tinghuset i sentrum.<\/p>\n<p>\u2013 Vi er s\u00e5 heldige at vi fortsatt har noen biler som kan leveres f\u00f8r nytt\u00e5r og en eventuell moms\u00f8kning. Akkurat n\u00e5 er det ekstra trykk, p\u00e5 linje med det vi opplevde forrige gang toppmoms ble varslet, sier Jan \u00c5ge Langeset, salgssjef for Polestar Space Bergen.<\/p>\n<p><b>Per 25. november var det solgt 3151 Polestar-biler i Norge, en \u00f8kning p\u00e5 70 prosent fra i fjor. Av disse er 385 solgt i Vestland fylke. Selskapet er svenskeid, men bilene bygges i Kina. <\/b><\/p>\n<p>Elbilforeningen: \u2013 Pris er viktig<\/p>\n<p>At det skyller en elbil-b\u00f8lge over Norge er ingen nyhet.<\/p>\n<p><b>Fire fylker hadde en elbilandel p\u00e5 over 99 prosent, alts\u00e5 p\u00e5 salg av nye personbiler, i november 2025. Vestland fylke ligger nest h\u00f8yest med en andel p\u00e5 99,5 prosent.<\/b><\/p>\n<p>\u2212 Dette viser at folk vil ha elbil s\u00e5 lenge den har en konkurransedyktig pris, sier Christina Bu, generalsekret\u00e6r i Norsk elbilforening.<\/p>\n<p>Det blir elbilmoms fra 300.000 kroner fra nytt\u00e5r. S\u00e5 trappes grensen ned til 150.000 kroner i 2027, f\u00f8r det blir full elbilmoms fra 2028, noe Ap, Sp, R\u00f8dt, MDG og SV ble enige om natt til onsdag 3. desember.<\/p>\n<p>  <a href=\"https:\/\/www.ba.no\/5-8-3230406\" class=\"related-teaser has-image default-story-teaser article--c-eRUmMG article--c-eRUmMG-jKCPdD-design-default\" rel=\"nofollow noopener\" target=\"_blank\"><\/p>\n<p>    <img decoding=\"async\" loading=\"lazy\"  src=\"https:\/\/www.europesays.com\/no\/wp-content\/uploads\/2025\/12\/IMG_6745.jpg\" alt=\"\" class=\"brick-c-cFOWSL\" style=\"\"\/><\/p>\n<p>\n            Les ogs\u00e5<\/p>\n<p>              Bergen har gitt elbilistene to milliarder kroner i rabatt: \u2013 N\u00e5 vil de fjerne dette?!\n        <\/p>\n<p>  <\/a><br \/>\n  M\u00f8ller: \u2013 Tredobling av salget<\/p>\n<p>\u2013 P\u00e5gangen har v\u00e6rt massiv og vi har sett en tredobling av salget v\u00e5rt etter 15. oktober. Det er jo fint \u00e5 selge mange biler, men her er bakteppet dystert b\u00e5de for klimasaken og mange kunder som ikke har mulighet til \u00e5 kj\u00f8pe seg ny bil p\u00e5 s\u00e5 kort varsel, sier \u00d8yvind Rognlien Skovli, kommunikasjonsdirekt\u00f8r i M\u00f8ller Mobility Group.<\/p>\n<p>   <img decoding=\"async\" width=\"2048\" height=\"1366\" fetchpriority=\"low\"  loading=\"lazy\"  src=\"https:\/\/www.europesays.com\/no\/wp-content\/uploads\/2025\/12\/cad398f1-7c1e-4564-8dd2-654e276f01b0.jpg\" alt=\"Photo by Kilian Munch\" class=\"brick-c-cFOWSL\" style=\"--brick-image-ratio: 2048 \/ 1366;\"\/><\/p>\n<p>      \u00d8yvind Rognlien Skovli.<br \/>\n      Foto: Kilian Munch\n    <\/p>\n<p>Konsernet selger bilmerkene Audi, Cupra, Seat, \u0160koda og Volkswagen,<\/p>\n<p>Her legger man ikke skjul p\u00e5 misn\u00f8ye med regjeringens statsbudsjett, som skaper usikkerhet b\u00e5de for selger og kj\u00f8per.<\/p>\n<p><b>\u2013 Vi mener regjeringens forslag er d\u00e5rlige nyheter b\u00e5de for klimaet og forbrukerne. Det forsinker utskiftningstakten av alle de mange fossile bilene som fortsatt g\u00e5r p\u00e5 norske veier, og i tillegg skaper det stor uforutsigbarhet for mange kunder p\u00e5 kort sikt, sier Skovli til BA.<\/b><\/p>\n<p>Mot ny rekord<\/p>\n<p>S\u00e5 langt i \u00e5r er det solgt 137.887 elbiler i Norge, og det ligger dermed an til ny \u00e5rsrekord i b\u00e5de antall solgte elbiler og i elbilandel.<\/p>\n<p><b>Rekorden fra 2022 er p\u00e5 138.249 salg, som i stor grad skyldtes rekordh\u00f8yt desembersalg det \u00e5ret som f\u00f8lge av innf\u00f8ringen av toppmoms p\u00e5 elbiler med prislapp over 500.000 kroner.<\/b><\/p>\n<p>            De ti mest solgte elbilene i november 2025<\/p>\n<ul>\n<li>1. Tesla Model Y: 3648<\/li>\n<li>2. Tesla Model 3: 2562<\/li>\n<li>3. Volvo EX40: 916<\/li>\n<li>4. Volkswagen ID.4: 892<\/li>\n<li>5. Volkswagen ID.7: 780<\/li>\n<li>6. Volvo EX30: 620<\/li>\n<li>7. Ford Explorer EV: 508<\/li>\n<li>8. Skoda Elroq: 486<\/li>\n<li>9. Skoda Enyaq: 420<\/li>\n<li>10. BMW iX1: 418<\/li>\n<\/ul>\n<p>Kilde: Elbilforeningen<\/p>\n<p>  <a href=\"https:\/\/www.ba.no\/5-8-3127041\" class=\"related-teaser has-image default-story-teaser article--c-eRUmMG article--c-eRUmMG-jKCPdD-design-default\" rel=\"nofollow noopener\" target=\"_blank\"><\/p>\n<p>    <img decoding=\"async\" loading=\"lazy\"  src=\"https:\/\/www.europesays.com\/no\/wp-content\/uploads\/2025\/12\/Sandven_Exlantix_017__KS_4996.jpg\" alt=\"\" class=\"brick-c-cFOWSL\" style=\"\"\/><\/p>\n<p>\n            Les ogs\u00e5<\/p>\n<p>              Trond Sandven selger deler av livsverket: \u2013 Skal ikke berike meg selv\n        <\/p>\n<p>  <\/a><\/p>\n<p>  <a href=\"https:\/\/www.ba.no\/5-8-3196942\" class=\"related-teaser has-image default-story-teaser article--c-eRUmMG article--c-eRUmMG-jKCPdD-design-default\" rel=\"nofollow noopener\" target=\"_blank\"><\/p>\n<p>    <img decoding=\"async\" loading=\"lazy\"  src=\"https:\/\/www.europesays.com\/no\/wp-content\/uploads\/2025\/12\/VW+ID7+samlebilde.jpg\" alt=\"\" class=\"brick-c-cFOWSL\" style=\"\"\/><\/p>\n<p>\n            Les ogs\u00e5<\/p>\n<p>              Avgifts-bombe: Prisen p\u00e5 elbiler skyter til himmels\n        <\/p>\n<p>  <\/a><\/p>\n<p>  <a href=\"https:\/\/www.ba.no\/5-8-3099026\" class=\"related-teaser has-image default-story-teaser article--c-eRUmMG article--c-eRUmMG-jKCPdD-design-default\" rel=\"nofollow noopener\" target=\"_blank\"><\/p>\n<p>    <img decoding=\"async\" loading=\"lazy\"  src=\"https:\/\/www.europesays.com\/no\/wp-content\/uploads\/2025\/12\/RJ8_8507.jpg\" alt=\"\" class=\"brick-c-cFOWSL\" style=\"\"\/><\/p>\n<p>\n            Les ogs\u00e5<\/p>\n<p>              Opphopning av sparkesykler i sentrum: \u2013 Butikken v\u00e5r blir sperret inne!\n        <\/p>\n<p>  <\/a><\/p>\n<p>  <a href=\"https:\/\/www.ba.no\/5-8-3109135\" class=\"related-teaser has-image default-story-teaser article--c-eRUmMG article--c-eRUmMG-jKCPdD-design-default\" rel=\"nofollow noopener\" target=\"_blank\"><\/p>\n<p>    <img decoding=\"async\" loading=\"lazy\"  src=\"https:\/\/www.europesays.com\/no\/wp-content\/uploads\/2025\/12\/BA-20250801-37.jpg\" alt=\"\" class=\"brick-c-cFOWSL\" style=\"\"\/><\/p>\n<p>\n            Les ogs\u00e5<\/p>\n<p>              Ny toppjobb: Denne uken startet ildpr\u00f8ven\n        <\/p>\n<p>  <\/a><\/p>\n","protected":false},"excerpt":{"rendered":"Nybilkj\u00f8pere begynner \u00e5 f\u00e5 d\u00e5rlig tid. Varelagrene hos bilforhandlerne i Bergen krymper raskt. \u00c5rsak: Fra 1. januar 2026&hellip;\n","protected":false},"author":2,"featured_media":104461,"comment_status":"","ping_status":"","sticky":false,"template":"","format":"standard","meta":{"footnotes":""},"categories":[10],"tags":[36,1851,444,222,20,21,267,24,25,15,22,23,7939,13120,13,30,28,29,14,16,216,4112,1510,26,27],"class_list":{"0":"post-104460","1":"post","2":"type-post","3":"status-publish","4":"format-standard","5":"has-post-thumbnail","7":"category-norge","8":"tag-art","9":"tag-asane","10":"tag-bergen","11":"tag-bil","12":"tag-breaking-news","13":"tag-breakingnews","14":"tag-elbil","15":"tag-featured-news","16":"tag-featurednews","17":"tag-headlines","18":"tag-latest-news","19":"tag-latestnews","20":"tag-moms","21":"tag-moller-bil","22":"tag-news","23":"tag-no","24":"tag-norge","25":"tag-norway","26":"tag-nyheter","27":"tag-overskrifter","28":"tag-okonomi-og-naeringsliv","29":"tag-polestar","30":"tag-story","31":"tag-top-stories","32":"tag-topstories"},"share_on_mastodon":{"url":"https:\/\/pubeurope.com\/@no\/115663437134375718","error":""},"_links":{"self":[{"href":"https:\/\/www.europesays.com\/no\/wp-json\/wp\/v2\/posts\/104460","targetHints":{"allow":["GET"]}}],"collection":[{"href":"https:\/\/www.europesays.com\/no\/wp-json\/wp\/v2\/posts"}],"about":[{"href":"https:\/\/www.europesays.com\/no\/wp-json\/wp\/v2\/types\/post"}],"author":[{"embeddable":true,"href":"https:\/\/www.europesays.com\/no\/wp-json\/wp\/v2\/users\/2"}],"replies":[{"embeddable":true,"href":"https:\/\/www.europesays.com\/no\/wp-json\/wp\/v2\/comments?post=104460"}],"version-history":[{"count":0,"href":"https:\/\/www.europesays.com\/no\/wp-json\/wp\/v2\/posts\/104460\/revisions"}],"wp:featuredmedia":[{"embeddable":true,"href":"https:\/\/www.europesays.com\/no\/wp-json\/wp\/v2\/media\/104461"}],"wp:attachment":[{"href":"https:\/\/www.europesays.com\/no\/wp-json\/wp\/v2\/media?parent=104460"}],"wp:term":[{"taxonomy":"category","embeddable":true,"href":"https:\/\/www.europesays.com\/no\/wp-json\/wp\/v2\/categories?post=104460"},{"taxonomy":"post_tag","embeddable":true,"href":"https:\/\/www.europesays.com\/no\/wp-json\/wp\/v2\/tags?post=104460"}],"curies":[{"name":"wp","href":"https:\/\/api.w.org\/{rel}","templated":true}]}}