{"id":104462,"date":"2025-12-04T21:34:13","date_gmt":"2025-12-04T21:34:13","guid":{"rendered":"https:\/\/www.europesays.com\/no\/104462\/"},"modified":"2025-12-04T21:34:13","modified_gmt":"2025-12-04T21:34:13","slug":"donald-trump-kommer-til-a-odelegge-vm","status":"publish","type":"post","link":"https:\/\/www.europesays.com\/no\/104462\/","title":{"rendered":"\u2013 Donald Trump kommer til \u00e5 \u00f8delegge VM"},"content":{"rendered":"\n<ul class=\"_list_o9xde_3 _list_64s2r_85 _unordered_o9xde_106 text-sans-m\">\n<li class=\"_item_o9xde_30\">Senatorer, professorer og ansatte er sinte over Trumps overtagelse av Kennedy Center.<\/li>\n<li class=\"_item_o9xde_30\">Eksperter frykter at Trump vil overskygge fotball-VMs trekning.<\/li>\n<li class=\"_item_o9xde_30\">Trump sparker ut styremedlemmer og installerer sine egne allierte p\u00e5 Kennedy Center.<\/li>\n<li class=\"_item_o9xde_30\">Fifa-president Infantino kritiseres for \u00e5 v\u00e6re servil overfor Trump.<\/li>\n<\/ul>\n<p>Vis mer <\/p>\n<p class=\"_paragraph_o9xde_4 _paragraph_xtcu6_10 layout-component text-serif-m layout-normal text-serif-m layout-padded\">N\u00e5 frykter eksperter at presidenten vil overskygge VM totalt. <\/p>\n<p class=\"_paragraph_o9xde_4 _paragraph_xtcu6_10 layout-component text-serif-m layout-normal text-serif-m layout-padded\">\u2013 Donald Trump kommer til \u00e5 \u00f8delegge VM! <\/p>\n<p class=\"_paragraph_o9xde_4 _paragraph_xtcu6_10 layout-component text-serif-m layout-normal text-serif-m layout-padded\">Daniel Storey er en anerkjent, engelsk skribent og journalist, og legger ingenting imellom n\u00e5r han skal beskrive situasjonen f\u00f8r VM-trekningen i Washington fredag. <\/p>\n<p class=\"_paragraph_o9xde_4 _paragraph_xtcu6_10 layout-component text-serif-m layout-normal text-serif-m layout-padded\">\u00abI Trumps bakg\u00e5rd og politiske lekeplass denne uken kommer det ytterligere bevis p\u00e5 det vi alltid har fryktet: det st\u00f8rste showet p\u00e5 jord har USAs president som sin hovedattraksjon,\u00bb skriver han p\u00e5 nettstedet <a href=\"https:\/\/inews.co.uk\/sport\/football\/donald-trump-ruin-world-cup-2026-4080500\" class=\"_link_o9xde_39\" rel=\"nofollow noopener\" target=\"_blank\">iNews<\/a>. <\/p>\n<p class=\"_paragraph_o9xde_4 _paragraph_xtcu6_10 layout-component text-serif-m layout-normal text-serif-m layout-padded\">I Washington skinner solen f\u00f8r Norge og resten av fotballverden skal f\u00e5 vite hvem de m\u00f8ter og hvor de skal spille. <\/p>\n<p class=\"_paragraph_o9xde_4 _paragraph_xtcu6_10 layout-component text-serif-m layout-normal text-serif-m layout-padded\">I USAs hovedstad skal det ikke spilles en VM-kamp i mils omkrets, men presidenten har sikret seg at trekningen foreg\u00e5r i historiske John F. Kennedy Center, kun en kilometer unna Det hvite hus. <\/p>\n<p class=\"_paragraph_o9xde_4 _paragraph_xtcu6_10 layout-component text-serif-m layout-normal text-serif-m layout-padded\">Allerede f\u00f8r en eneste kule har blitt dratt opp av bollen av trekningsvert Rio Ferdinand fredag, er Trump-kaoset i gang. <\/p>\n<p class=\"_paragraph_o9xde_4 _paragraph_xtcu6_10 layout-component text-serif-m layout-normal text-serif-m layout-padded\">Med FifaFifaF\u00e9d\u00e9ration Internationale de Football Association (FIFA) er det internasjonale styringsorganet for fotball, ansvarlig for \u00e5 organisere store turneringer som verdensmesterskapet. som st\u00f8ttespillere, mener ekspertene: <\/p>\n<p class=\"_paragraph_o9xde_4 _paragraph_xtcu6_10 layout-component text-serif-m layout-normal text-serif-m layout-padded\">\u2013 Gianni InfantinoGianni InfantinoFifa-president har v\u00e6rt pinlig servil overfor Trump, og dette er nok et typisk eksempel p\u00e5 den oppf\u00f8rselen, sier professor Andrew Zimbalist til VG. <\/p>\n<p class=\"_paragraph_o9xde_4 _paragraph_xtcu6_10 layout-component text-serif-m layout-normal text-serif-m layout-padded\">Han er ekspert p\u00e5 store sportsarrangementer, offentlig subsidieringoffentlig subsidieringOffentlig subsidiering refererer til \u00f8konomisk st\u00f8tte fra myndighetene til organisasjoner eller prosjekter for \u00e5 redusere kostnader eller oppmuntre til spesifikke aktiviteter. og FIFA. <\/p>\n<p class=\"_paragraph_o9xde_4 _paragraph_xtcu6_10 layout-component text-serif-m layout-normal text-serif-m layout-padded\">Alle tre i kjernen av det som f\u00e5r mange amerikanere til \u00e5 rase f\u00f8r trekningen av VM-gruppene fredag. <\/p>\n<p><img alt=\"Foto: DAN MULLAN \/ AFP \/ NTB\" class=\"_image_qp4xg_65 layout-component layout-normal\" data-fullscreen- data-track-element-type=\"Article image fullscreen\" data-track-name=\"ImageFullscreen\" decoding=\"async\" loading=\"lazy\" height=\"3896\" itemprop=\"image\"  src=\"https:\/\/www.europesays.com\/no\/wp-content\/uploads\/2025\/12\/a280bb3a-fe81-4ce9-8fca-819f59b816b7\"  style=\"object-position:0% 0%\" width=\"5844\"\/>Foto: DAN MULLAN \/ AFP \/ NTB<\/p>\n<p class=\"_paragraph_o9xde_4 _paragraph_xtcu6_10 layout-component text-serif-m layout-normal text-serif-m layout-padded\">I februar kastet Trump ut 19 styremedlemmer og installerte seg selv som styreleder av Kennedy Center. Han sparket presidenten Deborah Rutter og satte inn sin allierte Richard Grenell som ny leder.<\/p>\n<p class=\"_paragraph_o9xde_4 _paragraph_xtcu6_10 layout-component text-serif-m layout-normal text-serif-m layout-padded\">\u2013 Vi trenger ikke \u00abwokewokeet begrep som opprinnelig refererte til \u00e5 v\u00e6re bevisst p\u00e5 sosiale urettferdigheter, men som n\u00e5 ofte brukes i en politisk kontekst for \u00e5 beskrive progressive eller liberale holdninger.<br \/>\n\u00bb p\u00e5 Kennedy Center, sa Trump if\u00f8lge\u00a0<a href=\"https:\/\/apnews.com\/article\/kennedy-center-world-cup-draw-ad98ba615810178145b754a38a38cdbe\" class=\"_link_o9xde_39\" rel=\"nofollow noopener\" target=\"_blank\">AP News<\/a>.<\/p>\n<p class=\"_paragraph_o9xde_4 _paragraph_xtcu6_10 layout-component text-serif-m layout-normal text-serif-m layout-padded\">Kennedy Center ble bygget som et levende minnesmerke over president John F. Kennedy etter hans d\u00f8d i 1963. <\/p>\n<p class=\"_paragraph_o9xde_4 _paragraph_xtcu6_10 layout-component text-serif-m layout-normal text-serif-m layout-padded\">Stedet har tradisjonelt v\u00e6rt \u00e5pent for alle \u2013 fra hjeml\u00f8se til politikere, fra hiphop-fans til operaelskere.<\/p>\n<p class=\"_paragraph_o9xde_4 _paragraph_xtcu6_10 layout-component text-serif-m layout-normal text-serif-m layout-padded\">Men under Trumps ledelse har alt endret seg, if\u00f8lge en artikkel i The Athletic:<\/p>\n<p>Flere har sagt opp <\/p>\n<ul class=\"_list_o9xde_3 _list_xtcu6_9 _list_16v91_9 _unordered_o9xde_106 layout-component text-serif-m layout-normal text-sans-m layout-padded\">\n<li class=\"_item_o9xde_30\">Flere kunstnere har trukket seg fra opptredener i protest. Skuespiller Issa Rae kansellerte et utsolgt show p\u00e5 grunn av \u00abinngrep i verdiene til en institusjon som trofast har feiret kunstnere fra alle bakgrunner\u00bb, if\u00f8lge The Athletic. <\/li>\n<li class=\"_item_o9xde_30\">Den popul\u00e6re musikalen \u00abHamilton\u00bb kansellerte sine mars- og april-forestillinger. Produsent Jeffrey Seller skrev at showet \u00abrett og slett ikke kan delta i denne nye kulturen som p\u00e5legges Kennedy Center\u00bb.<\/li>\n<\/ul>\n<p>Vis mer<\/p>\n<p class=\"_paragraph_o9xde_4 _paragraph_xtcu6_10 layout-component text-serif-m layout-normal text-serif-m layout-padded\">Senator Sheldon Whitehouse (D) har startet en gransking av Kennedy Center under Grenells ledelse. <\/p>\n<p class=\"_paragraph_o9xde_4 _paragraph_xtcu6_10 layout-component text-serif-m layout-normal text-serif-m layout-padded\">Senatoren mener at senteret brukes som \u00aben lekeplass for presidenten og hans allierte\u00bb. <\/p>\n<p class=\"_paragraph_o9xde_4 _paragraph_xtcu6_10 layout-component text-serif-m layout-normal text-serif-m layout-padded\">\u2013 (Trump) lar senteret bli et arnested for kameraderi og egeninteresser, skriver senatoren videre. <\/p>\n<p class=\"_paragraph_o9xde_4 _paragraph_xtcu6_10 layout-component text-serif-m layout-normal text-serif-m layout-padded\">Han f\u00e5r st\u00f8tte fra akademia: <\/p>\n<p class=\"_paragraph_o9xde_4 _paragraph_xtcu6_10 layout-component text-serif-m layout-normal text-serif-m layout-padded\">\u2013 Trump styres av egoet sitt. Han vet lite om h\u00f8ykultur og har liten tilknytning til Kennedy-senterets virksomhet. Trump fors\u00f8ker \u00e5 utnytte det meste til sin egen politiske fordel, sier professor Zimbalist til VG. <\/p>\n<p><img alt=\"Foto: Evelyn Hockstein \/ Reuters \/ NTB\" class=\"_image_qp4xg_65 layout-component layout-normal\" data-fullscreen- data-track-element-type=\"Article image fullscreen\" data-track-name=\"ImageFullscreen\" decoding=\"async\" loading=\"lazy\" height=\"4899\" itemprop=\"image\"  src=\"https:\/\/www.europesays.com\/no\/wp-content\/uploads\/2025\/12\/18824d7d-0c66-48d3-8ec1-30e3fd49a33e\"  style=\"object-position:0% 0%\" width=\"7344\"\/>Foto: Evelyn Hockstein \/ Reuters \/ NTB<\/p>\n<p class=\"_paragraph_o9xde_4 _paragraph_xtcu6_10 layout-component text-serif-m layout-normal text-serif-m layout-padded\">Grenells team har ogs\u00e5 brukt titusenvis av dollar p\u00e5 luksushotellet Watergate Hotel, dyre m\u00e5ltider og champagne p\u00e5 Kennedy Centers regning, viser dokumentene.<\/p>\n<p><img alt=\"En av regningene som viser hvordan Trump-st\u00f8ttespiller Richard Grenell skal ha brukt Kennedy Centers penger p\u00e5 dyre viner og middager.   Foto: Skjermdump\" class=\"_image_qp4xg_65 layout-component layout-normal\" data-fullscreen- data-track-element-type=\"Article image fullscreen\" data-track-name=\"ImageFullscreen\" decoding=\"async\" loading=\"lazy\" height=\"1444\" itemprop=\"image\"  src=\"https:\/\/www.europesays.com\/no\/wp-content\/uploads\/2025\/12\/5dc4ac61-d3f3-4abb-b0db-8a0fe3c45166\"  style=\"object-position:0% 0%\" width=\"1362\"\/>En av regningene som viser hvordan Trump-st\u00f8ttespiller Richard Grenell skal ha brukt Kennedy Centers penger p\u00e5 dyre viner og middager.   Foto: Skjermdump<\/p>\n<p class=\"_paragraph_o9xde_4 _paragraph_xtcu6_10 layout-component text-serif-m layout-normal text-serif-m layout-padded\">N\u00e5r VG og resten av medieverden i disse dager skal plukke opp akkrediteringene sine, skjer det nettopp i kjelleren p\u00e5 Watergate Hotel. <\/p>\n<p class=\"_paragraph_o9xde_4 _paragraph_xtcu6_10 layout-component text-serif-m layout-normal text-serif-m layout-padded\">\u2013 Det at man gj\u00f8r det p\u00e5 WatergateWatergateEn politisk skandale i USA p\u00e5 1970-tallet der president Nixons medarbeidere br\u00f8t seg inn i Demokratenes hovedkvarter og fors\u00f8kte \u00e5 skjule det. Avsl\u00f8ringene f\u00f8rte til at Nixon m\u00e5tte g\u00e5 av som president. er nesten for illustrerende, sier Miguel Delaney til VG. <\/p>\n<p><img alt=\"\" class=\"_image_qp4xg_65 layout-component layout-normal\" data-fullscreen- data-track-element-type=\"Article image fullscreen\" data-track-name=\"ImageFullscreen\" decoding=\"async\" loading=\"lazy\" height=\"3024\" itemprop=\"image\"  src=\"https:\/\/www.europesays.com\/no\/wp-content\/uploads\/2025\/12\/85bf5ff0-364c-4c18-98d7-de0bb7e7f3b8\"  style=\"object-position:0% 0%\" width=\"4032\"\/><\/p>\n<p class=\"_paragraph_o9xde_4 _paragraph_xtcu6_10 layout-component text-serif-m layout-normal text-serif-m layout-padded\">Han er skribent for The Telegraph og har mange \u00e5r bak seg som journalist om fotball og politikk. <\/p>\n<p class=\"_paragraph_o9xde_4 _paragraph_xtcu6_10 layout-component text-serif-m layout-normal text-serif-m layout-padded\">Vi treffer ham etter en seanse med Ars\u00e8ne Wenger, ledet av Trump-venn og tidligere fotballspiller Alexi Lalas. <\/p>\n<p><img alt=\"Alexi Lalas (t.v.) i en panelsamtale med Jill Ellis og tidligere Arsenal-trener Ars\u00e8ne Wenger.   Foto: DAN MULLAN \/ AFP \/ NTB\" class=\"_image_qp4xg_65 layout-component layout-normal\" data-fullscreen- data-track-element-type=\"Article image fullscreen\" data-track-name=\"ImageFullscreen\" decoding=\"async\" loading=\"lazy\" height=\"3884\" itemprop=\"image\"  src=\"https:\/\/www.europesays.com\/no\/wp-content\/uploads\/2025\/12\/e173d5be-3142-4b93-beb0-dda6c131629f\"  style=\"object-position:0% 0%\" width=\"5825\"\/>Alexi Lalas (t.v.) i en panelsamtale med Jill Ellis og tidligere Arsenal-trener Ars\u00e8ne Wenger.   Foto: DAN MULLAN \/ AFP \/ NTB<\/p>\n<p class=\"_paragraph_o9xde_4 _paragraph_xtcu6_10 layout-component text-serif-m layout-normal text-serif-m layout-padded\">\u2013 Det viser bare at alt rundt dette er s\u00e5 politisert. Fordi det skjer i et demokrati og ikke i et autokratiautokratiEn styreform der makten er konsentrert i hendene p\u00e5 \u00e9n person eller en liten gruppe, med liten eller ingen innflytelse fra folket. som Qatar, s\u00e5 er det desto mer sl\u00e5ende hvor \u00e5penlys politiseringenpolitiseringenProsessen der noe blir gjort politisk, ofte ved \u00e5 bli brukt for \u00e5 fremme en bestemt politisk agenda eller synspunkt er. Det er et valg og det f\u00f8les mest av alt som et FIFA-valg, sier Delaney, og fortsetter: <\/p>\n<p class=\"_paragraph_o9xde_4 _paragraph_xtcu6_10 layout-component text-serif-m layout-normal text-serif-m layout-padded\">\u2013 Det store sp\u00f8rsm\u00e5let er jo mer og mer hvorfor Infantino og Fifa ikke bare lar det skje, men ser ut til aktivt \u00e5 legge til rette for det. <\/p>\n<p class=\"_paragraph_o9xde_4 _paragraph_xtcu6_10 layout-component text-serif-m layout-normal text-serif-m layout-padded\">Natt til fredag norsk tid lander St\u00e5le Solbakken og fotballpresident Lise Klaveness i Washington for \u00e5 overv\u00e6re trekningen. <\/p>\n<p class=\"_paragraph_o9xde_4 _paragraph_xtcu6_10 layout-component text-serif-m layout-normal text-serif-m layout-padded\">Stjerner som Heidi Klum, Kevin Hart, Rio Ferdinand og Village People skal p\u00e5 scenen. <\/p>\n<p class=\"_paragraph_o9xde_4 _paragraph_xtcu6_10 layout-component text-serif-m layout-normal text-serif-m layout-padded\">Men den aller st\u00f8rste stjernen er allerede p\u00e5 plass. <\/p>\n","protected":false},"excerpt":{"rendered":"Senatorer, professorer og ansatte er sinte over Trumps overtagelse av Kennedy Center. Eksperter frykter at Trump vil overskygge&hellip;\n","protected":false},"author":2,"featured_media":104463,"comment_status":"","ping_status":"","sticky":false,"template":"","format":"standard","meta":{"footnotes":""},"categories":[59],"tags":[8634,3163,30,28,29,83,82],"class_list":{"0":"post-104462","1":"post","2":"type-post","3":"status-publish","4":"format-standard","5":"has-post-thumbnail","7":"category-sport","8":"tag-fotball-vm-2026","9":"tag-herrelandslaget-fotball","10":"tag-no","11":"tag-norge","12":"tag-norway","13":"tag-sport","14":"tag-sports"},"share_on_mastodon":{"url":"https:\/\/pubeurope.com\/@no\/115663448777744438","error":""},"_links":{"self":[{"href":"https:\/\/www.europesays.com\/no\/wp-json\/wp\/v2\/posts\/104462","targetHints":{"allow":["GET"]}}],"collection":[{"href":"https:\/\/www.europesays.com\/no\/wp-json\/wp\/v2\/posts"}],"about":[{"href":"https:\/\/www.europesays.com\/no\/wp-json\/wp\/v2\/types\/post"}],"author":[{"embeddable":true,"href":"https:\/\/www.europesays.com\/no\/wp-json\/wp\/v2\/users\/2"}],"replies":[{"embeddable":true,"href":"https:\/\/www.europesays.com\/no\/wp-json\/wp\/v2\/comments?post=104462"}],"version-history":[{"count":0,"href":"https:\/\/www.europesays.com\/no\/wp-json\/wp\/v2\/posts\/104462\/revisions"}],"wp:featuredmedia":[{"embeddable":true,"href":"https:\/\/www.europesays.com\/no\/wp-json\/wp\/v2\/media\/104463"}],"wp:attachment":[{"href":"https:\/\/www.europesays.com\/no\/wp-json\/wp\/v2\/media?parent=104462"}],"wp:term":[{"taxonomy":"category","embeddable":true,"href":"https:\/\/www.europesays.com\/no\/wp-json\/wp\/v2\/categories?post=104462"},{"taxonomy":"post_tag","embeddable":true,"href":"https:\/\/www.europesays.com\/no\/wp-json\/wp\/v2\/tags?post=104462"}],"curies":[{"name":"wp","href":"https:\/\/api.w.org\/{rel}","templated":true}]}}