{"id":104466,"date":"2025-12-04T21:39:31","date_gmt":"2025-12-04T21:39:31","guid":{"rendered":"https:\/\/www.europesays.com\/no\/104466\/"},"modified":"2025-12-04T21:39:31","modified_gmt":"2025-12-04T21:39:31","slug":"rodgronn-enighet-budsjettdramaets-vinner","status":"publish","type":"post","link":"https:\/\/www.europesays.com\/no\/104466\/","title":{"rendered":"R\u00f8dgr\u00f8nn enighet: Budsjettdramaets vinner"},"content":{"rendered":"<p>Det har v\u00e6rt interessant \u00e5 observere de ulike strategiene til R\u00f8dt\/Sp p\u00e5 ene siden og SV\/MDG p\u00e5 andre siden i det heftige budsjettdramaet de siste dagene.<\/p>\n<p>Det toppet seg l\u00f8rdag, da SV og MDG br\u00f8t ut av forhandlingene, og Ap Sp og R\u00f8dt likevel signerte en budsjettavtale uten flertall. MDG snakket h\u00f8yt om \u00e5 felle St\u00f8re-regjeringen, mens SV var skuffet over at de ikke kunne forhandle videre.\u00a0<\/p>\n<p>Samtidig var det vill jubel hos R\u00f8dt og Senterpartiet. Kontrasten var enorm. Strategiene totalt annerledes.<\/p>\n<p>        <img class=\"image__img lazyload\" itemprop=\"image\" title=\"Foto: Ole Enes Ebbesen \/ TV 2\" alt=\"TV 2s kommentator, Aslak Matre Eriksrud Foto: Ole Enes Ebbesen \/ TV 2\" width=\"978\" height=\"656\" bad-src=\"https:\/\/www.europesays.com\/no\/wp-content\/uploads\/2025\/12\/17688869.webp\" fetchpriority=\"auto\" \/><\/p>\n<p>      TV 2s kommentator, Aslak Matre Eriksrud<br \/>\n         Foto: Ole Enes Ebbesen \/ TV 2<\/p>\n<p>Ta for eksempel R\u00f8dts gjennomslag p\u00e5 uf\u00f8retrygd og tannhelse, som i pengesum er mindre enn MDGs gjennomslag p\u00e5 billigere kollektivtransport. MDG valgte \u00e5 bryte<br \/>\nog true med regjeringskrise. R\u00f8dts finanspolitiker M\u00edmir Kristj\u00e1nsson feiret som<br \/>\nom Viking hadde vunnet Champions League (Han er fra Stavanger og heier veldig<br \/>\np\u00e5 Viking).<\/p>\n<p>        <img class=\"image__img lazyload\" itemprop=\"image\" title=\"Foto: Sveinung Kyte \/ TV 2\" alt=\"FEIRET: R\u00f8dt-politiker M\u00edmir Kristj\u00e1nsson kunne feire b\u00e5de Viking gull og gjennomslag for saker i budsjettet. Foto: Sveinung Kyte \/ TV 2\" width=\"978\" height=\"656\" bad-src=\"https:\/\/www.europesays.com\/no\/wp-content\/uploads\/2025\/12\/18325718.webp\" fetchpriority=\"auto\" \/><\/p>\n<p>      FEIRET: R\u00f8dt-politiker M\u00edmir Kristj\u00e1nsson kunne feire b\u00e5de Viking gull og gjennomslag for saker i budsjettet.<br \/>\n         Foto: Sveinung Kyte \/ TV 2<\/p>\n<p>Det kunne like gjerne v\u00e6rt motsatt, at R\u00f8dt var forbanna over \u00e5 bli avspist med noen f\u00e5 hundre millioner til tannhelse og uf\u00f8re, mens MDG jublet for en historisk innfasing av et nasjonalt m\u00e5nedskort p\u00e5 kollektivtransporten.<\/p>\n<p>Det samme kan vi si om SV, som ogs\u00e5 la seg p\u00e5 MDGs linje om \u00e5 snakke ned det de hadde blitt enige om og heller kreve mer.<\/p>\n<p>        <img class=\"image__img lazyload\" itemprop=\"image\" title=\"Foto: Ditlev Eidsmo \/ TV 2\" alt=\"BEKLAGET: SV-leder Kirsti Bergst\u00f8 krevde mer. Foto: Ditlev Eidsmo \/ TV 2\" width=\"978\" height=\"656\" bad-src=\"https:\/\/www.europesays.com\/no\/wp-content\/uploads\/2025\/12\/18348630.webp\" fetchpriority=\"auto\" \/><\/p>\n<p>      BEKLAGET: SV-leder Kirsti Bergst\u00f8 krevde mer.<br \/>\n         Foto: Ditlev Eidsmo \/ TV 2<\/p>\n<p>R\u00f8dt tok effektivt eierskap til seirene som ogs\u00e5 SV hadde<br \/>\nbidratt sterkt til \u00e5 f\u00e5 inn i budsjettenigheten. SV lot dem gj\u00f8re det. Etter bruddet<br \/>\nklarte SV \u00e5 f\u00e5 lagt inn noe mer tekst som dyttet politikken noe mer i retning<br \/>\nmer velferd og milj\u00f8. De pr\u00f8ver \u00e5 feire seieren, men pisker ogs\u00e5 seg selv for at de ikke fikk gjort mer.\u00a0 Kirsti Bergst\u00f8 beklaget til og med p\u00e5 onsdag morgen overfor velgerne at hun ikke klarte \u00e5 f\u00e5 til mer p\u00e5 oljefondet og Israel.\u00a0<\/p>\n<p>S\u00e5 prisen for gjennomslagene p\u00e5 overtid, etter bruddet og noen kaosd\u00f8gn, kan bli h\u00f8y, hvis velgerne sitter igjen med en<br \/>\nf\u00f8lelse av at det er R\u00f8dt som har \u00e6ren for at uf\u00f8re kan jobbe mer f\u00f8r trygda avkortes<br \/>\nog at det blir billigere tannhelse neste \u00e5r.<\/p>\n<p>For R\u00f8dt kan det ligge en risiko for at partiet solgte seg<br \/>\nfor billig, at SV og MDGs standhaftighet f\u00f8rte til at budsjettet ble b\u00e5de<br \/>\nr\u00f8dere og gr\u00f8nnere.\u00a0<\/p>\n<p>Hvem som vinner budsjettforhandlingene er avhengig av hvem<br \/>\nsom klarer \u00e5 ta eierskap til de seirene som ligger der.\u00a0<\/p>\n<p>Jeg vil si R\u00f8dt gikk<br \/>\ntidlig opp i ledelsen i\u00a0\u00abbudsjettvinner-mesterskapet\u00bb\u00a0etter at SV og MDG br\u00f8t ut<br \/>\np\u00e5 l\u00f8rdag, tett fulgt av Senterpartiet, som lugnt kunne feire at de fikk stoppet<br \/>\nAps forslag om \u00f8kt pumpepris og milj\u00f8avgift p\u00e5 gj\u00f8dsel, samt noen flere<br \/>\nmilliarder til kommunene.<\/p>\n<p>MDG spilte h\u00f8yest og stod i fare for \u00e5 sende landet ut i en<br \/>\nmeningsl\u00f8s regjeringskrise, men landet til slutt p\u00e5 p\u00e5 beina med en<br \/>\nomstillingskommisjon, som selv oljen\u00e6ringen jubler for(!).\u00a0<\/p>\n<p>        <img class=\"image__img lazyload\" itemprop=\"image\" title=\"Foto: Ditlev Eidsmo \/ TV 2\" alt=\"FEIRET: MDG feiret budsjettavtalen som en historisk seier. Foto: Ditlev Eidsmo \/ TV 2\" width=\"978\" height=\"656\" bad-src=\"https:\/\/www.europesays.com\/no\/wp-content\/uploads\/2025\/12\/18348676.webp\" fetchpriority=\"auto\" \/><\/p>\n<p>      FEIRET: MDG feiret budsjettavtalen som en historisk seier.<br \/>\n         Foto: Ditlev Eidsmo \/ TV 2<\/p>\n<p>I morgentimene onsdag\u00a0feiret MDG dette som en historisk seier, et paradigmeskifte og f\u00f8rste skritt i utfasingen av oljen\u00e6ringen, godt hjulpet av de borgerlige, som \u00f8nsker \u00e5 stemple Ap og Sp som oljefiendtlige.\u00a0<\/p>\n<p>Ap og Sp er av en helt annen oppfatning. De mener kommisjonen skal jobbe med hvordan vi kan utvikle norsk offshore-n\u00e6ring i fremtiden.\u00a0<\/p>\n<p>        <img class=\"image__img lazyload\" itemprop=\"image\" title=\"Foto: Ditlev Eidsmo \/ TV 2\" alt=\"UENIG: SP-leder Trygve Slagsvold Vedum har ikke samme oppfatning som MDG om utfasing av oljen. Foto: Ditlev Eidsmo \/ TV 2\" width=\"978\" height=\"656\" bad-src=\"https:\/\/www.europesays.com\/no\/wp-content\/uploads\/2025\/12\/18348631.webp\" fetchpriority=\"auto\" \/><\/p>\n<p>      UENIG: SP-leder Trygve Slagsvold Vedum har ikke samme oppfatning som MDG om utfasing av oljen.<br \/>\n         Foto: Ditlev Eidsmo \/ TV 2<\/p>\n<p>Men begge har p\u00e5 en m\u00e5te litt rett, for oljeutvinningen p\u00e5 norsk sokkel g\u00e5r sakte men sikkert nedover, uansett.<\/p>\n<p>SV har en jobb \u00e5 gj\u00f8re med \u00e5 gjenerobre eierskap til de gjennomslagene<br \/>\np\u00e5 velferd som R\u00f8dt i dagevis har skrytt h\u00f8ylydt av. MDG\u00a0 er avhengige av at velgerne tror de har gjort det som er mulig for klima og natur med sine \u00e5tte stortingsrepresentanter. Mens Ap trenger at velgerne opplever dette prosjektet som trygt og forutsigbart, s\u00e5 skal Senterpartiet gj\u00f8re sitt grunnfjell ute i distriktene tilfredse.<\/p>\n<p>Hvem som vinner til slutt er ikke opp til s\u00e5nne som meg \u00e5<br \/>\navgj\u00f8re. Det er partienes egne medlemmer og til syvende og sist velgerne som k\u00e5rer<br \/>\nvinnere og tapere i norsk politikk.<\/p>\n<p>Men jeg kan tippe. Vinner de som feirer sine seire eller de<br \/>\nsom markerer sine nederlag?\u00a0<\/p>\n<p>Jeg holder en knapp p\u00e5 f\u00f8rstnevnte.<\/p>\n","protected":false},"excerpt":{"rendered":"Det har v\u00e6rt interessant \u00e5 observere de ulike strategiene til R\u00f8dt\/Sp p\u00e5 ene siden og SV\/MDG p\u00e5 andre&hellip;\n","protected":false},"author":2,"featured_media":104467,"comment_status":"","ping_status":"","sticky":false,"template":"","format":"standard","meta":{"footnotes":""},"categories":[10],"tags":[20,21,24,25,15,22,23,13,30,28,29,14,16,26,27],"class_list":{"0":"post-104466","1":"post","2":"type-post","3":"status-publish","4":"format-standard","5":"has-post-thumbnail","7":"category-norge","8":"tag-breaking-news","9":"tag-breakingnews","10":"tag-featured-news","11":"tag-featurednews","12":"tag-headlines","13":"tag-latest-news","14":"tag-latestnews","15":"tag-news","16":"tag-no","17":"tag-norge","18":"tag-norway","19":"tag-nyheter","20":"tag-overskrifter","21":"tag-top-stories","22":"tag-topstories"},"share_on_mastodon":{"url":"https:\/\/pubeurope.com\/@no\/115663468207956957","error":""},"_links":{"self":[{"href":"https:\/\/www.europesays.com\/no\/wp-json\/wp\/v2\/posts\/104466","targetHints":{"allow":["GET"]}}],"collection":[{"href":"https:\/\/www.europesays.com\/no\/wp-json\/wp\/v2\/posts"}],"about":[{"href":"https:\/\/www.europesays.com\/no\/wp-json\/wp\/v2\/types\/post"}],"author":[{"embeddable":true,"href":"https:\/\/www.europesays.com\/no\/wp-json\/wp\/v2\/users\/2"}],"replies":[{"embeddable":true,"href":"https:\/\/www.europesays.com\/no\/wp-json\/wp\/v2\/comments?post=104466"}],"version-history":[{"count":0,"href":"https:\/\/www.europesays.com\/no\/wp-json\/wp\/v2\/posts\/104466\/revisions"}],"wp:featuredmedia":[{"embeddable":true,"href":"https:\/\/www.europesays.com\/no\/wp-json\/wp\/v2\/media\/104467"}],"wp:attachment":[{"href":"https:\/\/www.europesays.com\/no\/wp-json\/wp\/v2\/media?parent=104466"}],"wp:term":[{"taxonomy":"category","embeddable":true,"href":"https:\/\/www.europesays.com\/no\/wp-json\/wp\/v2\/categories?post=104466"},{"taxonomy":"post_tag","embeddable":true,"href":"https:\/\/www.europesays.com\/no\/wp-json\/wp\/v2\/tags?post=104466"}],"curies":[{"name":"wp","href":"https:\/\/api.w.org\/{rel}","templated":true}]}}