{"id":104506,"date":"2025-12-04T22:36:16","date_gmt":"2025-12-04T22:36:16","guid":{"rendered":"https:\/\/www.europesays.com\/no\/104506\/"},"modified":"2025-12-04T22:36:16","modified_gmt":"2025-12-04T22:36:16","slug":"na-er-strommen-dyr-i-nord-norge","status":"publish","type":"post","link":"https:\/\/www.europesays.com\/no\/104506\/","title":{"rendered":"N\u00e5 er str\u00f8mmen dyr i Nord-Norge"},"content":{"rendered":"\n<p class=\"_lead_o9xde_2 _lead_xtcu6_50 layout-component text-serif-m layout-normal text-serif-l layout-component layout-wide layout-padded _wide_17hqh_1 layout-padded\">Nordlendingene kan se langt etter de lave str\u00f8mprisene de har hatt. Fredag f\u00e5r de landets h\u00f8yeste makspris ved frokosttider \u2013 dr\u00f8ye 1,82 kroner per kWh<\/p>\n<p><img alt=\"Slik var prisbildet mellom klokken 17 og 18 i S\u00f8r-Varanger kommune p\u00e5 torsdag. Foto: SKJERMDUMP: VGs str\u00f8mprisen \" class=\"_image_qp4xg_65 layout-component layout-wide\" data-fullscreen- data-track-element-type=\"Article image fullscreen\" data-track-name=\"ImageFullscreen\" fetchpriority=\"high\" decoding=\"sync\" loading=\"eager\" height=\"1009\" itemprop=\"image\"  src=\"https:\/\/www.europesays.com\/no\/wp-content\/uploads\/2025\/12\/d1302476-2047-4737-9d11-9ca542ce19f9\"  style=\"object-position:0% 0%\" width=\"1005\"\/>Slik var prisbildet mellom klokken 17 og 18 i S\u00f8r-Varanger kommune p\u00e5 torsdag. Foto: SKJERMDUMP: VGs str\u00f8mprisen <\/p>\n<ul aria-hidden=\"true\" class=\"_images_1uft6_111\">\n<li><a class=\"_link_1uft6_116\" href=\"https:\/\/www.vg.no\/forfatter\/stella-bugge\" style=\"z-index:1\" title=\"Stella Bugge\" rel=\"nofollow noopener\" target=\"_blank\"><img alt=\"Bilde av Stella Bugge\" class=\"_image_1uft6_93\" fetchpriority=\"low\" loading=\"lazy\" decoding=\"async\" itemprop=\"image\"  src=\"https:\/\/www.europesays.com\/no\/wp-content\/uploads\/2025\/12\/1764887773_373_c673ac82-f3e7-47d3-aa1d-79bb6eca457a\"  width=\"480\"\/><\/a><\/li>\n<\/ul>\n<p> Oppdatert torsdag 4. desember kl. 23:23    <\/p>\n<ul class=\"_list_o9xde_3 _list_64s2r_85 _unordered_o9xde_106 text-sans-m\">\n<li class=\"_item_o9xde_30\">Nordlendingene f\u00e5r landets h\u00f8yeste str\u00f8mpris fredag morgen, over 1,82 kroner per kWh.<\/li>\n<li class=\"_item_o9xde_30\">Pris\u00f8kningen skyldes lite vind og h\u00f8yere behov i andre omr\u00e5der, if\u00f8lge analysesjef Tor Reier Lilleholt.<\/li>\n<li class=\"_item_o9xde_30\">Snittprisen i Nord-Norge vil v\u00e6re 90,45 \u00f8re, mens str\u00f8mst\u00f8tten dekker 96,6 \u00f8re i den dyreste timen.<\/li>\n<\/ul>\n<p>Vis mer <\/p>\n<p class=\"_paragraph_o9xde_4 _paragraph_xtcu6_10 layout-component text-serif-m layout-normal text-serif-m layout-padded\">Denne prisen, som inntreffer mellom klokken 08 og 09, er uten nettleie og avgifter. <\/p>\n<p class=\"_paragraph_o9xde_4 _paragraph_xtcu6_10 layout-component text-serif-m layout-normal text-serif-m layout-padded\">Maksprisen fredag, 82,69 \u00f8re per kWh, er den h\u00f8yeste i landet. Den er if\u00f8lge NTB 19,7 \u00f8re h\u00f8yere enn torsdag og 1,7 kroner h\u00f8yere enn samme dag \u00e5ret f\u00f8r. Snittprisen i Nord-Norge vil fredag v\u00e6re 90,45 \u00f8re, 60,41 \u00f8re med str\u00f8mst\u00f8tte.<\/p>\n<p class=\"_paragraph_o9xde_4 _paragraph_xtcu6_10 layout-component text-serif-m layout-normal text-serif-m layout-padded\">I den dyreste timen vil str\u00f8mst\u00f8tten dekke 96,6 \u00f8re.<\/p>\n<p>\u2013 Lite vind<\/p>\n<p class=\"_paragraph_o9xde_4 _paragraph_xtcu6_10 layout-component text-serif-m layout-normal text-serif-m layout-padded\">\u2013 Dette kommer helt fra Baltikum via Finland og inn i Sverige. Det er enda dyrere str\u00f8m i Sverige enn i Nord-Norge. Det er veldig lite vind og man har st\u00f8rre behov i andre omr\u00e5der, noe som gj\u00f8r at prisene dras opp. Jeg regner med at det er mangelen p\u00e5 vind som er \u00e5rsaken, sier <a href=\"https:\/\/www.vg.no\/tag\/tor-reier-lilleholt?utm_source=vg-article&amp;utm_medium=auto-tagger&amp;utm_campaign=rrLgM8\" class=\"_link_o9xde_39\" rel=\"nofollow noopener\" target=\"_blank\">Tor Reier Lilleholt<\/a>, analysesjef i Insight by Volue, til VG.<\/p>\n<p class=\"_paragraph_o9xde_4 _paragraph_xtcu6_10 layout-component text-serif-m layout-normal text-serif-m layout-padded\">Han peker p\u00e5 at vinden er nede p\u00e5 under 1000 megawatt i Sverige fredag.<\/p>\n<p class=\"_paragraph_o9xde_4 _paragraph_xtcu6_10 layout-component text-serif-m layout-normal text-serif-m layout-padded\">\u2013 Det normale er 7000 megawatt. For hele norden forventes 5000 megawatt, det normale er 16 000 megawatt, alts\u00e5 en tredjedel av den vinden man normalt har.<\/p>\n<p><img alt=\"Str\u00f8mmaster i vinterlys i Vestby i Follo.  Foto: H\u00e5kon Mosvold Larsen \/ NTB\" class=\"_image_qp4xg_65 layout-component layout-normal\" data-fullscreen- data-track-element-type=\"Article image fullscreen\" data-track-name=\"ImageFullscreen\" decoding=\"async\" loading=\"lazy\" height=\"3921\" itemprop=\"image\"  src=\"https:\/\/www.europesays.com\/no\/wp-content\/uploads\/2025\/12\/7ffa621f-8070-496e-bb86-a9f553ecc668\"  style=\"object-position:0% 0%\" width=\"5881\"\/>Str\u00f8mmaster i vinterlys i Vestby i Follo.  Foto: H\u00e5kon Mosvold Larsen \/ NTB<\/p>\n<p class=\"_paragraph_o9xde_4 _paragraph_xtcu6_10 layout-component text-serif-m layout-normal text-serif-m layout-padded\">I Nord-Norge er det ingen moms p\u00e5 str\u00f8m til husholdninger, og i Finnmark og Nord-Troms slipper husholdninger og offentlig forvaltning ogs\u00e5 \u00e5 betale forbruksavgiften.<\/p>\n<p class=\"_paragraph_o9xde_4 _paragraph_xtcu6_10 layout-component text-serif-m layout-normal text-serif-m layout-padded\">\u2013 N\u00e5r de har f\u00e5tt tappet ned magasinene, kan man ta h\u00f8yere priser. Men det vil svinge veldig, sier Lilleholt.<\/p>\n<p>Prisene svinger i nord<\/p>\n<p class=\"_paragraph_o9xde_4 _paragraph_xtcu6_10 layout-component text-serif-m layout-normal text-serif-m layout-padded\">Og det gj\u00f8r det ogs\u00e5 i morgen. For selv om det er dyrt n\u00e5r man koker morgenkaffen, vil prisen uten avgifter og nettleie ligge p\u00e5 33\u201334 \u00f8re fra klokken 18 og frem til midnatt fredag.<\/p>\n<p class=\"_paragraph_o9xde_4 _paragraph_xtcu6_10 layout-component text-serif-m layout-normal text-serif-m layout-padded\">I midten av januar var vannmagasinene i nord s\u00e5 fulle at str\u00f8mprisen var nede og nikket p\u00e5 1 \u00f8re per kWh. Da var str\u00f8mprisen <a href=\"https:\/\/www.vg.no\/nyheter\/i\/0V0EP0\/rekordbillig-stroem-i-nord-60-ganger-dyrere-i-soer-urimelig-lavt\" data-track-element-type=\"Link\" data-track-id=\"link:0V0EP0\" class=\"_link_o9xde_39\" rel=\"nofollow noopener\" target=\"_blank\">60 ganger dyrere<\/a> i s\u00f8r. D\u00f8gnprisen i Nord-Norge endte 14. januar p\u00e5 under 4 \u00f8re per kWh, som var den laveste d\u00f8gnprisen i januar noensinne i Norge.<\/p>\n<p class=\"_paragraph_o9xde_4 _paragraph_xtcu6_10 layout-component text-serif-m layout-normal text-serif-m layout-padded\">Oslo og Stavanger vil f\u00e5 en snittpris i morgen p\u00e5 hhv. 90,82 og 91,20 \u00f8re uten nettleie, avgifter og mva. Men har man valgt norgespris, vil prisen ligge p\u00e5 40 \u00f8re per kilowattime eksklusiv merverdiavgift (50 \u00f8re inklusiv mva.). Alternativt kan man g\u00e5 for den opprinnelige str\u00f8mst\u00f8tten.<\/p>\n","protected":false},"excerpt":{"rendered":"Nordlendingene kan se langt etter de lave str\u00f8mprisene de har hatt. Fredag f\u00e5r de landets h\u00f8yeste makspris ved&hellip;\n","protected":false},"author":2,"featured_media":104507,"comment_status":"","ping_status":"","sticky":false,"template":"","format":"standard","meta":{"footnotes":""},"categories":[10],"tags":[20,21,24,25,15,22,23,13,30,28,3333,29,14,16,1501,1500,26,27,7102],"class_list":{"0":"post-104506","1":"post","2":"type-post","3":"status-publish","4":"format-standard","5":"has-post-thumbnail","7":"category-norge","8":"tag-breaking-news","9":"tag-breakingnews","10":"tag-featured-news","11":"tag-featurednews","12":"tag-headlines","13":"tag-latest-news","14":"tag-latestnews","15":"tag-news","16":"tag-no","17":"tag-norge","18":"tag-norgespris","19":"tag-norway","20":"tag-nyheter","21":"tag-overskrifter","22":"tag-strompriser","23":"tag-stromstotte","24":"tag-top-stories","25":"tag-topstories","26":"tag-tor-reier-lilleholt"},"share_on_mastodon":{"url":"https:\/\/pubeurope.com\/@no\/115663692789653682","error":""},"_links":{"self":[{"href":"https:\/\/www.europesays.com\/no\/wp-json\/wp\/v2\/posts\/104506","targetHints":{"allow":["GET"]}}],"collection":[{"href":"https:\/\/www.europesays.com\/no\/wp-json\/wp\/v2\/posts"}],"about":[{"href":"https:\/\/www.europesays.com\/no\/wp-json\/wp\/v2\/types\/post"}],"author":[{"embeddable":true,"href":"https:\/\/www.europesays.com\/no\/wp-json\/wp\/v2\/users\/2"}],"replies":[{"embeddable":true,"href":"https:\/\/www.europesays.com\/no\/wp-json\/wp\/v2\/comments?post=104506"}],"version-history":[{"count":0,"href":"https:\/\/www.europesays.com\/no\/wp-json\/wp\/v2\/posts\/104506\/revisions"}],"wp:featuredmedia":[{"embeddable":true,"href":"https:\/\/www.europesays.com\/no\/wp-json\/wp\/v2\/media\/104507"}],"wp:attachment":[{"href":"https:\/\/www.europesays.com\/no\/wp-json\/wp\/v2\/media?parent=104506"}],"wp:term":[{"taxonomy":"category","embeddable":true,"href":"https:\/\/www.europesays.com\/no\/wp-json\/wp\/v2\/categories?post=104506"},{"taxonomy":"post_tag","embeddable":true,"href":"https:\/\/www.europesays.com\/no\/wp-json\/wp\/v2\/tags?post=104506"}],"curies":[{"name":"wp","href":"https:\/\/api.w.org\/{rel}","templated":true}]}}