{"id":104511,"date":"2025-12-04T22:45:16","date_gmt":"2025-12-04T22:45:16","guid":{"rendered":"https:\/\/www.europesays.com\/no\/104511\/"},"modified":"2025-12-04T22:45:16","modified_gmt":"2025-12-04T22:45:16","slug":"kom-pa-jobb-til-smadra-fritidsklubb-pa-charlottenlund-i-trondheim-nrk-trondelag-lokale-nyheter-tv-og-radio","status":"publish","type":"post","link":"https:\/\/www.europesays.com\/no\/104511\/","title":{"rendered":"Kom p\u00e5 jobb til smadra fritidsklubb p\u00e5 Charlottenlund i Trondheim \u2013 NRK Tr\u00f8ndelag \u2013 Lokale nyheter, TV og radio"},"content":{"rendered":"<p><strong>\u2013 Det er grufullt, eg f\u00e5r heilt skjelvingar og blir skikkeleg r\u00e5ka av det.<\/strong><\/p>\n<p>Det seier vaktmeister p\u00e5 Charlottenlund idrettspark i Trondheim, Jarle Martin Paulsen.<\/p>\n<p>D\u00e5 han kom p\u00e5 jobb i dag tidleg, var det til eit syn han seint vil gl\u00f8yme:<\/p>\n<p><strong>Fritidsklubben, Chappa, var fullstendig ramponert. Toalettet var knust, sofaen skoren opp, vindauge var knust, m\u00e5ling var kasta rundt og det var tagga over alt. <\/strong><\/p>\n<p>    \u2190<\/p>\n<ul data-scroll-container=\"\" role=\"list\" aria-label=\"Bildegalleri\">\n<li><img alt=\"Et rom med en \u00f8delagt biljardbord i forgrunnen, dekket av s\u00f8ppel og utstyr. En kvinne i lys skjorte g\u00e5r mot en d\u00f8r, mens en mann i r\u00f8d skjorte st\u00e5r bak bordet og ser p\u00e5. Veggen er delvis dekket med graffiti. Andre m\u00f8bler som stoler og et bord er ogs\u00e5 synlige i rommet.\"  width=\"3840\" height=\"2160\" loading=\"lazy\"\/>\n<p>Fleire stader var lampar og anna riven ned og det var tagga p\u00e5 veggar og bord<\/p>\n<p> Foto: J\u00f8te Toftaker \/ NRK <\/li>\n<li><img alt=\"Et rotete toalettrom med en \u00f8delagt gitar og s\u00f8ppel. Toalettet er fullt av skitt, og det ligger papir og en b\u00f8tte p\u00e5 gulvet. En toalettb\u00f8rste og en toalettpapirholder er ogs\u00e5 synlige. Omgivelsene er enkle med hvite vegger og gr\u00e5tt gulv.\"  width=\"3840\" height=\"2160\" loading=\"lazy\"\/>\n<p>Toalettet og ein ukulele var knust<\/p>\n<p> Foto: J\u00f8te Toftaker \/ NRK <\/li>\n<li><img alt=\"Et rom er dekket av malingss\u00f8l og papirbiter. En malingsb\u00f8tte ligger p\u00e5 gulvet, mens en pensel er plassert ved siden av. En sofa st\u00e5r til venstre, delvis dekket av hvit maling. I bakgrunnen sees et kj\u00f8kkenomr\u00e5de og stoler satt rundt et bord.\"  width=\"3840\" height=\"2160\" loading=\"lazy\"\/>\n<p>Fleire m\u00e5lingsspann var kasta rundt<\/p>\n<p> Foto: J\u00f8te Toftaker \/ NRK <\/li>\n<li><img alt=\"En glassd\u00f8r er knust, og det ligger glassk\u00e5r p\u00e5 det r\u00f8de gulvet. Det er graffiti p\u00e5 veggen til venstre, og en lukket svart d\u00f8r i bakgrunnen. Papir og annet s\u00f8ppel ligger spredt p\u00e5 gulvet. Rommet ser forlatt ut.\"  width=\"3840\" height=\"2160\" loading=\"lazy\"\/>\n<p>Fleire vindauge hadde blitt knust i l\u00f8pet av natta<\/p>\n<p> Foto: J\u00f8te Toftaker \/ NRK <\/li>\n<\/ul>\n<p>\u2192<\/p>\n<p>\u2013 Eg tenker p\u00e5 kor mange ungar og barn som blir r\u00e5ka av dette. Det er forferdeleg, seier vaktmeisteren.<\/p>\n<p>\u2013 Du har jobba her lenge. Har du nokon gong sett noko liknande h\u00e6rverk f\u00f8r?<\/p>\n<p>\u2013 Nei, eg har ikkje det. Eg har jobba her i 30 \u00e5r og dette er grufullt, konstaterer Paulsen.<\/p>\n<p><img decoding=\"async\"   src=\"data:image\/gif;base64,R0lGODlhAQABAIAAAAAAAP\/\/\/yH5BAEAAAAALAAAAAABAAEAAAIBRAA7\" loading=\"eager\" alt=\"Jarle Martin Paulsen\" title=\"Foto: Stein Roar Leite \/ NRK\"\/><\/p>\n<p class=\"\">Vaktmeisteren har aldri sett noko liknande.<\/p>\n<p>Foto: Stein Roar Leite \/ NRK<\/p>\n<p>\u2013 Noko av det verste eg har sett<\/p>\n<p>Ogs\u00e5 byr\u00e5d for kultur, idrett og friluftsliv i Trondheim kommune var sjokkert over h\u00e6rverket p\u00e5 fritidsklubben.<\/p>\n<p><strong>\u2013 Det er heilt forferdeleg. Det er noko av det verste eg har sett, seier Trond \u00c5m. <\/strong><\/p>\n<p>Det er usikkert kor lang tid det vil ta for \u00e5 f\u00e5 fritidsklubben i stand igjen etter h\u00e6rverket.<\/p>\n<p>\u2013 Kva konsekvensar f\u00e5r dette?<\/p>\n<p>\u2013 No m\u00e5 jo klubben stengast, det er det ingen tvil om. Det m\u00e5 gjerast eit ganske omfattande arbeid, svarar \u00c5m.<\/p>\n<p><img decoding=\"async\"   src=\"data:image\/gif;base64,R0lGODlhAQABAIAAAAAAAP\/\/\/yH5BAEAAAAALAAAAAABAAEAAAIBRAA7\" loading=\"eager\" alt=\"En mann st\u00e5r i et rotete rom med s\u00f8ppel og papirer p\u00e5 gulvet. I bakgrunnen er det en biljardbord og en fargerik vegg. Det er dekorasjoner i form av flagg og en klokke synlig. Rommet ser ut til \u00e5 v\u00e6re en aktivitetssal eller et verksted.\" title=\"Foto: J\u00f8te Toftaker \/ NRK\"\/><\/p>\n<p class=\"\">Byr\u00e5d for kultur, idrett og friluftsliv, Trond \u00c5m, seier det er trist <\/p>\n<p>Foto: J\u00f8te Toftaker \/ NRK<\/p>\n<p>Fritidsklubben er ein viktig m\u00f8teplass for fleire av ungdommane p\u00e5 austsida av Trondheim.<\/p>\n<p><strong>\u2013 Me veit at dette er eit viktig tilbod for ungdom som vil treffe vener, ha aktivitetar og nokon treng vaksenkontakt. Dette f\u00e5r f\u00f8rst og fremst konsekvensar for dei.<\/strong><\/p>\n<p>No m\u00e5 kommunen kartlegge kor omfattande skadane er for \u00e5 f\u00e5 fiksa fritidsklubben.<\/p>\n<p>Men det lover byr\u00e5den at dei kjem til \u00e5 prioritere h\u00f8gt.<\/p>\n<p>\u2013 Me m\u00e5 s\u00f8rge for at sjappa blir opna igjen, s\u00e5 fort som mogeleg.<\/p>\n<p><img decoding=\"async\"   src=\"data:image\/gif;base64,R0lGODlhAQABAIAAAAAAAP\/\/\/yH5BAEAAAAALAAAAAABAAEAAAIBRAA7\" loading=\"eager\" alt=\"Et rotete rom med spillkort og materiell spredt over gulvet. Bordet er delvis synlig, med noen gjenstander plassert p\u00e5 det. I bakgrunnen sees en sofa og et TV-skjerm. Rommet har lysere vegger med dekorasjoner og planters.\" title=\"Foto: J\u00f8te Toftaker \/ NRK\"\/><\/p>\n<p class=\"\">Det var mykje rot i tillegg til h\u00e6rverk p\u00e5 fritidsklubben.<\/p>\n<p>Foto: J\u00f8te Toftaker \/ NRK<\/p>\n<p>Etterforskar saka<\/p>\n<p>Politiet blei varsla av vaktmeister Paulsen, kort tid etter han oppdaga h\u00e6rverket.<\/p>\n<p>Ein patrulje rykka ut til staden for \u00e5 gjere unders\u00f8kingar.<\/p>\n<p>Dei sikra bilete av \u00e5staden for h\u00e6rverket, sikra DNA-spor og oppretta sak.<\/p>\n<p>\u2013 Me fortset etterforskinga og pr\u00f8ve \u00e5 finne ut kven det er som er gjerningspersonar.<\/p>\n<p>Det seier politiadvokat Marthe Kulseth Dahl.<\/p>\n<p>Publisert<\/p>\n<p>04.12.2025, kl. 20.22<\/p>\n","protected":false},"excerpt":{"rendered":"\u2013 Det er grufullt, eg f\u00e5r heilt skjelvingar og blir skikkeleg r\u00e5ka av det. Det seier vaktmeister p\u00e5&hellip;\n","protected":false},"author":2,"featured_media":104512,"comment_status":"","ping_status":"","sticky":false,"template":"","format":"standard","meta":{"footnotes":""},"categories":[10],"tags":[20,21,24,25,15,22,23,13,30,28,29,14,16,26,27],"class_list":{"0":"post-104511","1":"post","2":"type-post","3":"status-publish","4":"format-standard","5":"has-post-thumbnail","7":"category-norge","8":"tag-breaking-news","9":"tag-breakingnews","10":"tag-featured-news","11":"tag-featurednews","12":"tag-headlines","13":"tag-latest-news","14":"tag-latestnews","15":"tag-news","16":"tag-no","17":"tag-norge","18":"tag-norway","19":"tag-nyheter","20":"tag-overskrifter","21":"tag-top-stories","22":"tag-topstories"},"share_on_mastodon":{"url":"https:\/\/pubeurope.com\/@no\/115663727823856556","error":""},"_links":{"self":[{"href":"https:\/\/www.europesays.com\/no\/wp-json\/wp\/v2\/posts\/104511","targetHints":{"allow":["GET"]}}],"collection":[{"href":"https:\/\/www.europesays.com\/no\/wp-json\/wp\/v2\/posts"}],"about":[{"href":"https:\/\/www.europesays.com\/no\/wp-json\/wp\/v2\/types\/post"}],"author":[{"embeddable":true,"href":"https:\/\/www.europesays.com\/no\/wp-json\/wp\/v2\/users\/2"}],"replies":[{"embeddable":true,"href":"https:\/\/www.europesays.com\/no\/wp-json\/wp\/v2\/comments?post=104511"}],"version-history":[{"count":0,"href":"https:\/\/www.europesays.com\/no\/wp-json\/wp\/v2\/posts\/104511\/revisions"}],"wp:featuredmedia":[{"embeddable":true,"href":"https:\/\/www.europesays.com\/no\/wp-json\/wp\/v2\/media\/104512"}],"wp:attachment":[{"href":"https:\/\/www.europesays.com\/no\/wp-json\/wp\/v2\/media?parent=104511"}],"wp:term":[{"taxonomy":"category","embeddable":true,"href":"https:\/\/www.europesays.com\/no\/wp-json\/wp\/v2\/categories?post=104511"},{"taxonomy":"post_tag","embeddable":true,"href":"https:\/\/www.europesays.com\/no\/wp-json\/wp\/v2\/tags?post=104511"}],"curies":[{"name":"wp","href":"https:\/\/api.w.org\/{rel}","templated":true}]}}