{"id":104517,"date":"2025-12-04T22:51:06","date_gmt":"2025-12-04T22:51:06","guid":{"rendered":"https:\/\/www.europesays.com\/no\/104517\/"},"modified":"2025-12-04T22:51:06","modified_gmt":"2025-12-04T22:51:06","slug":"priskrig-bensinpriser-sjeldent-lave-priser-i-dag-dette-kan-vaere-arsaken-telemarksavisa","status":"publish","type":"post","link":"https:\/\/www.europesays.com\/no\/104517\/","title":{"rendered":"Priskrig, Bensinpriser | Sjeldent lave priser i dag. Dette kan v\u00e6re \u00e5rsaken &#8211; Telemarksavisa"},"content":{"rendered":"<ol>\n<li><a href=\"https:\/\/news.google.com\/rss\/articles\/CBMiigFBVV95cUxNNlAwZnV6VXlxVlAzb2VDb25zemJWXzFKdmxLTXpoZ2ZLNGR3S2JnOFRhbmxHRUl6MUVVcW55WVkyaGtFVnYtT0tYMjVxUXVtMG8wS251eGUtN0xQaUtkNmh4Mi0wUnlPOGZiQ2ZVMU9Udzc3WnFEWHBET0NJaVlyT184NHJaT0NuSEE?oc=5\" target=\"_blank\" rel=\"nofollow noopener\">Priskrig, Bensinpriser | Sjeldent lave priser i dag. Dette kan v\u00e6re \u00e5rsaken<\/a>&nbsp;&nbsp;Telemarksavisa<\/li>\n<li><a href=\"https:\/\/news.google.com\/rss\/articles\/CBMiaEFVX3lxTE0wSVNPajFaaGNZaHREQU1YZUw4OTJxMHN3TjFsSUQtMHdPTEdGdzBuSjRZTWwtc2VCUVo5NW9BUTBDamdqbDdqb000NGh5UmlmV3RjTThOV0JsZzJHZzh6c3lDSFNVRE91?oc=5\" target=\"_blank\" rel=\"nofollow noopener\">Ekstreme prisforskjeller p\u00e5 bensin og diesel<\/a>&nbsp;&nbsp;DinSide<\/li>\n<li><a href=\"https:\/\/news.google.com\/rss\/articles\/CBMipAFBVV95cUxPTHBwbjg4UERFcTRJd3NzbVhNV0dLS2hGWGhmZzVMVkllTXlqMndESEVoeHo3Z2dOX0lESEozdlhmWDVaelZFc05JckFSdUJfWWk0OENkLXI2NlFfY09tX2YyVzBwdU91VFZKQktqNUJ4M1p0UnNJVGlsa3VHdzlGMDg2ZGpHcUMyZXNIWUFiRjN2Q2ZYR3pXM0xtb3FwMzJEUnVVcQ?oc=5\" target=\"_blank\" rel=\"nofollow noopener\">Mosj\u00f8en, Vefsn | Har du lagt merke til svingningene i bensinprisene? Dette er \u00e5rsaken<\/a>&nbsp;&nbsp;Helgelendingen<\/li>\n<li><a href=\"https:\/\/news.google.com\/rss\/articles\/CBMijwFBVV95cUxOZ2FYOXNKMTlaWkxCTURTQk90WmhWRWFQZGRUVEdFdU9HTFg1blNzSXdlRWpRbmZHVTMxRGt3Y1FtamxyajkycVpoU3V0NDY2SmExUHVidlQ4OUJJdjl2VXJUa3JyMzQtcEl4TlE4VmVDRlV5WXBfYUJqMHN0LXVZTzhhNVBZMDBEcTdxWWFUWQ?oc=5\" target=\"_blank\" rel=\"nofollow noopener\">Bensinpriser, \u00d8konomi | Str\u00f8mmet til for \u00e5 fylle: \u2013 Selvf\u00f8lgelig er prisene viktig<\/a>&nbsp;&nbsp;Bergensavisen<\/li>\n<li><a href=\"https:\/\/news.google.com\/rss\/articles\/CBMilgFBVV95cUxOWVJ1TGNHaC15Y194SXdxY041LUxLb3h2d2lTWjcwdWpINC1fbDN1X2tCem9qVUhzOWR0Z2tDV1g2dHZ5Z2JGOUV5YUhTdF92US1wUmF0RldJTWVTOEtWSEs2V2Q4NDgyZ1FQeTZYeE5MVWhXQ2hVWnliaVVRYkRYdlFtOS1yTG9INGd0bFBCRDMwaGFRekE?oc=5\" target=\"_blank\" rel=\"nofollow noopener\">Svingte inn da han s\u00e5 pumpeprisen: \u2013 En liten f\u00f8rjulsgave<\/a>&nbsp;&nbsp;opp.no<\/li>\n<\/ol>\n","protected":false},"excerpt":{"rendered":"Priskrig, Bensinpriser | Sjeldent lave priser i dag. Dette kan v\u00e6re \u00e5rsaken&nbsp;&nbsp;Telemarksavisa Ekstreme prisforskjeller p\u00e5 bensin og diesel&nbsp;&nbsp;DinSide&hellip;\n","protected":false},"author":2,"featured_media":104518,"comment_status":"","ping_status":"","sticky":false,"template":"","format":"standard","meta":{"footnotes":""},"categories":[56],"tags":[60,61,62,30,28,29],"class_list":{"0":"post-104517","1":"post","2":"type-post","3":"status-publish","4":"format-standard","5":"has-post-thumbnail","7":"category-naeringsliv","8":"tag-business","9":"tag-economy","10":"tag-naeringsliv","11":"tag-no","12":"tag-norge","13":"tag-norway"},"share_on_mastodon":{"url":"https:\/\/pubeurope.com\/@no\/115663751303919146","error":""},"_links":{"self":[{"href":"https:\/\/www.europesays.com\/no\/wp-json\/wp\/v2\/posts\/104517","targetHints":{"allow":["GET"]}}],"collection":[{"href":"https:\/\/www.europesays.com\/no\/wp-json\/wp\/v2\/posts"}],"about":[{"href":"https:\/\/www.europesays.com\/no\/wp-json\/wp\/v2\/types\/post"}],"author":[{"embeddable":true,"href":"https:\/\/www.europesays.com\/no\/wp-json\/wp\/v2\/users\/2"}],"replies":[{"embeddable":true,"href":"https:\/\/www.europesays.com\/no\/wp-json\/wp\/v2\/comments?post=104517"}],"version-history":[{"count":0,"href":"https:\/\/www.europesays.com\/no\/wp-json\/wp\/v2\/posts\/104517\/revisions"}],"wp:featuredmedia":[{"embeddable":true,"href":"https:\/\/www.europesays.com\/no\/wp-json\/wp\/v2\/media\/104518"}],"wp:attachment":[{"href":"https:\/\/www.europesays.com\/no\/wp-json\/wp\/v2\/media?parent=104517"}],"wp:term":[{"taxonomy":"category","embeddable":true,"href":"https:\/\/www.europesays.com\/no\/wp-json\/wp\/v2\/categories?post=104517"},{"taxonomy":"post_tag","embeddable":true,"href":"https:\/\/www.europesays.com\/no\/wp-json\/wp\/v2\/tags?post=104517"}],"curies":[{"name":"wp","href":"https:\/\/api.w.org\/{rel}","templated":true}]}}