{"id":104524,"date":"2025-12-04T23:03:13","date_gmt":"2025-12-04T23:03:13","guid":{"rendered":"https:\/\/www.europesays.com\/no\/104524\/"},"modified":"2025-12-04T23:03:13","modified_gmt":"2025-12-04T23:03:13","slug":"var-sikker-pa-at-hun-var-dod","status":"publish","type":"post","link":"https:\/\/www.europesays.com\/no\/104524\/","title":{"rendered":"\u2013 Var sikker p\u00e5 at hun var d\u00f8d"},"content":{"rendered":"\n<p class=\"_lead_o9xde_2 _lead_xtcu6_50 layout-component text-serif-m layout-normal text-serif-l layout-component layout-wide layout-padded _wide_17hqh_1 layout-padded\">En ansatt p\u00e5 Smak av Italia s\u00e5 at Martina Voce ble angrepet av ekskj\u00e6resten. Hun knivstakk ham i ryggen for \u00e5 fors\u00f8ke \u00e5 stoppe ham. <\/p>\n<p><img alt=\"Jaktkniven som tiltalte brukte under angrepet. Foto: Politiet\" class=\"_image_qp4xg_65 layout-component layout-wide\" data-fullscreen- data-track-element-type=\"Article image fullscreen\" data-track-name=\"ImageFullscreen\" fetchpriority=\"high\" decoding=\"sync\" loading=\"eager\" height=\"2345\" itemprop=\"image\"  src=\"https:\/\/www.europesays.com\/no\/wp-content\/uploads\/2025\/12\/9923f5e7-edbf-4453-9acd-db6aeb711a74\"  style=\"object-position:0% 0%\" width=\"3793\"\/>Jaktkniven som tiltalte brukte under angrepet. Foto: Politiet<\/p>\n<ul aria-hidden=\"true\" class=\"_images_1uft6_111\">\n<li><a class=\"_link_1uft6_116\" href=\"https:\/\/www.vg.no\/forfatter\/emma-fondenes-oevreboe\" style=\"z-index:1\" title=\"Emma Fondenes \u00d8vreb\u00f8\" rel=\"nofollow noopener\" target=\"_blank\"><img alt=\"Bilde av Emma Fondenes \u00d8vreb\u00f8\" class=\"_image_1uft6_93\" fetchpriority=\"low\" loading=\"lazy\" decoding=\"async\" itemprop=\"image\"  src=\"https:\/\/www.europesays.com\/no\/wp-content\/uploads\/2025\/12\/a3715f19-7e77-4fbf-b20f-7d6f5cb479de\"  width=\"480\"\/><\/a><\/li>\n<\/ul>\n<p>Rapporterer fra Oslo tingrett Oppdatert torsdag 4. desember kl. 23:55    <\/p>\n<ul class=\"_list_o9xde_3 _list_64s2r_85 _unordered_o9xde_106 text-sans-m\">\n<li class=\"_item_o9xde_30\">Martina Voce (22) ble knivstukket rundt 30 ganger av sin ekskj\u00e6reste p\u00e5 arbeidsplassen.<\/li>\n<li class=\"_item_o9xde_30\">Ansatte, inkludert kj\u00e6resten Oliver, fors\u00f8kte \u00e5 stoppe angrepet.<\/li>\n<li class=\"_item_o9xde_30\">Oliver og en annen kollega knivstakk angriperen.<\/li>\n<li class=\"_item_o9xde_30\">Martina overlevde med livstruende skader.<\/li>\n<\/ul>\n<p>Vis mer <\/p>\n<p class=\"_paragraph_o9xde_4 _paragraph_xtcu6_10 layout-component text-serif-m layout-normal text-serif-m layout-padded\">Det var 20. desember i fjor at italienske Martina Voce (22) ble knivstukket rundt 30 ganger av sin ekskj\u00e6reste (28) p\u00e5 hennes arbeidsplass. <a href=\"https:\/\/www.vg.no\/nyheter\/i\/d45xEo\/tiltalt-for-drapsforsoek-paa-martina-22-i-lunsjen-kom-det-du-maa-gjoere-det\" data-track-element-type=\"Link\" data-track-id=\"link:d45xEo\" class=\"_link_o9xde_39\" rel=\"nofollow noopener\" target=\"_blank\">Mannen erkjenner straffskyld<\/a>.<\/p>\n<p class=\"_paragraph_o9xde_4 _paragraph_xtcu6_10 layout-component text-serif-m layout-normal text-serif-m layout-padded\">Martina var p\u00e5 jobb sammen med sin kollega og kj\u00e6reste Oliver (25) og flere andre ansatte. <\/p>\n<p><img alt=\"Martina p\u00e5 jobb i butikken Smak av Italia.   Foto: Smak av Italia \/ Facebook\" class=\"_image_qp4xg_65 layout-component layout-normal\" data-fullscreen- data-track-element-type=\"Article image fullscreen\" data-track-name=\"ImageFullscreen\" decoding=\"async\" loading=\"lazy\" height=\"1314\" itemprop=\"image\"  src=\"https:\/\/www.europesays.com\/no\/wp-content\/uploads\/2025\/12\/1764889390_637_ae23a9b4-7dc5-42ab-884c-7223dcc4c581\"  style=\"object-position:0% 0%\" width=\"1011\"\/>Martina p\u00e5 jobb i butikken Smak av Italia.   Foto: Smak av Italia \/ Facebook<\/p>\n<p class=\"_paragraph_o9xde_4 _paragraph_xtcu6_10 layout-component text-serif-m layout-normal text-serif-m layout-padded\">Oliver og to andre ansatte, en kvinne og en mann, ble vitne til knivangrepet, og fors\u00f8kte \u00e5 stoppe det.<\/p>\n<p class=\"_paragraph_o9xde_4 _paragraph_xtcu6_10 layout-component text-serif-m layout-normal text-serif-m layout-padded\">De to ansatte ga sine forklaringer i <a href=\"https:\/\/www.vg.no\/tag\/oslo-tingrett?utm_source=vg-article&amp;utm_medium=auto-tagger&amp;utm_campaign=OknpAO\" class=\"_link_o9xde_39\" rel=\"nofollow noopener\" target=\"_blank\">Oslo tingrett<\/a> torsdag. Hun sa at hun sto i kassen og hjalp en kunde da hun s\u00e5 Martinas ekskj\u00e6reste i inngangspartiet.<\/p>\n<p class=\"_paragraph_o9xde_4 _paragraph_xtcu6_10 layout-component text-serif-m layout-normal text-serif-m layout-padded\">\u2013 Jeg ble bekymret, han var ikke velkommen der. S\u00e5 tenkte jeg over at han var penere kledd enn normalt, han gikk med en fin k\u00e5pe. Derfra skjedde alt veldig fort, fortalte hun fra vitneboksen.<\/p>\n<p> \u2013 Intens kamp<\/p>\n<p class=\"_paragraph_o9xde_4 _paragraph_xtcu6_10 layout-component text-serif-m layout-normal text-serif-m layout-padded\">Hun oppfattet at Martina ble angrepet av ekskj\u00e6resten, som hun hadde brutt med flere m\u00e5neder tidligere.<\/p>\n<p class=\"_paragraph_o9xde_4 _paragraph_xtcu6_10 layout-component text-serif-m layout-normal text-serif-m layout-padded\">\u2013 Jeg husker at jeg skrek for \u00e5 f\u00e5 Oliver sin oppmerksomhet, sa den kvinnelige ansatte.<\/p>\n<p><img alt=\"Det var mye blod p\u00e5 gulvet inne i butikken etter knivstikkingen.  Foto: Politiet\" class=\"_image_qp4xg_65 layout-component layout-normal\" data-fullscreen- data-track-element-type=\"Article image fullscreen\" data-track-name=\"ImageFullscreen\" decoding=\"async\" loading=\"lazy\" height=\"551\" itemprop=\"image\"  src=\"https:\/\/www.europesays.com\/no\/wp-content\/uploads\/2025\/12\/df46fc3f-6368-4c28-b5b3-8ce3e7d84f05\"  style=\"object-position:0% 0%\" width=\"633\"\/>Det var mye blod p\u00e5 gulvet inne i butikken etter knivstikkingen.  Foto: Politiet<\/p>\n<p class=\"_paragraph_o9xde_4 _paragraph_xtcu6_10 layout-component text-serif-m layout-normal text-serif-m layout-padded\">Oliver og en annen kollega kom l\u00f8pende fra en annen side i butikken. Det oppsto et basketak mellom dem og mannen.<\/p>\n<p class=\"_paragraph_o9xde_4 _paragraph_xtcu6_10 layout-component text-serif-m layout-normal text-serif-m layout-padded\">\u2013 Hvordan opptr\u00e5dte tiltalte, spurte aktor.<\/p>\n<p class=\"_paragraph_o9xde_4 _paragraph_xtcu6_10 layout-component text-serif-m layout-normal text-serif-m layout-padded\">\u2013 Det s\u00e5 ikke ut som han skulle stoppe, svarte den mannlige ansatte. <\/p>\n<p class=\"_paragraph_o9xde_4 _paragraph_xtcu6_10 layout-component text-serif-m layout-normal text-serif-m layout-padded\">\u2013 Virket han m\u00e5lrettet? <\/p>\n<p class=\"_paragraph_o9xde_4 _paragraph_xtcu6_10 layout-component text-serif-m layout-normal text-serif-m layout-padded\">\u2013 Ja.<\/p>\n<p><img alt=\"Martina p\u00e5 sykehuset tidligere i \u00e5r.  Foto: Privat\" class=\"_image_qp4xg_65 layout-component layout-normal\" data-fullscreen- data-track-element-type=\"Article image fullscreen\" data-track-name=\"ImageFullscreen\" decoding=\"async\" loading=\"lazy\" height=\"2048\" itemprop=\"image\"  src=\"https:\/\/www.europesays.com\/no\/wp-content\/uploads\/2025\/12\/1764889391_786_22572262-cbb9-4a8c-a4e4-5ebb936b8e9a\"  style=\"object-position:0% 0%\" width=\"1002\"\/>Martina p\u00e5 sykehuset tidligere i \u00e5r.  Foto: Privat<\/p>\n<p class=\"_paragraph_o9xde_4 _paragraph_xtcu6_10 layout-component text-serif-m layout-normal text-serif-m layout-padded\">Den kvinnelig ansatte beskriver hendelsen som kaotisk.<\/p>\n<p class=\"_paragraph_o9xde_4 _paragraph_xtcu6_10 layout-component text-serif-m layout-normal text-serif-m layout-padded\">\u2013 Det var en intens kamp. Oliver gjorde alt for \u00e5 forsvare Martina. Tiltalte gjorde alt han kunne for \u00e5 fortsette, han hadde et fokusert ansiktsuttrykk.<\/p>\n<p> \u2013 Livstruende<\/p>\n<p class=\"_paragraph_o9xde_4 _paragraph_xtcu6_10 layout-component text-serif-m layout-normal text-serif-m layout-padded\">P\u00e5 et tidspunkt sp\u00f8r Oliver om en kniv, som hun legger p\u00e5 bakken foran ham. Oliver knivstikker mannen i halsen. Selv knivstikker hun mannen i ryggen.<\/p>\n<p class=\"_paragraph_o9xde_4 _paragraph_xtcu6_10 layout-component text-serif-m layout-normal text-serif-m layout-padded\">\u2013 Jeg tok ingen glede av \u00e5 knivstikke ham, jeg gjorde det for \u00e5 redde Martina. Jeg er ikke en voldelig person og var tilbakeholden med \u00e5 bruke kniven, sa kvinnen. <\/p>\n<p><img alt=\"Kniven den kvinnelige ansatte brukte.   Foto: Politiet\" class=\"_image_qp4xg_65 layout-component layout-normal\" data-fullscreen- data-track-element-type=\"Article image fullscreen\" data-track-name=\"ImageFullscreen\" decoding=\"async\" loading=\"lazy\" height=\"2398\" itemprop=\"image\"  src=\"https:\/\/www.europesays.com\/no\/wp-content\/uploads\/2025\/12\/8ca72b9f-5605-4ed2-a1be-d61005ee2952\"  style=\"object-position:0% 0%\" width=\"3900\"\/>Kniven den kvinnelige ansatte brukte.   Foto: Politiet<\/p>\n<p class=\"_paragraph_o9xde_4 _paragraph_xtcu6_10 layout-component text-serif-m layout-normal text-serif-m layout-padded\">Den tiltalte brukte en jaktkniv, som det er greit for Martina at det vises bilder av i VG. Overv\u00e5kningsbilder viser at ekskj\u00e6resten <a href=\"https:\/\/www.vg.no\/nyheter\/i\/K8B5XG\/tiltalt-for-drapsforsoek-paa-martina-21-kjoepte-kniven-en-time-foer\" data-track-element-type=\"Link\" data-track-id=\"link:K8B5XG\" class=\"_link_o9xde_39\" rel=\"nofollow noopener\" target=\"_blank\">kj\u00f8pte den p\u00e5 Biltema samme dag<\/a>, rundt klokken 11.30.<\/p>\n<p class=\"_paragraph_o9xde_4 _paragraph_xtcu6_10 layout-component text-serif-m layout-normal text-serif-m layout-padded\">\u2013 Han kom rett bort til kassen og spurte om \u00e5 se en av de st\u00f8rre knivene. Jeg spurte hva han skulle med kniven. Han svarte at han skulle spikke, sa den ansatte som solgte han kniven bare en time f\u00f8r knivstikkingen.<\/p>\n<p><img alt=\"Her er den tiltalte mannen utenfor bygget 20. desember i fjor klokken 12.18.  Foto: Politiet\" class=\"_image_qp4xg_65 layout-component layout-normal\" data-fullscreen- data-track-element-type=\"Article image fullscreen\" data-track-name=\"ImageFullscreen\" decoding=\"async\" loading=\"lazy\" height=\"2607\" itemprop=\"image\"  src=\"https:\/\/www.europesays.com\/no\/wp-content\/uploads\/2025\/12\/aa239ec3-32ef-4fc3-9d1f-8a61a4a89e12\"  style=\"object-position:0% 0%\" width=\"3314\"\/>Her er den tiltalte mannen utenfor bygget 20. desember i fjor klokken 12.18.  Foto: Politiet<\/p>\n<p class=\"_paragraph_o9xde_4 _paragraph_xtcu6_10 layout-component text-serif-m layout-normal text-serif-m layout-padded\">Den f\u00f8rste politipatruljen som ankom stedet, fant Martina livl\u00f8s p\u00e5 gulvet inne i matbutikken. De gjennomf\u00f8rte f\u00f8rstehjelp. <\/p>\n<p class=\"_paragraph_o9xde_4 _paragraph_xtcu6_10 layout-component text-serif-m layout-normal text-serif-m layout-padded\">\u2013 Jeg var ganske sikker p\u00e5 at hun var d\u00f8d eller er i ferd med \u00e5 d\u00f8. Hun var tildekket i blod, og l\u00e5 mer eller mindre livl\u00f8st p\u00e5 gulvet. Hun s\u00e5 opp i luften og ga ingen reaksjon, fortalte en politibetjent fra vitneboksen torsdag. <\/p>\n<p class=\"_paragraph_o9xde_4 _paragraph_xtcu6_10 layout-component text-serif-m layout-normal text-serif-m layout-padded\">\u2013 S\u00e5 er jeg plutselig at hun blunker, at hun faktisk er bevisst.<\/p>\n<p><img alt=\"Det var mye blod p\u00e5 gulvet inne i butikken.   Foto: Politiet\" class=\"_image_qp4xg_65 layout-component layout-normal\" data-fullscreen- data-track-element-type=\"Article image fullscreen\" data-track-name=\"ImageFullscreen\" decoding=\"async\" loading=\"lazy\" height=\"763\" itemprop=\"image\"  src=\"https:\/\/www.europesays.com\/no\/wp-content\/uploads\/2025\/12\/1764889393_194_2e222236-b96c-49c9-b594-abf3e5af455d\"  style=\"object-position:0% 0%\" width=\"917\"\/>Det var mye blod p\u00e5 gulvet inne i butikken.   Foto: Politiet<\/p>\n<p class=\"_paragraph_o9xde_4 _paragraph_xtcu6_10 layout-component text-serif-m layout-normal text-serif-m layout-padded\">Kort tid senere ble Martina fraktet til sykehus. En overlege ved Oslo universitetssykehus viste frem skadene Martina fikk under knivstikkingen: <\/p>\n<p class=\"_paragraph_o9xde_4 _paragraph_xtcu6_10 layout-component text-serif-m layout-normal text-serif-m layout-padded\">\u2013 Samlet sett var de p\u00e5f\u00f8rte skadene livstruende, fortalte overlegen.<\/p>\n<ul class=\"_list_o9xde_3 _list_xtcu6_9 _unordered_o9xde_106 layout-component text-serif-m layout-normal text-serif-m layout-padded\">\n<li class=\"_item_o9xde_30\"><strong class=\"_strong_o9xde_25\">Les Martinas historie<a href=\"https:\/\/www.vg.no\/nyheter\/i\/RzqmaJ\/martina-21-ble-knivstukket-over-30-ganger-trodde-jeg-kom-til-aa-doe\" data-track-element-type=\"Link\" data-track-id=\"link:RzqmaJ\" class=\"_link_o9xde_39\" rel=\"nofollow noopener\" target=\"_blank\"> her<\/a><\/strong><\/li>\n<\/ul>\n<p><img alt=\"Martina og Oliver.  Foto: Helge Mikalsen \/ VG\" class=\"_image_qp4xg_65 layout-component layout-normal\" data-fullscreen- data-track-element-type=\"Article image fullscreen\" data-track-name=\"ImageFullscreen\" decoding=\"async\" loading=\"lazy\" height=\"5371\" itemprop=\"image\"  src=\"https:\/\/www.europesays.com\/no\/wp-content\/uploads\/2025\/12\/1764889393_367_b1492652-0678-420d-b949-1528f0c457ed\"  style=\"object-position:0% 0%\" width=\"7430\"\/>Martina og Oliver.  Foto: Helge Mikalsen \/ VG<\/p>\n<p class=\"_paragraph_o9xde_4 _paragraph_xtcu6_10 layout-component text-serif-m layout-normal text-serif-m layout-padded\">Den kvinnelige ansatte var lettet da politiet ankom, men fryktet det verste. <\/p>\n<p class=\"_paragraph_o9xde_4 _paragraph_xtcu6_10 layout-component text-serif-m layout-normal text-serif-m layout-padded\">\u2013 Jeg var sikker p\u00e5 at Martina var d\u00f8d, fortalte hun gr\u00e5tende i retten.<\/p>\n<p class=\"_paragraph_o9xde_4 _paragraph_xtcu6_10 layout-component text-serif-m layout-normal text-serif-m layout-padded\">Ogs\u00e5 Martina tok til t\u00e5rene. Det tok rundt et d\u00f8gn f\u00f8r kollegaen fikk vite at Martina overlevde. <\/p>\n","protected":false},"excerpt":{"rendered":"En ansatt p\u00e5 Smak av Italia s\u00e5 at Martina Voce ble angrepet av ekskj\u00e6resten. Hun knivstakk ham i&hellip;\n","protected":false},"author":2,"featured_media":104525,"comment_status":"","ping_status":"","sticky":false,"template":"","format":"standard","meta":{"footnotes":""},"categories":[10],"tags":[20,21,24,25,15,1476,22,23,13,30,28,29,14,944,16,26,27,46],"class_list":{"0":"post-104524","1":"post","2":"type-post","3":"status-publish","4":"format-standard","5":"has-post-thumbnail","7":"category-norge","8":"tag-breaking-news","9":"tag-breakingnews","10":"tag-featured-news","11":"tag-featurednews","12":"tag-headlines","13":"tag-knivstikking","14":"tag-latest-news","15":"tag-latestnews","16":"tag-news","17":"tag-no","18":"tag-norge","19":"tag-norway","20":"tag-nyheter","21":"tag-oslo-tingrett","22":"tag-overskrifter","23":"tag-top-stories","24":"tag-topstories","25":"tag-vgai"},"share_on_mastodon":{"url":"https:\/\/pubeurope.com\/@no\/115663798801606115","error":""},"_links":{"self":[{"href":"https:\/\/www.europesays.com\/no\/wp-json\/wp\/v2\/posts\/104524","targetHints":{"allow":["GET"]}}],"collection":[{"href":"https:\/\/www.europesays.com\/no\/wp-json\/wp\/v2\/posts"}],"about":[{"href":"https:\/\/www.europesays.com\/no\/wp-json\/wp\/v2\/types\/post"}],"author":[{"embeddable":true,"href":"https:\/\/www.europesays.com\/no\/wp-json\/wp\/v2\/users\/2"}],"replies":[{"embeddable":true,"href":"https:\/\/www.europesays.com\/no\/wp-json\/wp\/v2\/comments?post=104524"}],"version-history":[{"count":0,"href":"https:\/\/www.europesays.com\/no\/wp-json\/wp\/v2\/posts\/104524\/revisions"}],"wp:featuredmedia":[{"embeddable":true,"href":"https:\/\/www.europesays.com\/no\/wp-json\/wp\/v2\/media\/104525"}],"wp:attachment":[{"href":"https:\/\/www.europesays.com\/no\/wp-json\/wp\/v2\/media?parent=104524"}],"wp:term":[{"taxonomy":"category","embeddable":true,"href":"https:\/\/www.europesays.com\/no\/wp-json\/wp\/v2\/categories?post=104524"},{"taxonomy":"post_tag","embeddable":true,"href":"https:\/\/www.europesays.com\/no\/wp-json\/wp\/v2\/tags?post=104524"}],"curies":[{"name":"wp","href":"https:\/\/api.w.org\/{rel}","templated":true}]}}