{"id":104542,"date":"2025-12-04T23:31:09","date_gmt":"2025-12-04T23:31:09","guid":{"rendered":"https:\/\/www.europesays.com\/no\/104542\/"},"modified":"2025-12-04T23:31:09","modified_gmt":"2025-12-04T23:31:09","slug":"kjell-inge-rokke-til-angrep-pa-kistefos-hele-saken-er-basert-pa-logn","status":"publish","type":"post","link":"https:\/\/www.europesays.com\/no\/104542\/","title":{"rendered":"Kjell Inge R\u00f8kke til angrep p\u00e5 Kistefos: \u2013 Hele saken er basert p\u00e5 l\u00f8gn"},"content":{"rendered":"<p>Etter flere m\u00e5neder inn i en av de st\u00f8rste rettssakene i nyere tid, er det n\u00e5 Kjell Inge R\u00f8kke sin tur i vitneboksen.<\/p>\n<p>Allerede klokken ti over \u00e5tte begynte rettssal 828 i Oslo tingrett \u00e5 fylle seg opp med presse.<\/p>\n<p>P\u00e5 hver sin side sitter to av Norges mektigste, milliard\u00e6rene Kjell Inge R\u00f8kke og Christen Sveaas.\u00a0Kistefos har saks\u00f8kt Aker Capital.<\/p>\n<p class=\"\">Bahr-advokat John Christian Thaulow, som representerer Aker, begynner utsp\u00f8rringen. Han starter med \u00e5 vise den historiske utviklingen i Solstad-aksjen fra 1998.\u00a0<\/p>\n<p class=\"\">\u2013\u00a0Det viser hvor stor volatilitet det er i denne bransjen. Og hvordan det korrelerer med oljeprisen. Det er en daytraders dagdr\u00f8m, og en utfordring for en langsiktig eier som oss, sier R\u00f8kke.\u00a0<\/p>\n<p class=\"subhead\" data-element-type=\"subhead\" data-element-label=\"Mellomtittel\">\u00a0\u2013 M\u00e5 holde meg i skinnet<\/p>\n<p>Grafen inneholder ogs\u00e5 oljeprisen i samme periode. Tidligere i retten er det blitt gjort et poeng av at man var p\u00e5 vei inn i en supersyklus for energi.<\/p>\n<p><img decoding=\"async\" class=\"lazyload \" src=\"https:\/\/www.europesays.com\/no\/wp-content\/uploads\/2025\/12\/1764891069_325_pipe\"  data- alt=\"\"\/><\/p>\n<p>DISKUTERER: Kjell Inge R\u00f8kke i samtale med Bahr-advokat John Christian Thaulow, som representerer Aker. <strong>Foto: Iv\u00e1n Kverme<\/strong><\/p>\n<p class=\"\">\u2013 Hvordan er det \u00e5 sp\u00e5 oljeprisen? sp\u00f8r Thaulow.<\/p>\n<p>\u2013 Det er veldig vanskelig, faktisk. Vi har pr\u00f8vd, men det er vanskelig.<\/p>\n<p class=\"\">Kistefos krever opptil 1,4 milliarder.<\/p>\n<p class=\"\"><b>\u2013\u00a0Jeg humrer litt av det at det er en erstatningssak, sier R\u00f8kke.<\/b><\/p>\n<ul>\n<li>7. oktober startet rettssaken der Christen Sveaas-selskapet Kistefos og 46 andre aksjon\u00e6rer har g\u00e5tt til s\u00f8ksm\u00e5l mot styret og konsernsjefen i Solstad Offshore, Kjell Inge R\u00f8kkes Aker Capital, Aker-topp Frank O. Reite og Pareto Securities.<\/li>\n<li>\n<p>S\u00f8ksm\u00e5let gjelder likebehandling av aksjon\u00e6rer og de \u00f8konomiske konsekvensene av refinansieringsprosessen i Solstad Offshore h\u00f8sten 2023 og v\u00e5ren 2024. Saks\u00f8kerne krever inntil 1,4 milliarder kroner i erstatning.<\/p>\n<\/li>\n<li>\n<p>Kistefos hevder at refinansieringen f\u00f8rte til en massiv verdioverf\u00f8ring til Aker, mens de \u00f8vrige aksjon\u00e6rene ble sittende igjen som tapere.\u00a0<\/p>\n<\/li>\n<li>\n<p>Sveaas har omtalt refinansieringen som \u00aben av de mest grisete transaksjonene vi har sett p\u00e5 Oslo B\u00f8rs\u00bb. R\u00f8kke har kalt s\u00f8ksm\u00e5let \u00ababsurd\u00bb og mener at det inneholder \u00abl\u00f8gnaktige p\u00e5stander\u00bb..<\/p>\n<\/li>\n<li>\n<p>Kistefos hevder videre at Solstad Offshore og r\u00e5dgiveren Pareto Securities ikke i tilstrekkelig grad unders\u00f8kte alternativer til den refinansieringsl\u00f8sningen som ble valgt, og at det var flere enn Aker som \u00f8nsket og hadde kapasitet til \u00e5 bidra.<\/p>\n<\/li>\n<li>\n<p>De hevder ogs\u00e5\u00a0 at Aker brukte press og trusler for \u00e5 f\u00e5 gjennom sitt forslag til l\u00f8sning.\u00a0<\/p>\n<\/li>\n<li>\n<p>Rettssaken varer i 13 uker og vil v\u00e6re ferdig i midten av januar.<\/p>\n<\/li>\n<\/ul>\n<p>I januar, etter at endelige avtaler mellom Aker og Solstad var inng\u00e5tt, kom Kistefos, via Fearnleys, med sitt alternative forslag. Da var Borrower Group, n\u00e5 Solstad Maritime, priset til 4,2 milliarder. En \u00f8kning p\u00e5 2,7 milliarder fra Aker-l\u00f8sningen.<\/p>\n<p class=\"\">\u2013 Jeg m\u00e5 holde meg litt i skinnet, og ikke si akkurat hva jeg mener. Det er ingen selskaper i en slik situasjon som henter penger til fem ganger b\u00f8rskurs.<\/p>\n<p class=\"\">\u2013 Er det \u00e9n ting denne saken ikke mangler, s\u00e5 er det folk som ringer inn og hevder de kunne hente 2\u20133 milliarder kroner? kommenterer Thaulow litt senere i vitnem\u00e5let.\u00a0<\/p>\n<p>\u2013 Det tar jeg ikke helt seri\u00f8st. Hvis det var s\u00e5 rett frem, kunne det v\u00e6rt en l\u00f8sning for lenge siden, svarer R\u00f8kke.\u00a0<\/p>\n<p class=\"subhead\" data-element-type=\"subhead\" data-element-label=\"Mellomtittel\">\u2014 Veldig stolt<\/p>\n<p>Han forteller at han selv begynte \u00e5 sette seg inn i situasjonen i Solstad i september 2023, noen uker f\u00f8r resfinansieringen var p\u00e5 plass.\u00a0<\/p>\n<p>\u2013\u00a0Etter hvert som forst\u00e5elsen for situasjonen \u00f8kte, ble det viktig at l\u00f8sningen tilfredsstilte kapitalkravene vi har til v\u00e5r kapital. Det var viktig at det var robust, sier R\u00f8kke.\u00a0<\/p>\n<p>\u2013 Jeg har sagt det f\u00f8r og jeg sier det gjerne igjen: Jeg er veldig stolt over hva vi har f\u00e5tt til, legger han til.<\/p>\n<p>R\u00f8kke var frustrert over at Solstad ikke hadde kommet lengre i jobben om en refinansiering.<\/p>\n","protected":false},"excerpt":{"rendered":"Etter flere m\u00e5neder inn i en av de st\u00f8rste rettssakene i nyere tid, er det n\u00e5 Kjell Inge&hellip;\n","protected":false},"author":2,"featured_media":104543,"comment_status":"","ping_status":"","sticky":false,"template":"","format":"standard","meta":{"footnotes":""},"categories":[56],"tags":[60,61,62,30,28,29],"class_list":{"0":"post-104542","1":"post","2":"type-post","3":"status-publish","4":"format-standard","5":"has-post-thumbnail","7":"category-naeringsliv","8":"tag-business","9":"tag-economy","10":"tag-naeringsliv","11":"tag-no","12":"tag-norge","13":"tag-norway"},"share_on_mastodon":{"url":"https:\/\/pubeurope.com\/@no\/115663908712558748","error":""},"_links":{"self":[{"href":"https:\/\/www.europesays.com\/no\/wp-json\/wp\/v2\/posts\/104542","targetHints":{"allow":["GET"]}}],"collection":[{"href":"https:\/\/www.europesays.com\/no\/wp-json\/wp\/v2\/posts"}],"about":[{"href":"https:\/\/www.europesays.com\/no\/wp-json\/wp\/v2\/types\/post"}],"author":[{"embeddable":true,"href":"https:\/\/www.europesays.com\/no\/wp-json\/wp\/v2\/users\/2"}],"replies":[{"embeddable":true,"href":"https:\/\/www.europesays.com\/no\/wp-json\/wp\/v2\/comments?post=104542"}],"version-history":[{"count":0,"href":"https:\/\/www.europesays.com\/no\/wp-json\/wp\/v2\/posts\/104542\/revisions"}],"wp:featuredmedia":[{"embeddable":true,"href":"https:\/\/www.europesays.com\/no\/wp-json\/wp\/v2\/media\/104543"}],"wp:attachment":[{"href":"https:\/\/www.europesays.com\/no\/wp-json\/wp\/v2\/media?parent=104542"}],"wp:term":[{"taxonomy":"category","embeddable":true,"href":"https:\/\/www.europesays.com\/no\/wp-json\/wp\/v2\/categories?post=104542"},{"taxonomy":"post_tag","embeddable":true,"href":"https:\/\/www.europesays.com\/no\/wp-json\/wp\/v2\/tags?post=104542"}],"curies":[{"name":"wp","href":"https:\/\/api.w.org\/{rel}","templated":true}]}}