{"id":104556,"date":"2025-12-05T00:13:08","date_gmt":"2025-12-05T00:13:08","guid":{"rendered":"https:\/\/www.europesays.com\/no\/104556\/"},"modified":"2025-12-05T00:13:08","modified_gmt":"2025-12-05T00:13:08","slug":"22-ar-gammel-mann-domt-til-forvaring-for-voldtekt-av-76-ar-gammel-kvinne","status":"publish","type":"post","link":"https:\/\/www.europesays.com\/no\/104556\/","title":{"rendered":"22 \u00e5r gammel mann d\u00f8mt til forvaring for voldtekt av 76 \u00e5r gammel kvinne"},"content":{"rendered":"\n<p class=\"_lead_o9xde_2 _lead_xtcu6_50 layout-component text-serif-m layout-normal text-serif-l layout-component layout-wide layout-padded _wide_17hqh_1 layout-padded\">En 22 \u00e5r gammel mann er d\u00f8mt til forvaring i fire \u00e5r og to m\u00e5neder for \u00e5 ha voldtatt en 76 \u00e5r gammel kvinne i Oslo.<\/p>\n<p><img alt=\"En 22 \u00e5r gammel mann er d\u00f8mt i Oslo tingrett til fengsel for \u00e5 ha voldtatt en 76 \u00e5r gammel kvinne.  Foto: Lise \u00c5serud \/ NTB\" class=\"_image_qp4xg_65 layout-component layout-wide\" data-fullscreen- data-track-element-type=\"Article image fullscreen\" data-track-name=\"ImageFullscreen\" fetchpriority=\"high\" decoding=\"sync\" loading=\"eager\" height=\"3925\" itemprop=\"image\"  src=\"https:\/\/www.europesays.com\/no\/wp-content\/uploads\/2025\/12\/d0e07ced-8269-41a7-91e8-c6d95358f580\"  style=\"object-position:0% 0%\" width=\"5888\"\/>En 22 \u00e5r gammel mann er d\u00f8mt i Oslo tingrett til fengsel for \u00e5 ha voldtatt en 76 \u00e5r gammel kvinne.  Foto: Lise \u00c5serud \/ NTB<\/p>\n<ul aria-hidden=\"true\" class=\"_images_1uft6_111\">\n<li><a class=\"_link_1uft6_116\" href=\"https:\/\/www.vg.no\/forfatter\/ntb\" style=\"z-index:1\" title=\"NTB\" rel=\"nofollow noopener\" target=\"_blank\"><img alt=\"Bilde av NTB\" class=\"_image_1uft6_93\" fetchpriority=\"low\" loading=\"lazy\" decoding=\"async\" itemprop=\"image\"  src=\"https:\/\/www.europesays.com\/no\/wp-content\/uploads\/2025\/12\/1764893588_868_c33980b0-5d07-4027-84a1-813f90a7c8d6\"  width=\"480\"\/><\/a><\/li>\n<\/ul>\n<p> Oppdatert fredag 5. desember kl. 00:37     <\/p>\n<p class=\"_paragraph_o9xde_4 _paragraph_xtcu6_10 layout-component text-serif-m layout-normal text-serif-m layout-padded\">Overgrepet skjedde i kvinnens leilighet i Oslo i februar 2024, skriver <a href=\"https:\/\/www.nrk.no\/stor-oslo\/1.17680251\" class=\"_link_o9xde_39\" rel=\"nofollow noopener\" target=\"_blank\">NRK<\/a>.<\/p>\n<p class=\"_paragraph_o9xde_4 _paragraph_xtcu6_10 layout-component text-serif-m layout-normal text-serif-m layout-padded\">If\u00f8lge dommen fra <a href=\"https:\/\/www.vg.no\/tag\/oslo-tingrett?utm_source=vg-article&amp;utm_medium=auto-tagger&amp;utm_campaign=k0a3Jv\" class=\"_link_o9xde_39\" rel=\"nofollow noopener\" target=\"_blank\">Oslo tingrett<\/a> br\u00f8t mannen seg inn i leiligheten tidlig p\u00e5 morgenen. Han skal ogs\u00e5 ha tatt kvelertak p\u00e5 kvinnen og holdt rundt munnen hennes.<\/p>\n<p class=\"_paragraph_o9xde_4 _paragraph_xtcu6_10 layout-component text-serif-m layout-normal text-serif-m layout-padded\">I tillegg er mannen d\u00f8mt for \u00e5 ha stj\u00e5let eiendeler fra leiligheten og for \u00e5 ha overf\u00f8rt penger fra kvinnens konto til sin egen. Mannen erkjente straffskyld i retten.<\/p>\n<p class=\"_paragraph_o9xde_4 _paragraph_xtcu6_10 layout-component text-serif-m layout-normal text-serif-m layout-padded\">Forvaringsdommen har en minstetid p\u00e5 tre \u00e5r, og mannen er ogs\u00e5 d\u00f8mt til \u00e5 betale over 300.000 kroner til kvinnen.<\/p>\n","protected":false},"excerpt":{"rendered":"En 22 \u00e5r gammel mann er d\u00f8mt til forvaring i fire \u00e5r og to m\u00e5neder for \u00e5 ha&hellip;\n","protected":false},"author":2,"featured_media":104557,"comment_status":"","ping_status":"","sticky":false,"template":"","format":"standard","meta":{"footnotes":""},"categories":[10],"tags":[20,21,24,25,15,22,23,13,30,28,29,14,944,1622,16,26,27,2589],"class_list":{"0":"post-104556","1":"post","2":"type-post","3":"status-publish","4":"format-standard","5":"has-post-thumbnail","7":"category-norge","8":"tag-breaking-news","9":"tag-breakingnews","10":"tag-featured-news","11":"tag-featurednews","12":"tag-headlines","13":"tag-latest-news","14":"tag-latestnews","15":"tag-news","16":"tag-no","17":"tag-norge","18":"tag-norway","19":"tag-nyheter","20":"tag-oslo-tingrett","21":"tag-overgrep","22":"tag-overskrifter","23":"tag-top-stories","24":"tag-topstories","25":"tag-voldtekt"},"share_on_mastodon":{"url":"https:\/\/pubeurope.com\/@no\/115664073898887226","error":""},"_links":{"self":[{"href":"https:\/\/www.europesays.com\/no\/wp-json\/wp\/v2\/posts\/104556","targetHints":{"allow":["GET"]}}],"collection":[{"href":"https:\/\/www.europesays.com\/no\/wp-json\/wp\/v2\/posts"}],"about":[{"href":"https:\/\/www.europesays.com\/no\/wp-json\/wp\/v2\/types\/post"}],"author":[{"embeddable":true,"href":"https:\/\/www.europesays.com\/no\/wp-json\/wp\/v2\/users\/2"}],"replies":[{"embeddable":true,"href":"https:\/\/www.europesays.com\/no\/wp-json\/wp\/v2\/comments?post=104556"}],"version-history":[{"count":0,"href":"https:\/\/www.europesays.com\/no\/wp-json\/wp\/v2\/posts\/104556\/revisions"}],"wp:featuredmedia":[{"embeddable":true,"href":"https:\/\/www.europesays.com\/no\/wp-json\/wp\/v2\/media\/104557"}],"wp:attachment":[{"href":"https:\/\/www.europesays.com\/no\/wp-json\/wp\/v2\/media?parent=104556"}],"wp:term":[{"taxonomy":"category","embeddable":true,"href":"https:\/\/www.europesays.com\/no\/wp-json\/wp\/v2\/categories?post=104556"},{"taxonomy":"post_tag","embeddable":true,"href":"https:\/\/www.europesays.com\/no\/wp-json\/wp\/v2\/tags?post=104556"}],"curies":[{"name":"wp","href":"https:\/\/api.w.org\/{rel}","templated":true}]}}