{"id":104560,"date":"2025-12-05T00:27:15","date_gmt":"2025-12-05T00:27:15","guid":{"rendered":"https:\/\/www.europesays.com\/no\/104560\/"},"modified":"2025-12-05T00:27:15","modified_gmt":"2025-12-05T00:27:15","slug":"offshore-norge-ventar-trongare-tider-i-olje-og-gassnaeringa","status":"publish","type":"post","link":"https:\/\/www.europesays.com\/no\/104560\/","title":{"rendered":"Offshore Norge ventar trongare tider i olje- og gassn\u00e6ringa"},"content":{"rendered":"<p>\u2013 Det vil alltid vere bruk for vedlikehald og s\u00e5nt. Eg er ganske sikker p\u00e5 at vi har jobb i lang tid framover, seier serviceteknikar John Stensvold.<\/p>\n<p>Han er ein av over 200.000 med jobb knytt til petroleumssektoren i Noreg, ei n\u00e6ring som er vant med svingingar.<\/p>\n<p><strong>Aktiviteten i olje- og gassn\u00e6ringa vil falle mot 2029 og 2030, forventar Offshore Norge.<\/strong><\/p>\n<p>\u2013 Ein vil absolutt merke det dei neste \u00e5ra. Det er titals milliardar som forsvinn ut av investeringsportef\u00f8ljen fordi prosjekt blir ferdige, seier sjef\u00f8konom i Offshore Norge, Marius Menth Andersen.<\/p>\n<ul class=\"dhpg__gallery__list\">\n<li class=\"dhpg__gallery__listItem\"><img alt=\"Gruppen av mennesker st\u00e5r samlet i en messehal. De er kledd i formelle kl\u00e6r og engasjert i samtale. I bakgrunnen er det skilt og st\u00e5ende plater, som gir kontekst til arrangementet. Atmosf\u00e6ren er formell og profesjonell.\"  width=\"2400\" height=\"2400\" loading=\"lazy\"\/>Marius Menth Andersen\n<p>Sjefs\u00f8konom, Offshore Norge<\/p>\n<\/li>\n<\/ul>\n<p>Dei baserer dette p\u00e5 investeringsbudsjetta til selskapa. Allereie neste \u00e5r blir det trongare.<\/p>\n<p>\u2013 Framover ser vi at n\u00e6ringane g\u00e5r over ein konjunkturtopp. Investeringane ligg an til \u00e5 falle i 2026 og 2027 med h\u00f8vesvis 4 og 8 prosent, seier Andersen.<\/p>\n<p><strong>Dei meiner at investeringane vil kunne l\u00f8fte seg utover i perioden etter kvart som det blir gjort nye funn og fleire prosjekt blir modne.<\/strong><\/p>\n<p>\u2013 Viss dette skal skje, s\u00e5 er med stabilitet og f\u00f8reseielegheit i rammevilk\u00e5ra heilt avgjerande for ei n\u00e6ring som skal investere for godt over 200 milliardar \u00e5rleg dei neste \u00e5ra, seier Andersen.<\/p>\n<p><img decoding=\"async\"   src=\"data:image\/gif;base64,R0lGODlhAQABAIAAAAAAAP\/\/\/yH5BAEAAAAALAAAAAABAAEAAAIBRAA7\" loading=\"eager\" alt=\"Kan f\u00e5 str\u00f8m fra land\" title=\"Foto: Gudmund Nymoen\/Equinor \/ Equinor \/ NRK\"\/><\/p>\n<p class=\"\">\u00c5sg\u00e5rd p\u00e5 Haltenbanken.<\/p>\n<p>Foto: Gudmund Nymoen\/Equinor \/ Equinor \/ NRK<\/p>\n<p>\u2013 N\u00f8ydd til \u00e5 leite<\/p>\n<p>Regjeringa sitt hovudbodskap p\u00e5 den \u00e5rlege olje- og gasskonferansen i Kristiansund torsdag var at det i all hovudsak g\u00e5r bra med n\u00e6ringa.<\/p>\n<p>\u2013 Det vi ser er at det er store moglegheiter p\u00e5 mange omr\u00e5de. Olje og gass kjem framleis til \u00e5 vere viktig for Noreg i mange ti\u00e5r framover, seier statssekret\u00e6r Olje- og energidepartementet, Snorre Erichsen Skjevrak (Ap).<\/p>\n<p><img decoding=\"async\"   src=\"data:image\/gif;base64,R0lGODlhAQABAIAAAAAAAP\/\/\/yH5BAEAAAAALAAAAAABAAEAAAIBRAA7\" loading=\"eager\" alt=\"En mann i dress st\u00e5r ved en talerstol under en presentasjon. Det finnes drikkevarer og blomster p\u00e5 bordet. I bakgrunnen henger bannere med teksten &quot;KNN&quot; og &quot;Kristiansund og Nordm\u00f8re n\u00e6ringsforening&quot;. Scenen er godt opplyst med en lys trevegg.\" title=\"Foto: Eirik Haukenes \/ NRK\"\/><\/p>\n<p class=\"\">Statssekret\u00e6r Olje- og energidepartementet, Snorre Erichsen Skjevrak (Ap), talte p\u00e5 Desemberkonferansen i Kristiansund.<\/p>\n<p>Foto: Eirik Haukenes \/ NRK<\/p>\n<p>Ogs\u00e5 er det eit men, for han er tydeleg p\u00e5 Noreg m\u00e5 ta nokre vegval<\/p>\n<p>\u2013 Vi er n\u00f8ydd til \u00e5 leite meir og finne meir, og vi har store ressursar som det g\u00e5r an \u00e5 utnytte p\u00e5 sokkelen. Det er eit politisk val korleis vi vel \u00e5 utnytte dei, seier Skjevrak.<\/p>\n<p>Omstillingskommisjon<\/p>\n<p>I budsjettforhandlingane til regjeringa fekk MDG gjennomslag for \u00e5 opprette ein omstillingskommisjon. Den skal lage ein strategi for sluttfasen av den norske fossile energiproduksjonen.<\/p>\n<p>Den skal best\u00e5 av partane i arbeidslivet, fagfolk og milj\u00f8r\u00f8rsla. Offshore Norge er budd p\u00e5 \u00e5 bidra konstruktivt inn i det arbeidet.<\/p>\n<p>\u2013 Vi tenker at dette er ein fin moglegheit for \u00e5 spreie kunnskap om viktigheita av olje- og gassn\u00e6ringa for norsk \u00f8konomi, men ogs\u00e5 for europeisk energitryggleik. Dette er ikkje eit utval som skal sj\u00e5 p\u00e5 ei politisk styrt avvikling av n\u00e6ringa, seier Andersen.<\/p>\n<p><img decoding=\"async\"   src=\"data:image\/gif;base64,R0lGODlhAQABAIAAAAAAAP\/\/\/yH5BAEAAAAALAAAAAABAAEAAAIBRAA7\" loading=\"eager\" alt=\"To personer arbeider i en verkstedlignende setting. Den ene personen st\u00e5r ved en stor metallkomponent, mens den andre g\u00e5r mot kameraet. Omgivelsene inkluderer industrielle verkt\u00f8y og utstyr plassert rundt dem. Lyset fra vinduene skaper en kontrast mellom skj\u00e6ringen av lys og skygge i rommet.\" title=\"Foto: Eirik Haukenes \/ NRK\"\/><\/p>\n<p class=\"\">John Stensvold og Samuel Ibrahim jobbar i leverand\u00f8rindustrien. Det f\u00f8ler seg trygge.<\/p>\n<p>Foto: Eirik Haukenes \/ NRK<\/p>\n<p>Fryktar ikkje for arbeidsplassane<\/p>\n<p>P\u00e5 verkstaden til Oss-nor like ved st\u00e5r John Stensvold og Samuel Ibrahim og arbeider med vedlikehald av utstyr til bruk offshore. Ogs\u00e5 Ibrahim er trygg p\u00e5 framtida.<\/p>\n<p><strong>\u2013 Eg er ikkje redd for at arbeidsplassane forsvinn, ikkje med det f\u00f8rste i alle fall, seier Ibrahim.<\/strong><\/p>\n<p>Leverand\u00f8rindustrien best\u00e5r av rundt 2000 verksemder rundt om i landet. Dei vil ha nok \u00e5 gjere framover, meiner statssekret\u00e6ren.<\/p>\n<p>\u2013 Dei er godt rigga for \u00e5 ta nye oppdrag, og det kjem til \u00e5 vere mykje \u00e5 gjere i olje- og gassindustrien i lang tid framover, seier Skjevrak.<\/p>\n<p>Publisert<\/p>\n<p>04.12.2025, kl. 19.37<\/p>\n","protected":false},"excerpt":{"rendered":"\u2013 Det vil alltid vere bruk for vedlikehald og s\u00e5nt. Eg er ganske sikker p\u00e5 at vi har&hellip;\n","protected":false},"author":2,"featured_media":104561,"comment_status":"","ping_status":"","sticky":false,"template":"","format":"standard","meta":{"footnotes":""},"categories":[10],"tags":[20,21,24,25,15,22,23,13,30,28,29,14,16,26,27],"class_list":{"0":"post-104560","1":"post","2":"type-post","3":"status-publish","4":"format-standard","5":"has-post-thumbnail","7":"category-norge","8":"tag-breaking-news","9":"tag-breakingnews","10":"tag-featured-news","11":"tag-featurednews","12":"tag-headlines","13":"tag-latest-news","14":"tag-latestnews","15":"tag-news","16":"tag-no","17":"tag-norge","18":"tag-norway","19":"tag-nyheter","20":"tag-overskrifter","21":"tag-top-stories","22":"tag-topstories"},"share_on_mastodon":{"url":"https:\/\/pubeurope.com\/@no\/115664128748546570","error":""},"_links":{"self":[{"href":"https:\/\/www.europesays.com\/no\/wp-json\/wp\/v2\/posts\/104560","targetHints":{"allow":["GET"]}}],"collection":[{"href":"https:\/\/www.europesays.com\/no\/wp-json\/wp\/v2\/posts"}],"about":[{"href":"https:\/\/www.europesays.com\/no\/wp-json\/wp\/v2\/types\/post"}],"author":[{"embeddable":true,"href":"https:\/\/www.europesays.com\/no\/wp-json\/wp\/v2\/users\/2"}],"replies":[{"embeddable":true,"href":"https:\/\/www.europesays.com\/no\/wp-json\/wp\/v2\/comments?post=104560"}],"version-history":[{"count":0,"href":"https:\/\/www.europesays.com\/no\/wp-json\/wp\/v2\/posts\/104560\/revisions"}],"wp:featuredmedia":[{"embeddable":true,"href":"https:\/\/www.europesays.com\/no\/wp-json\/wp\/v2\/media\/104561"}],"wp:attachment":[{"href":"https:\/\/www.europesays.com\/no\/wp-json\/wp\/v2\/media?parent=104560"}],"wp:term":[{"taxonomy":"category","embeddable":true,"href":"https:\/\/www.europesays.com\/no\/wp-json\/wp\/v2\/categories?post=104560"},{"taxonomy":"post_tag","embeddable":true,"href":"https:\/\/www.europesays.com\/no\/wp-json\/wp\/v2\/tags?post=104560"}],"curies":[{"name":"wp","href":"https:\/\/api.w.org\/{rel}","templated":true}]}}