{"id":104566,"date":"2025-12-05T00:51:14","date_gmt":"2025-12-05T00:51:14","guid":{"rendered":"https:\/\/www.europesays.com\/no\/104566\/"},"modified":"2025-12-05T00:51:14","modified_gmt":"2025-12-05T00:51:14","slug":"sjanse-for-at-usa-forrader-ukraina","status":"publish","type":"post","link":"https:\/\/www.europesays.com\/no\/104566\/","title":{"rendered":"\u2013 Sjanse for at USA forr\u00e5der Ukraina"},"content":{"rendered":"\n<p class=\"_lead_o9xde_2 _lead_xtcu6_50 layout-component text-serif-m layout-normal text-serif-l layout-component layout-wide layout-padded _wide_17hqh_1 layout-padded\">Flere av Europas mektigste ledere er bekymret for USAs fredsinnsats, if\u00f8lge lekkasjen. Ogs\u00e5 statsminister Jonas Gahr St\u00f8re deltok i samtalene. <\/p>\n<p><img alt=\"Frankrikes president Emmanuel Macron og statsminister Jonas Gahr St\u00f8re under et toppm\u00f8te i Danmark i oktober.  Foto: Ole Berg-Rusten \/ NTB\" class=\"_image_qp4xg_65 layout-component layout-wide\" data-fullscreen- data-track-element-type=\"Article image fullscreen\" data-track-name=\"ImageFullscreen\" fetchpriority=\"high\" decoding=\"sync\" loading=\"eager\" height=\"4846\" itemprop=\"image\"  src=\"https:\/\/www.europesays.com\/no\/wp-content\/uploads\/2025\/12\/e80faac5-4435-4064-be57-5fdc16e99622\"  style=\"object-position:0% 0%\" width=\"6464\"\/>Frankrikes president Emmanuel Macron og statsminister Jonas Gahr St\u00f8re under et toppm\u00f8te i Danmark i oktober.  Foto: Ole Berg-Rusten \/ NTB<\/p>\n<ul aria-hidden=\"true\" class=\"_images_1uft6_111\">\n<li><a class=\"_link_1uft6_116\" href=\"https:\/\/www.vg.no\/forfatter\/einar-torkelsen\" style=\"z-index:1\" title=\"Einar Torkelsen\" rel=\"nofollow noopener\" target=\"_blank\"><img alt=\"Bilde av Einar Torkelsen\" class=\"_image_1uft6_93\" fetchpriority=\"low\" loading=\"lazy\" decoding=\"async\" itemprop=\"image\"  src=\"https:\/\/www.europesays.com\/no\/wp-content\/uploads\/2025\/12\/1764895871_664_f6016772-ddbc-43d2-b733-41afc7cc9046\"  width=\"480\"\/><\/a><\/li>\n<\/ul>\n<p> Oppdatert fredag 5. desember kl. 01:27    <\/p>\n<ul class=\"_list_o9xde_3 _list_64s2r_85 _unordered_o9xde_106 text-sans-m\">\n<li class=\"_item_o9xde_30\">Den tyske avisen Der Spiegel har publisert lekkede notater fra en telefonkonferanse med europeiske ledere p\u00e5 mandag.<\/li>\n<li class=\"_item_o9xde_30\">Flere mektige statsledere uttrykket skepsis til USAs fredsinnsats for Ukraina, if\u00f8lge lekkasjen.<\/li>\n<li class=\"_item_o9xde_30\">Statsminister Jonas Gahr St\u00f8re deltok i samtalen.<\/li>\n<li class=\"_item_o9xde_30\">Statssekret\u00e6r Kristoffer Thoner sier at det ikke er naturlig \u00e5 kommentere fortrolige samtaler. <\/li>\n<\/ul>\n<p>Vis mer <\/p>\n<p class=\"_paragraph_o9xde_4 _paragraph_xtcu6_10 layout-component text-serif-m layout-normal text-serif-m layout-padded\">Flere europeiske statsledere har tilsynelatende svekket tillit til USAs rolle i fredsinnsatsen for <a href=\"https:\/\/www.vg.no\/tag\/ukraina?utm_source=vg-article&amp;utm_medium=auto-tagger&amp;utm_campaign=16kBWK\" class=\"_link_o9xde_39\" rel=\"nofollow noopener\" target=\"_blank\">Ukraina<\/a>, skriver den tyske avisen <a href=\"https:\/\/www.spiegel.de\/international\/europe\/confidential-conference-on-ukraine-peace-we-must-not-leave-ukraine-and-volodymyr-alone-with-these-guys-a-a7b269ed-b6c2-4739-8e83-81552e097c14\" class=\"_link_o9xde_39\" rel=\"nofollow noopener\" target=\"_blank\">Der Spiegel<\/a>. <\/p>\n<p class=\"_paragraph_o9xde_4 _paragraph_xtcu6_10 layout-component text-serif-m layout-normal text-serif-m layout-padded\"><strong class=\"_strong_o9xde_25\">Avisen har f\u00e5tt tilgang p\u00e5 lekkede notater fra en telefonkonferanse p\u00e5 mandag mellom en rekke europeiske topper. <\/strong><\/p>\n<p class=\"_paragraph_o9xde_4 _paragraph_xtcu6_10 layout-component text-serif-m layout-normal text-serif-m layout-padded\">To av deltagerne i konferansen har bekreftet at samtalene har blitt gjengitt korrekt, skriver Der Spiegel. <\/p>\n<p class=\"_paragraph_o9xde_4 _paragraph_xtcu6_10 layout-component text-serif-m layout-normal text-serif-m layout-padded\">Blant deltagerne i konferansen er Frankrikes president Emmanuel Macron, Tysklands forbundskansler Friedrich Merz, EU-kommisjonens president Ursula von der Leyen og Ukrainas president Volodymyr Zelenskyj. <\/p>\n<p class=\"_paragraph_o9xde_4 _paragraph_xtcu6_10 layout-component text-serif-m layout-normal text-serif-m layout-padded\"><strong class=\"_strong_o9xde_25\">Ogs\u00e5 statsminister Jonas Gahr St\u00f8re deltok p\u00e5 konferansen. Se svaret til Statsministerens kontor lenger ned i saken. <\/strong><\/p>\n<p><img alt=\"Jonas Gahr St\u00f8re deltok p\u00e5 telefonkonferansen. Her er han p\u00e5 Statsministerens kontor kontor.   Foto: Helge Mikalsen \/ VG\" class=\"_image_qp4xg_65 layout-component layout-normal\" data-fullscreen- data-track-element-type=\"Article image fullscreen\" data-track-name=\"ImageFullscreen\" decoding=\"async\" loading=\"lazy\" height=\"5457\" itemprop=\"image\"  src=\"https:\/\/www.europesays.com\/no\/wp-content\/uploads\/2025\/12\/a95263d6-69d4-45be-8ea8-590cf2073071\"  style=\"object-position:0% 0%\" width=\"8040\"\/>Jonas Gahr St\u00f8re deltok p\u00e5 telefonkonferansen. Her er han p\u00e5 Statsministerens kontor kontor.   Foto: Helge Mikalsen \/ VG<\/p>\n<p class=\"_paragraph_o9xde_4 _paragraph_xtcu6_10 layout-component text-serif-m layout-normal text-serif-m layout-padded\">Den franske presidenten viste bekymring for et mulig amerikansk forr\u00e6deri, if\u00f8lge de lekkede notatene. <\/p>\n<p class=\"_paragraph_o9xde_4 _paragraph_xtcu6_10 layout-component text-serif-m layout-normal text-serif-m layout-padded\">\u2013 Det er en sjanse for at USA forr\u00e5der Ukraina n\u00e5r det gjelder landomr\u00e5der, uten klarhet rundt sikkerhetsgarantier, sier Macron, if\u00f8lge notatene.<\/p>\n<p class=\"_paragraph_o9xde_4 _paragraph_xtcu6_10 layout-component text-serif-m layout-normal text-serif-m layout-padded\"><strong class=\"_strong_o9xde_25\">\u2013 Det er en stor fare for Zelenskyj, sier Macron.<\/strong><\/p>\n<p class=\"_paragraph_o9xde_4 _paragraph_xtcu6_10 layout-component text-serif-m layout-normal text-serif-m layout-padded\">P\u00e5 en pressekonferanse etter konferansen sa derimot Macron at den amerikanske meglingen er \u00aben god ting\u00bb. <\/p>\n<p><img alt=\"Ukrainas president Volodymyr Zelenskyj og Frankrikes president Emmanuel Macron.  Foto: Christophe Ena \/ AP \/ NTB\" class=\"_image_qp4xg_65 layout-component layout-normal\" data-fullscreen- data-track-element-type=\"Article image fullscreen\" data-track-name=\"ImageFullscreen\" decoding=\"async\" loading=\"lazy\" height=\"1723\" itemprop=\"image\"  src=\"https:\/\/www.europesays.com\/no\/wp-content\/uploads\/2025\/12\/e58367be-4cad-41a0-bef0-c2c610736683\"  style=\"object-position:0% 0%\" width=\"2297\"\/>Ukrainas president Volodymyr Zelenskyj og Frankrikes president Emmanuel Macron.  Foto: Christophe Ena \/ AP \/ NTB<\/p>\n<p class=\"_paragraph_o9xde_4 _paragraph_xtcu6_10 layout-component text-serif-m layout-normal text-serif-m layout-padded\">Der Spiegel har v\u00e6rt i kontakt med den franske presidentens kontor, som avviser at Macron har snakket om et mulig amerikansk forr\u00e6deri. <\/p>\n<p class=\"_paragraph_o9xde_4 _paragraph_xtcu6_10 layout-component text-serif-m layout-normal text-serif-m layout-padded\">\u2013 Presidenten uttrykte seg ikke med disse ordene, heter det i uttalelsen. <\/p>\n<p>\u2013 De spiller spill <\/p>\n<p class=\"_paragraph_o9xde_4 _paragraph_xtcu6_10 layout-component text-serif-m layout-normal text-serif-m layout-padded\">If\u00f8lge de lekkede notatene, viste ogs\u00e5 den tyske forbundskansleren Friedrich Merz skepsis til USAs fredsinnsats for Ukraina. <\/p>\n<p><img alt=\"Zelenskyj sammen med Tysklands forbundskansler Friedrich Merz.   Foto: TOBIAS SCHWARZ \/ AFP \/ NTB\" class=\"_image_qp4xg_65 layout-component layout-normal\" data-fullscreen- data-track-element-type=\"Article image fullscreen\" data-track-name=\"ImageFullscreen\" decoding=\"async\" loading=\"lazy\" height=\"3815\" itemprop=\"image\"  src=\"https:\/\/www.europesays.com\/no\/wp-content\/uploads\/2025\/12\/885e91cd-4f96-4954-8b7e-d9f2e1384c32\"  style=\"object-position:0% 0%\" width=\"5940\"\/>Zelenskyj sammen med Tysklands forbundskansler Friedrich Merz.   Foto: TOBIAS SCHWARZ \/ AFP \/ NTB<\/p>\n<p class=\"_paragraph_o9xde_4 _paragraph_xtcu6_10 layout-component text-serif-m layout-normal text-serif-m layout-padded\">Merz advarte Zelenskyj om at han m\u00e5 v\u00e6re \u00abveldig forsiktig\u00bb i de kommende dagene.<\/p>\n<p class=\"_paragraph_o9xde_4 _paragraph_xtcu6_10 layout-component text-serif-m layout-normal text-serif-m layout-padded\"><strong class=\"_strong_o9xde_25\">\u2013 De spiller spill med b\u00e5de deg og oss, sier Merz, if\u00f8lge de lekkede notatene.<\/strong><\/p>\n<p class=\"_paragraph_o9xde_4 _paragraph_xtcu6_10 layout-component text-serif-m layout-normal text-serif-m layout-padded\">If\u00f8lge Der Spiegel skal den tyske forbundskansleren ha vist til USAs Ukraina-utsending Steve Witkoff og Donald Trumps svigers\u00f8nn Jared Kushner. <\/p>\n<p class=\"_paragraph_o9xde_4 _paragraph_xtcu6_10 layout-component text-serif-m layout-normal text-serif-m layout-padded\">Begge er involvert i fredsinnsatsen for Ukraina, og reiste nylig til Russland for samtaler med Vladimir Putin. <\/p>\n<p><img alt=\"Steve Witkoff og Jared Kushner (til venstre) m\u00f8tte nylig Russlands president Vladimir Putin i Moskva.   Foto: Alexander Kazakov \/ AP \/ NTB\" class=\"_image_qp4xg_65 layout-component layout-normal\" data-fullscreen- data-track-element-type=\"Article image fullscreen\" data-track-name=\"ImageFullscreen\" decoding=\"async\" loading=\"lazy\" height=\"3639\" itemprop=\"image\"  src=\"https:\/\/www.europesays.com\/no\/wp-content\/uploads\/2025\/12\/fd11e153-32de-4c2b-9a13-6deab498e21c\"  style=\"object-position:0% 0%\" width=\"5458\"\/>Steve Witkoff og Jared Kushner (til venstre) m\u00f8tte nylig Russlands president Vladimir Putin i Moskva.   Foto: Alexander Kazakov \/ AP \/ NTB<\/p>\n<p class=\"_paragraph_o9xde_4 _paragraph_xtcu6_10 layout-component text-serif-m layout-normal text-serif-m layout-padded\">Ogs\u00e5 Finlands president Alexander Stubb advarte mot disse to, if\u00f8lge avisen.<\/p>\n<p class=\"_paragraph_o9xde_4 _paragraph_xtcu6_10 layout-component text-serif-m layout-normal text-serif-m layout-padded\"><strong class=\"_strong_o9xde_25\">\u2013 Vi m\u00e5 ikke la Ukraina og Volodymyr v\u00e6re alene med disse folkene, sier Stubb, if\u00f8lge notatene. <\/strong><\/p>\n<p class=\"_paragraph_o9xde_4 _paragraph_xtcu6_10 layout-component text-serif-m layout-normal text-serif-m layout-padded\">Natos generalsekret\u00e6r Mark Rutte skal ha sagt seg enig med Stubb. <\/p>\n<p class=\"_paragraph_o9xde_4 _paragraph_xtcu6_10 layout-component text-serif-m layout-normal text-serif-m layout-padded\">\u2013 Jeg er enig med Alexander i at vi m\u00e5 beskytte Volodymyr, sier Rutte, if\u00f8lge notatene.<\/p>\n<p><img alt=\"Finlands president Alexander Stubb og statsminister Jonas Gahr St\u00f8re.   Foto: Hallgeir V\u00e5genes \/ VG\" class=\"_image_qp4xg_65 layout-component layout-normal\" data-fullscreen- data-track-element-type=\"Article image fullscreen\" data-track-name=\"ImageFullscreen\" decoding=\"async\" loading=\"lazy\" height=\"1966\" itemprop=\"image\"  src=\"https:\/\/www.europesays.com\/no\/wp-content\/uploads\/2025\/12\/dd363a1a-8760-4c20-85da-07c9f7e6284c\"  style=\"object-position:0% 0%\" width=\"2622\"\/>Finlands president Alexander Stubb og statsminister Jonas Gahr St\u00f8re.   Foto: Hallgeir V\u00e5genes \/ VG<\/p>\n<p class=\"_paragraph_o9xde_4 _paragraph_xtcu6_10 layout-component text-serif-m layout-normal text-serif-m layout-padded\">Etter konferansen omtalte Zelenskyj samtalene som \u00abveldig produktive\u00bb. <\/p>\n<p class=\"_paragraph_o9xde_4 _paragraph_xtcu6_10 layout-component text-serif-m layout-normal text-serif-m layout-padded\">En talsperson for Zelenskyj sier at han ikke \u00f8nsker \u00e5 kommentere innholdet i samtalene p\u00e5 mandag. <\/p>\n<p>\u2013 Europeisk st\u00f8tte<\/p>\n<p class=\"_paragraph_o9xde_4 _paragraph_xtcu6_10 layout-component text-serif-m layout-normal text-serif-m layout-padded\">VG har spurt Statsministerens kontor (SMK) om St\u00f8re kjenner seg igjen i innholdet fra telefonkonferansen og om han deler bekymringene som ble uttrykket.<\/p>\n<p class=\"_paragraph_o9xde_4 _paragraph_xtcu6_10 layout-component text-serif-m layout-normal text-serif-m layout-padded\"><strong class=\"_strong_o9xde_25\">\u2013 Det er ikke naturlig \u00e5 g\u00e5 inn p\u00e5 fortrolige samtaler mellom lederne, sier statssekret\u00e6r Kristoffer Thoner (Ap) til VG. <\/strong><\/p>\n<p><img alt=\"Statssekret\u00e6r Kristoffer Thoner og statsminister Jonas Gahr St\u00f8re.   Foto: G\u00f8ran Bohlin \/ VG\" class=\"_image_qp4xg_65 layout-component layout-normal\" data-fullscreen- data-track-element-type=\"Article image fullscreen\" data-track-name=\"ImageFullscreen\" decoding=\"async\" loading=\"lazy\" height=\"2418\" itemprop=\"image\"  src=\"https:\/\/www.europesays.com\/no\/wp-content\/uploads\/2025\/12\/b9214235-3ab0-4732-9438-c6733548a5d7\"  style=\"object-position:0% 0%\" width=\"3224\"\/>Statssekret\u00e6r Kristoffer Thoner og statsminister Jonas Gahr St\u00f8re.   Foto: G\u00f8ran Bohlin \/ VG<\/p>\n<p class=\"_paragraph_o9xde_4 _paragraph_xtcu6_10 layout-component text-serif-m layout-normal text-serif-m layout-padded\">Han viser videre til uttalelsen St\u00f8re ga p\u00e5 mandag:<\/p>\n<p class=\"_paragraph_o9xde_4 _paragraph_xtcu6_10 layout-component text-serif-m layout-normal text-serif-m layout-padded\">\u2013 Jeg deltok i dag i det digitale m\u00f8tet med president Zelenskyj og flere europeiske ledere, inkludert lederne i EU og Nato. Zelenskyj orienterte blant annet om samtalene Ukraina har hatt med USA i Florida, og arbeidet som n\u00e5 p\u00e5g\u00e5r for \u00e5 f\u00e5 p\u00e5 plass en fredsplan. Vi uttrykte europeisk st\u00f8tte til Ukraina i forkant av samtalene i Moskva i morgen.<\/p>\n<p class=\"_paragraph_o9xde_4 _paragraph_xtcu6_10 layout-component text-serif-m layout-normal text-serif-m layout-padded\">St\u00f8re sier videre at Norge st\u00e5r samlet sammen med Ukraina i det krevende arbeidet for en varig og rettferdig fred. <\/p>\n<p class=\"_paragraph_o9xde_4 _paragraph_xtcu6_10 layout-component text-serif-m layout-normal text-serif-m layout-padded\">\u2013 Rammene for en fredsavtale m\u00e5 v\u00e6re forankret med USA, Europa og Ukraina, og en fredsavtale m\u00e5 sikre Ukrainas interesser i tr\u00e5d med folkeretten, sier St\u00f8re. <\/p>\n","protected":false},"excerpt":{"rendered":"Flere av Europas mektigste ledere er bekymret for USAs fredsinnsats, if\u00f8lge lekkasjen. Ogs\u00e5 statsminister Jonas Gahr St\u00f8re deltok&hellip;\n","protected":false},"author":2,"featured_media":104567,"comment_status":"","ping_status":"","sticky":false,"template":"","format":"standard","meta":{"footnotes":""},"categories":[12],"tags":[20,21,1241,274,24,25,176,15,201,179,22,23,13,30,28,29,14,16,26,27,489,50,42,488,43,44,45],"class_list":{"0":"post-104566","1":"post","2":"type-post","3":"status-publish","4":"format-standard","5":"has-post-thumbnail","7":"category-verden","8":"tag-breaking-news","9":"tag-breakingnews","10":"tag-emmanuel-macron","11":"tag-europa","12":"tag-featured-news","13":"tag-featurednews","14":"tag-friedrich-merz","15":"tag-headlines","16":"tag-jonas-gahr-store","17":"tag-krigen-i-ukraina","18":"tag-latest-news","19":"tag-latestnews","20":"tag-news","21":"tag-no","22":"tag-norge","23":"tag-norway","24":"tag-nyheter","25":"tag-overskrifter","26":"tag-top-stories","27":"tag-topstories","28":"tag-ukraina","29":"tag-usa","30":"tag-verden","31":"tag-volodymyr-zelenskyj","32":"tag-world","33":"tag-world-news","34":"tag-worldnews"},"share_on_mastodon":{"url":"https:\/\/pubeurope.com\/@no\/115664223355670743","error":""},"_links":{"self":[{"href":"https:\/\/www.europesays.com\/no\/wp-json\/wp\/v2\/posts\/104566","targetHints":{"allow":["GET"]}}],"collection":[{"href":"https:\/\/www.europesays.com\/no\/wp-json\/wp\/v2\/posts"}],"about":[{"href":"https:\/\/www.europesays.com\/no\/wp-json\/wp\/v2\/types\/post"}],"author":[{"embeddable":true,"href":"https:\/\/www.europesays.com\/no\/wp-json\/wp\/v2\/users\/2"}],"replies":[{"embeddable":true,"href":"https:\/\/www.europesays.com\/no\/wp-json\/wp\/v2\/comments?post=104566"}],"version-history":[{"count":0,"href":"https:\/\/www.europesays.com\/no\/wp-json\/wp\/v2\/posts\/104566\/revisions"}],"wp:featuredmedia":[{"embeddable":true,"href":"https:\/\/www.europesays.com\/no\/wp-json\/wp\/v2\/media\/104567"}],"wp:attachment":[{"href":"https:\/\/www.europesays.com\/no\/wp-json\/wp\/v2\/media?parent=104566"}],"wp:term":[{"taxonomy":"category","embeddable":true,"href":"https:\/\/www.europesays.com\/no\/wp-json\/wp\/v2\/categories?post=104566"},{"taxonomy":"post_tag","embeddable":true,"href":"https:\/\/www.europesays.com\/no\/wp-json\/wp\/v2\/tags?post=104566"}],"curies":[{"name":"wp","href":"https:\/\/api.w.org\/{rel}","templated":true}]}}