{"id":104594,"date":"2025-12-05T02:19:08","date_gmt":"2025-12-05T02:19:08","guid":{"rendered":"https:\/\/www.europesays.com\/no\/104594\/"},"modified":"2025-12-05T02:19:08","modified_gmt":"2025-12-05T02:19:08","slug":"israel-far-delta-i-eurovision-norge-boikotter-ikke","status":"publish","type":"post","link":"https:\/\/www.europesays.com\/no\/104594\/","title":{"rendered":"Israel f\u00e5r delta i Eurovision \u2013 Norge boikotter ikke"},"content":{"rendered":"<p> At Israel f\u00e5r delta, ble klart p\u00e5 et m\u00f8te i Den europeiske kringkastingsunionen (EBU) torsdag kveld. Den israelske kringkasteren <a href=\"https:\/\/www.kan.org.il\/content\/kan-news\/culture\/976780\/\" rel=\"noopener nofollow\" target=\"_blank\">Kan <\/a> bekrefter at landet skal delta.<\/p>\n<p>Israels deltakelse i sangkonkurransen har v\u00e6rt sv\u00e6rt omstridt p\u00e5 grunn av krigen i Gaza. Flere land har tatt til orde for at Israel b\u00f8r utestenges fra konkurransen p\u00e5 grunn av dette.<\/p>\n<p>Kringkastingsselskapene i Nederland, Spania, Irland og Slovenia har allerede varslet at de ikke vil delta i konkurransen neste \u00e5r i protest mot Israels krigf\u00f8ring i Gaza.<\/p>\n<p>\u2013 N\u00f8dvendige tiltak<\/p>\n<p>Norge har p\u00e5 sin side ikke tenkt \u00e5 boikotte.<\/p>\n<p>\u2013 I \u00e5r har vi deltatt aktivt i prosessen for \u00e5 gj\u00f8re EBU og Eurovision bedre, sterkere og mer samlende. Vi mener tiltakene er n\u00f8dvendige for \u00e5 beskytte konkurransens n\u00f8ytralitet og omd\u00f8mme, sier kringkastingssjef Vibeke F\u00fcrst Haugen i en pressemelding.<\/p>\n<p>Ingen direkte avstemning<\/p>\n<p> EBU bekrefter i en <a href=\"https:\/\/www.ebu.ch\/news\/2025\/12\/ebu-members-show-clear-support-for-eurovision-reforms\" rel=\"noopener nofollow\" target=\"_blank\">pressemelding <\/a> at det er vedtatt nye regler for \u00e5 \u00abbeskytte Eurovisions n\u00f8ytralitet og upartiskhet\u00bb. Dersom dette forslaget hadde blitt nedstemt, ville det medf\u00f8rt en direkte avstemning om Israels deltakelse.<\/p>\n<p>\u2013 Denne avstemningen betyr at alle EBU-medlemmer som \u00f8nsker \u00e5 delta i Eurovision Song Contest 2026 og er enige om \u00e5 st\u00f8tte de nye reglene, er kvalifisert til \u00e5 delta, heter det i pressemeldingen.<\/p>\n<p>Tyskland har p\u00e5 sin side sagt at de ikke ville ha deltatt hvis Israel ble blokkert. NRK har tidligere gjort det klart at Norge ikke boikotter israelsk deltakelse, med henvisning til at kringkasteren ikke f\u00f8rer egen utenrikspolitikk.<\/p>\n<p>Vil hindre ytre p\u00e5virkning<\/p>\n<p>Neste \u00e5rs Eurovision arrangeres i Wien i mai etter at artisten JJ gikk til topps med l\u00e5ten \u00abWasted Love\u00bb tidligere i \u00e5r.<\/p>\n<p>De nye reglene skal hindre regjeringer og tredjeparter i \u00e5 st\u00f8tte kampanjer for enkeltartister for \u00e5 p\u00e5virke avstemningen i Eurovision. Etter \u00e5rets Eurovision ble Israel beskyldt for \u00e5 fremme sin kandidat p\u00e5 ureglementert vis.<\/p>\n<p>Palestinakomiteens leder Lina Khateeb sier NRK b\u00f8r boikotte konkurransen.<\/p>\n<p>\u2013 Bare i dag har israelske okkupasjonssoldater angrepet og drept sivile i Gaza, p\u00e5 Vestbredden og i Libanon. Til tross for dette skal de delta i Eurovision som om alt er normalt, fordi reglene for stemmegivning er endret. Det er dypt skuffende, sier hun i en pressemelding.<\/p>\n","protected":false},"excerpt":{"rendered":"At Israel f\u00e5r delta, ble klart p\u00e5 et m\u00f8te i Den europeiske kringkastingsunionen (EBU) torsdag kveld. Den israelske&hellip;\n","protected":false},"author":2,"featured_media":104595,"comment_status":"","ping_status":"","sticky":false,"template":"","format":"standard","meta":{"footnotes":""},"categories":[12],"tags":[20,21,24,25,15,22,23,13,30,28,29,14,16,26,27,42,43,44,45],"class_list":{"0":"post-104594","1":"post","2":"type-post","3":"status-publish","4":"format-standard","5":"has-post-thumbnail","7":"category-verden","8":"tag-breaking-news","9":"tag-breakingnews","10":"tag-featured-news","11":"tag-featurednews","12":"tag-headlines","13":"tag-latest-news","14":"tag-latestnews","15":"tag-news","16":"tag-no","17":"tag-norge","18":"tag-norway","19":"tag-nyheter","20":"tag-overskrifter","21":"tag-top-stories","22":"tag-topstories","23":"tag-verden","24":"tag-world","25":"tag-world-news","26":"tag-worldnews"},"share_on_mastodon":{"url":"https:\/\/pubeurope.com\/@no\/115664569184940248","error":""},"_links":{"self":[{"href":"https:\/\/www.europesays.com\/no\/wp-json\/wp\/v2\/posts\/104594","targetHints":{"allow":["GET"]}}],"collection":[{"href":"https:\/\/www.europesays.com\/no\/wp-json\/wp\/v2\/posts"}],"about":[{"href":"https:\/\/www.europesays.com\/no\/wp-json\/wp\/v2\/types\/post"}],"author":[{"embeddable":true,"href":"https:\/\/www.europesays.com\/no\/wp-json\/wp\/v2\/users\/2"}],"replies":[{"embeddable":true,"href":"https:\/\/www.europesays.com\/no\/wp-json\/wp\/v2\/comments?post=104594"}],"version-history":[{"count":0,"href":"https:\/\/www.europesays.com\/no\/wp-json\/wp\/v2\/posts\/104594\/revisions"}],"wp:featuredmedia":[{"embeddable":true,"href":"https:\/\/www.europesays.com\/no\/wp-json\/wp\/v2\/media\/104595"}],"wp:attachment":[{"href":"https:\/\/www.europesays.com\/no\/wp-json\/wp\/v2\/media?parent=104594"}],"wp:term":[{"taxonomy":"category","embeddable":true,"href":"https:\/\/www.europesays.com\/no\/wp-json\/wp\/v2\/categories?post=104594"},{"taxonomy":"post_tag","embeddable":true,"href":"https:\/\/www.europesays.com\/no\/wp-json\/wp\/v2\/tags?post=104594"}],"curies":[{"name":"wp","href":"https:\/\/api.w.org\/{rel}","templated":true}]}}