{"id":104610,"date":"2025-12-05T03:10:08","date_gmt":"2025-12-05T03:10:08","guid":{"rendered":"https:\/\/www.europesays.com\/no\/104610\/"},"modified":"2025-12-05T03:10:08","modified_gmt":"2025-12-05T03:10:08","slug":"krigen-i-ukraina-ukrainske-angrep","status":"publish","type":"post","link":"https:\/\/www.europesays.com\/no\/104610\/","title":{"rendered":"Krigen i Ukraina, Ukrainske angrep"},"content":{"rendered":"\n<p>Det ene angrepet f\u00f8rte til at det begynte \u00e5 brenne i fabrikkanlegget Nevinnomyssky Azot, if\u00f8lge en uttalelse fra den ukrainske generalstaben.<\/p>\n<p>Russiske myndigheter hadde natt til fredag ikke kommentert opplysningene.<\/p>\n<p>If\u00f8lge den ukrainske generalstaben blir det produsert eksplosiver i dette anlegget, som det ukrainske milit\u00e6ret omtaler som et av de st\u00f8rste av sitt slag i Russland.<\/p>\n<p>Anlegget ligger i regionen Stavropol, \u00f8st for Svartehavet og nord for Kaukasus.<\/p>\n<p>I et annet angrep skal et russisk kampfly av typen MiG-29 v\u00e6re \u00f8delagt i et ukrainsk droneangrep p\u00e5 Krim-halv\u00f8ya, if\u00f8lge ukrainsk etterretning.<\/p>\n<p>Angrepet skjedde natt til torsdag, sto det i en uttalelse fra etterretningstjenesten HUR ett d\u00f8gn senere.<\/p>\n<p>Flyet sto p\u00e5 milit\u00e6rbasen Kacha og ble if\u00f8lge videoopptak som HUR har publisert, truffet av en drone.<\/p>\n<p>If\u00f8lge HUR ble et radaranlegg n\u00e6r Simferopol p\u00e5 Krim-halv\u00f8ya ogs\u00e5 \u00f8delagt i et angrep samme natt.<\/p>\n<p>P\u00e5standene fra den ukrainske etterretningstjenesten er ikke bekreftet fra uavhengig hold.<\/p>\n","protected":false},"excerpt":{"rendered":"Det ene angrepet f\u00f8rte til at det begynte \u00e5 brenne i fabrikkanlegget Nevinnomyssky Azot, if\u00f8lge en uttalelse fra&hellip;\n","protected":false},"author":2,"featured_media":3844,"comment_status":"","ping_status":"","sticky":false,"template":"","format":"standard","meta":{"footnotes":""},"categories":[12],"tags":[20,21,24,25,15,22,23,13,30,28,29,14,16,26,27,42,43,44,45],"class_list":{"0":"post-104610","1":"post","2":"type-post","3":"status-publish","4":"format-standard","5":"has-post-thumbnail","7":"category-verden","8":"tag-breaking-news","9":"tag-breakingnews","10":"tag-featured-news","11":"tag-featurednews","12":"tag-headlines","13":"tag-latest-news","14":"tag-latestnews","15":"tag-news","16":"tag-no","17":"tag-norge","18":"tag-norway","19":"tag-nyheter","20":"tag-overskrifter","21":"tag-top-stories","22":"tag-topstories","23":"tag-verden","24":"tag-world","25":"tag-world-news","26":"tag-worldnews"},"share_on_mastodon":{"url":"https:\/\/pubeurope.com\/@no\/115664769740350370","error":""},"_links":{"self":[{"href":"https:\/\/www.europesays.com\/no\/wp-json\/wp\/v2\/posts\/104610","targetHints":{"allow":["GET"]}}],"collection":[{"href":"https:\/\/www.europesays.com\/no\/wp-json\/wp\/v2\/posts"}],"about":[{"href":"https:\/\/www.europesays.com\/no\/wp-json\/wp\/v2\/types\/post"}],"author":[{"embeddable":true,"href":"https:\/\/www.europesays.com\/no\/wp-json\/wp\/v2\/users\/2"}],"replies":[{"embeddable":true,"href":"https:\/\/www.europesays.com\/no\/wp-json\/wp\/v2\/comments?post=104610"}],"version-history":[{"count":0,"href":"https:\/\/www.europesays.com\/no\/wp-json\/wp\/v2\/posts\/104610\/revisions"}],"wp:featuredmedia":[{"embeddable":true,"href":"https:\/\/www.europesays.com\/no\/wp-json\/wp\/v2\/media\/3844"}],"wp:attachment":[{"href":"https:\/\/www.europesays.com\/no\/wp-json\/wp\/v2\/media?parent=104610"}],"wp:term":[{"taxonomy":"category","embeddable":true,"href":"https:\/\/www.europesays.com\/no\/wp-json\/wp\/v2\/categories?post=104610"},{"taxonomy":"post_tag","embeddable":true,"href":"https:\/\/www.europesays.com\/no\/wp-json\/wp\/v2\/tags?post=104610"}],"curies":[{"name":"wp","href":"https:\/\/api.w.org\/{rel}","templated":true}]}}