{"id":104613,"date":"2025-12-05T03:17:11","date_gmt":"2025-12-05T03:17:11","guid":{"rendered":"https:\/\/www.europesays.com\/no\/104613\/"},"modified":"2025-12-05T03:17:11","modified_gmt":"2025-12-05T03:17:11","slug":"kalles-for-soppel-kjopesenter-forlatt-etter-trump-kommentar","status":"publish","type":"post","link":"https:\/\/www.europesays.com\/no\/104613\/","title":{"rendered":"Kalles for \u00abs\u00f8ppel\u00bb: Kj\u00f8pesenter forlatt etter Trump-kommentar"},"content":{"rendered":"<p>President Donald Trumps krasse utspill om <a href=\"https:\/\/www.tv2.no\/nyheter\/utenriks\/trump-kaller-somaliere-soppel-dehumaniserende\/18346686\/\" target=\"_blank\" rel=\"nofollow noopener\">somaliere som \u00abs\u00f8ppel\u00bb<\/a>\u00a0har skapt dyp frykt blant de somaliske innbyggerne i Minnesota.<\/p>\n<p>Kj\u00f8pesenteret Karmel Mall, som tidligere var et samlingspunkt for mange somaliere i Minneapolis, st\u00e5r n\u00e5 for det meste forlatt.\u00a0<\/p>\n<p>        <img class=\"image__img lazyload\" itemprop=\"image\" title=\"Foto: Tim Evans \/ Reuters \/ NTB\" alt=\"STORT MILJ\u00d8: Minnesota har USAs st\u00f8rste somaliske lokalsamfunn. Mange av dem bor her i Riverside Plaza. Foto: Tim Evans \/ Reuters \/ NTB\" width=\"607\" height=\"407\" bad-src=\"https:\/\/www.europesays.com\/no\/wp-content\/uploads\/2025\/12\/18351020.webp\" fetchpriority=\"auto\" \/><\/p>\n<p>      STORT MILJ\u00d8: Minnesota har USAs st\u00f8rste somaliske lokalsamfunn. Mange av dem bor her i Riverside Plaza.<br \/>\n         Foto: Tim Evans \/ Reuters \/ NTB<\/p>\n<p>For Trump var ikke til \u00e5 misforst\u00e5. Presidenten varsler\u00a0aksjoner fra immigrasjonsmyndighetene ICE, direkte rettet mot somaliske innvandrere i Minneapolis-omr\u00e5det.<\/p>\n<p>Presidenten ga denne uken ordre om \u00e5 umiddelbart avslutte midlertidige oppholdstillatelser, noe som rammer hundrevis av mennesker i Minnesota.<\/p>\n<p>Presidenten anklaget ogs\u00e5 milj\u00f8et for svindel og hevdet at de ikke bidrar med noe til landet.<\/p>\n<p>\u2013 Som en krigssone<\/p>\n<p> \u2013 ICE er her. De g\u00e5r fra d\u00f8r til d\u00f8r og stopper folk p\u00e5 gata, sier Jamal Osman til Reuters. <\/p>\n<p>        <img class=\"image__img lazyload\" itemprop=\"image\" title=\"Foto: Tim Evans \/ Reuters \/ NTB\" alt=\"FORTELLER OM FRYKT: Byr\u00e5dsmedlem Jamal Osman snakker med somaliere i byen. Foto: Tim Evans \/ Reuters \/ NTB\" width=\"978\" height=\"551\" bad-src=\"https:\/\/www.europesays.com\/no\/wp-content\/uploads\/2025\/12\/18351023.webp\" fetchpriority=\"auto\" \/><\/p>\n<p>      FORTELLER OM FRYKT: Byr\u00e5dsmedlem Jamal Osman snakker med somaliere i byen.<br \/>\n         Foto: Tim Evans \/ Reuters \/ NTB<\/p>\n<p>Osman er byr\u00e5dsmedlem i Minneapolis og representerer det lokale somaliske milj\u00f8et. Han forteller om en spent situasjon. Mange er redde.<\/p>\n<p>\nAksjonen skal angivelig v\u00e6re rettet mot storbyomr\u00e5det Minneapolis-Saint Paul, og omfatter innvandrere som har f\u00e5tt endelig ordre om deportasjon fra USA, men det er ikke Osmans erfaring.\u00a0<\/p>\n<p>\u2013 De jakter ikke bare p\u00e5 dem uten papirer. De jakter p\u00e5 hver eneste somaliske person, fortsetter han.<\/p>\n<p>\u2013 Det f\u00f8les som en krigssone. Folk t\u00f8r ikke g\u00e5 ut av husene sine, sier han.\u00a0<\/p>\n<p>        <img class=\"image__img lazyload\" itemprop=\"image\" title=\"Foto: Tim Evans \/ Reuters \/ NTB\" alt=\"FRYKT: Frykten griper Minneapolis' somaliske samfunn. Mange gjemmer seg innend\u00f8rs. Foto: Tim Evans \/ Reuters \/ NTB\" width=\"675\" height=\"385\" bad-src=\"https:\/\/www.europesays.com\/no\/wp-content\/uploads\/2025\/12\/18351029.webp\" fetchpriority=\"auto\" \/><\/p>\n<p>      FRYKT: Frykten griper Minneapolis&#8217; somaliske samfunn. Mange gjemmer seg innend\u00f8rs.<br \/>\n         Foto: Tim Evans \/ Reuters \/ NTB<\/p>\n<p>Frykten lammer butikkene<\/p>\n<p>Butikkeierne p\u00e5 Karmel Mall merker konsekvensene p\u00e5 kroppen. De sier at situasjonen allerede er alvorlig.<\/p>\n<p>Bahja Ali eier Bilan Cafe i \u00f8verste etasje.<\/p>\n<p>\u2013 Ingen er her. Det er \u00f8de, sier Ali.<\/p>\n<p>        <img class=\"image__img lazyload\" itemprop=\"image\" title=\"Foto: Tim Evans \/ Reuters \/ NTB\" alt=\"TVILLINGBYENE: Byene Minneapolis og St. Paul kalles ofte for \u00abtwin cities\u00bb. Foto: Tim Evans \/ Reuters \/ NTB\" width=\"978\" height=\"551\" bad-src=\"https:\/\/www.europesays.com\/no\/wp-content\/uploads\/2025\/12\/18351027.webp\" fetchpriority=\"auto\" \/><\/p>\n<p>      TVILLINGBYENE: Byene Minneapolis og St. Paul kalles ofte for \u00abtwin cities\u00bb.<br \/>\n         Foto: Tim Evans \/ Reuters \/ NTB<\/p>\n<p>\u2013 Jeg vet ikke hva som kommer til \u00e5 skje. Fremtiden ser ikke lys ut.<\/p>\n<p>Mohamad Amin Sharif driver Amin\u2019s Restaurant. Han forteller ogs\u00e5 om tomme lokaler.<\/p>\n<p>\u2013 Folk gjemmer seg i husene sine. Butikker holder stengt, og det er ingen folk \u00e5 se, sier Sharif.<\/p>\n<p>Lover kamp<\/p>\n<p>Han mener Trumps oppf\u00f8rsel er uansvarlig.<\/p>\n<p>\u2013 Det er ikke slik man skal styre et land. Det er ikke slik man er leder for den frie verden, sier Sharif.<\/p>\n<p>        <img class=\"image__img lazyload\" itemprop=\"image\" title=\"Foto: Tim Evans \/ Reuters \/ NTB\" alt=\"PROTESTERER: Jacob Frey motsetter seg presidentens krav. Foto: Tim Evans \/ Reuters \/ NTB\" width=\"978\" height=\"551\" bad-src=\"https:\/\/www.europesays.com\/no\/wp-content\/uploads\/2025\/12\/18351031.webp\" fetchpriority=\"auto\" \/><\/p>\n<p>      PROTESTERER: Jacob Frey motsetter seg presidentens krav.<br \/>\n         Foto: Tim Evans \/ Reuters \/ NTB<\/p>\n<p>Osman lover \u00e5 kjempe imot presidentens retorikk.<\/p>\n<p>\u2013 Jeg vil si til presidenten at han m\u00e5 slutte med \u00e5 splitte amerikanere. Slutt \u00e5 sette oss mot dem, og dem mot oss, sier Osman.<\/p>\n<p> Ordf\u00f8rer i Minnesota, Jacob Frey, har uttalt at byens politifolk, derav flere\u00a0somaliere,\u00a0ikke\u00a0kommer til \u00e5 samarbeide med f\u00f8derale myndigheter. <\/p>\n","protected":false},"excerpt":{"rendered":"President Donald Trumps krasse utspill om somaliere som \u00abs\u00f8ppel\u00bb\u00a0har skapt dyp frykt blant de somaliske innbyggerne i Minnesota.&hellip;\n","protected":false},"author":2,"featured_media":104614,"comment_status":"","ping_status":"","sticky":false,"template":"","format":"standard","meta":{"footnotes":""},"categories":[12],"tags":[20,21,24,25,15,22,23,13,30,28,29,14,16,26,27,42,43,44,45],"class_list":{"0":"post-104613","1":"post","2":"type-post","3":"status-publish","4":"format-standard","5":"has-post-thumbnail","7":"category-verden","8":"tag-breaking-news","9":"tag-breakingnews","10":"tag-featured-news","11":"tag-featurednews","12":"tag-headlines","13":"tag-latest-news","14":"tag-latestnews","15":"tag-news","16":"tag-no","17":"tag-norge","18":"tag-norway","19":"tag-nyheter","20":"tag-overskrifter","21":"tag-top-stories","22":"tag-topstories","23":"tag-verden","24":"tag-world","25":"tag-world-news","26":"tag-worldnews"},"share_on_mastodon":{"url":"https:\/\/pubeurope.com\/@no\/115664797217474583","error":""},"_links":{"self":[{"href":"https:\/\/www.europesays.com\/no\/wp-json\/wp\/v2\/posts\/104613","targetHints":{"allow":["GET"]}}],"collection":[{"href":"https:\/\/www.europesays.com\/no\/wp-json\/wp\/v2\/posts"}],"about":[{"href":"https:\/\/www.europesays.com\/no\/wp-json\/wp\/v2\/types\/post"}],"author":[{"embeddable":true,"href":"https:\/\/www.europesays.com\/no\/wp-json\/wp\/v2\/users\/2"}],"replies":[{"embeddable":true,"href":"https:\/\/www.europesays.com\/no\/wp-json\/wp\/v2\/comments?post=104613"}],"version-history":[{"count":0,"href":"https:\/\/www.europesays.com\/no\/wp-json\/wp\/v2\/posts\/104613\/revisions"}],"wp:featuredmedia":[{"embeddable":true,"href":"https:\/\/www.europesays.com\/no\/wp-json\/wp\/v2\/media\/104614"}],"wp:attachment":[{"href":"https:\/\/www.europesays.com\/no\/wp-json\/wp\/v2\/media?parent=104613"}],"wp:term":[{"taxonomy":"category","embeddable":true,"href":"https:\/\/www.europesays.com\/no\/wp-json\/wp\/v2\/categories?post=104613"},{"taxonomy":"post_tag","embeddable":true,"href":"https:\/\/www.europesays.com\/no\/wp-json\/wp\/v2\/tags?post=104613"}],"curies":[{"name":"wp","href":"https:\/\/api.w.org\/{rel}","templated":true}]}}