{"id":104625,"date":"2025-12-05T05:25:12","date_gmt":"2025-12-05T05:25:12","guid":{"rendered":"https:\/\/www.europesays.com\/no\/104625\/"},"modified":"2025-12-05T05:25:12","modified_gmt":"2025-12-05T05:25:12","slug":"hoyre-vil-forberede-det-norske-folk-pa-krig","status":"publish","type":"post","link":"https:\/\/www.europesays.com\/no\/104625\/","title":{"rendered":"H\u00f8yre vil forberede det norske folk p\u00e5 krig"},"content":{"rendered":"\n<ul class=\"_list_o9xde_3 _list_64s2r_85 _unordered_o9xde_106 text-sans-m\">\n<li class=\"_item_o9xde_30\">H\u00f8yres Peter Fr\u00f8lich vil forberede Norge p\u00e5 krig gjennom styrking av folkeforsvaret.<\/li>\n<li class=\"_item_o9xde_30\">Fr\u00f8lich mener soldatenes grunnleggende behov for utstyr og trening m\u00e5 prioriteres.<\/li>\n<li class=\"_item_o9xde_30\">Partiet foresl\u00e5r beredskapskurs for elever i videreg\u00e5ende skoler med inspirasjon fra Finnmark og Ukraina.<\/li>\n<\/ul>\n<p>Vis mer <\/p>\n<p class=\"_paragraph_o9xde_4 _paragraph_xtcu6_10 layout-component text-serif-m layout-normal text-serif-m layout-padded\">H\u00f8yre forsvarspolitiske talsperson, <a href=\"https:\/\/www.vg.no\/tag\/peter-christian-froelich?utm_source=vg-article&amp;utm_medium=auto-tagger&amp;utm_campaign=M7wG3M\" class=\"_link_o9xde_39\" rel=\"nofollow noopener\" target=\"_blank\">Peter Fr\u00f8lich<\/a>, er initiativtager til organisasjonen \u00abFritt Ukraina\u00bb, som kj\u00f8rer bilkolonne p\u00e5 bilkolonne til Ukraina, med droner og masse annet utstyr som brukes i Ukrainas forsvarskamp.<\/p>\n<p class=\"_paragraph_o9xde_4 _paragraph_xtcu6_10 layout-component text-serif-m layout-normal text-serif-m layout-padded\">Han ber oss l\u00e6re av Ukraina.<\/p>\n<p class=\"_paragraph_o9xde_4 _paragraph_xtcu6_10 layout-component text-serif-m layout-normal text-serif-m layout-padded\">\u2013 Vi har ikke r\u00e5d til \u00e5 v\u00e6re naive. Fiendtlige land ruster opp. Vi m\u00e5 v\u00e6re forberedt:<\/p>\n<p class=\"_paragraph_o9xde_4 _paragraph_xtcu6_10 layout-component text-serif-m layout-normal text-serif-m layout-padded\">\u2013 Vi vil stake ut en ny forsvarskurs for Norge.<\/p>\n<p class=\"_paragraph_o9xde_4 _paragraph_xtcu6_10 layout-component text-serif-m layout-normal text-serif-m layout-padded\">Han sier at \u00abvi m\u00e5 tilbake til det grunnleggende\u00bb.<\/p>\n<p class=\"_paragraph_o9xde_4 _paragraph_xtcu6_10 layout-component text-serif-m layout-normal text-serif-m layout-padded\">\u2013 Det handler om soldaten, rett og slett, sier han:<\/p>\n<p class=\"_paragraph_o9xde_4 _paragraph_xtcu6_10 layout-component text-serif-m layout-normal text-serif-m layout-padded\">\u2013 Vi har i mange \u00e5r snakket om h\u00f8ytflygende ting for folk flest, som langtidsplaner, kapasitet og opptrappingsplaner. Oppi alt dette \u2013 og oppi alle milliardene \u2013 s\u00e5 har det grunnleggende druknet:<\/p>\n<p class=\"_paragraph_o9xde_4 _paragraph_xtcu6_10 layout-component text-serif-m layout-normal text-serif-m layout-padded\">\u2013 Det er den enkelte soldat som skal st\u00e5 opp om morgenen, kysse farvel til sin ektefelle, til sine barn, og g\u00e5 ut d\u00f8ren for \u00e5 forsvare Norge.<\/p>\n<p><img alt=\"Foto: Irene Avetisian\" class=\"_image_qp4xg_65 layout-component layout-normal\" data-fullscreen- data-track-element-type=\"Article image fullscreen\" data-track-name=\"ImageFullscreen\" decoding=\"async\" loading=\"lazy\" height=\"1600\" itemprop=\"image\"  src=\"https:\/\/www.europesays.com\/no\/wp-content\/uploads\/2025\/12\/8133da8b-553e-4013-8883-2839035cc76a\"  style=\"object-position:0% 0%\" width=\"1200\"\/>Foto: Irene Avetisian<\/p>\n<p class=\"_paragraph_o9xde_4 _paragraph_xtcu6_10 layout-component text-serif-m layout-normal text-serif-m layout-padded\">Han fortsetter:<\/p>\n<p class=\"_paragraph_o9xde_4 _paragraph_xtcu6_10 layout-component text-serif-m layout-normal text-serif-m layout-padded\">\u2013 Vedkommende m\u00e5 ha det grunnleggende for \u00e5 lykkes og for \u00e5 komme levende tilbake til familien sin. Det er trening \u2013 og det er utstyr. Det er de to hellige forpliktelsene vi som politikere har. Svikter vi der, svikter vi p\u00e5 det mest fundamentale:<\/p>\n<p class=\"_paragraph_o9xde_4 _paragraph_xtcu6_10 layout-component text-serif-m layout-normal text-serif-m layout-padded\">\u2013 Vi m\u00e5 kunne gi en garanti til dem som skal forsvare landet, at de har utstyr for \u00e5 g\u00e5 rett i kamp og at de har oppdatert trening, som gj\u00f8r at de kan overleve i kamp.<\/p>\n<p>\u2013 Telt lekker som en sil<\/p>\n<p class=\"_paragraph_o9xde_4 _paragraph_xtcu6_10 layout-component text-serif-m layout-normal text-serif-m layout-padded\">Fr\u00f8lich sier at de har f\u00e5tt mange tilbakemeldinger om at s\u00e5 ikke er tilfelle.<\/p>\n<p class=\"_paragraph_o9xde_4 _paragraph_xtcu6_10 layout-component text-serif-m layout-normal text-serif-m layout-padded\">\u2013 Trenings- og aktivitetsniv\u00e5et i Forsvaret er for lavt, og det g\u00e5r ut over b\u00e5de beredskapen og motivasjonen til soldatene.<\/p>\n<p class=\"_paragraph_o9xde_4 _paragraph_xtcu6_10 layout-component text-serif-m layout-normal text-serif-m layout-padded\">Fr\u00f8lich sier det ogs\u00e5 mangler grunnleggende utstyr.<\/p>\n<p class=\"_paragraph_o9xde_4 _paragraph_xtcu6_10 layout-component text-serif-m layout-normal text-serif-m layout-padded\">\u2013 Telt lekker som en sil og ting som skuddsikre vester mangler. Det er avgj\u00f8rende for at de kan overleve i en krig. Vi har ikke en soldat \u00e5 miste, fordi vi er s\u00e5 f\u00e5 her i landet. Vi vil aldri v\u00e6re tallmessig overlegne i en krig.<\/p>\n<p class=\"_paragraph_o9xde_4 _paragraph_xtcu6_10 layout-component text-serif-m layout-normal text-serif-m layout-padded\">\u2013 Du snakker om et angrep p\u00e5 Norge i p\u00e5vente av at vi f\u00e5r hjelp fra andre land?<\/p>\n<p class=\"_paragraph_o9xde_4 _paragraph_xtcu6_10 layout-component text-serif-m layout-normal text-serif-m layout-padded\">\u2013 Ja, det er en f\u00f8rstefase i en krig, hvor det er v\u00e5re soldater som skal forsvare landet. <\/p>\n<p><img alt=\"Her avbildet p\u00e5 en av sine mange turer til Ukraina. \u2013 Vi har n\u00e5 gjennomf\u00f8rt rundt 100 kolonner til Ukraina med utstyr for en halv milliard kroner, sier Fr\u00f8lich.  Foto: Privat \/ Peter Fr\u00f8lich\" class=\"_image_qp4xg_65 layout-component layout-normal\" data-fullscreen- data-track-element-type=\"Article image fullscreen\" data-track-name=\"ImageFullscreen\" decoding=\"async\" loading=\"lazy\" height=\"5464\" itemprop=\"image\"  src=\"https:\/\/www.europesays.com\/no\/wp-content\/uploads\/2025\/12\/59b61ff6-20a0-4b3c-aa45-676d1e79ea1f\"  style=\"object-position:0% 0%\" width=\"8192\"\/>Her avbildet p\u00e5 en av sine mange turer til Ukraina. \u2013 Vi har n\u00e5 gjennomf\u00f8rt rundt 100 kolonner til Ukraina med utstyr for en halv milliard kroner, sier Fr\u00f8lich.  Foto: Privat \/ Peter Fr\u00f8lich<\/p>\n<p class=\"_paragraph_o9xde_4 _paragraph_xtcu6_10 layout-component text-serif-m layout-normal text-serif-m layout-padded\">\u2013 Det vil koste?<\/p>\n<p class=\"_paragraph_o9xde_4 _paragraph_xtcu6_10 layout-component text-serif-m layout-normal text-serif-m layout-padded\">\u2013 Ja, men det er n\u00f8dvendig:<\/p>\n<p class=\"_paragraph_o9xde_4 _paragraph_xtcu6_10 layout-component text-serif-m layout-normal text-serif-m layout-padded\">\u2013 Vi setter i v\u00e5rt forslag av en milliard kroner ekstra til trening og vel 100 millioner for \u00e5 l\u00f8se det mest grunnleggende n\u00e5r det gjelder utstyr.<\/p>\n<p class=\"_paragraph_o9xde_4 _paragraph_xtcu6_10 layout-component text-serif-m layout-normal text-serif-m layout-padded\">Fr\u00f8lich sier at utstyrsmangelen s\u00e6rlig gjelder Heimevernet, men ogs\u00e5 i H\u00e6ren.<\/p>\n<p class=\"_paragraph_o9xde_4 _paragraph_xtcu6_10 layout-component text-serif-m layout-normal text-serif-m layout-padded\">\u2013 Jeg er spesielt opptatt av Heimevernet. Om krigen kommer er det bredden i totalforsvaret v\u00e5rt som avgj\u00f8r om vi overlever som nasjon. Det har vi sett i Ukraina. De har imponerende spesialstyrker og piloter, men de som beskytter 2000 kilometer med frontlinje i Ukraina, er helt vanlige folk i heimevernsavdelinger.<\/p>\n<p>Litt mer her:<\/p>\n<p class=\"_paragraph_o9xde_4 _paragraph_xtcu6_10 _paragraph_16v91_10 layout-component text-serif-m layout-normal text-sans-m layout-padded\">\u2013 Sivilsamfunnet og frivillige organisasjoner i Norge bidrar ogs\u00e5 enormt. Det kommer vi ogs\u00e5 til \u00e5 v\u00e6re avhengige av, sier han.<\/p>\n<p>Vis mer<\/p>\n<p class=\"_paragraph_o9xde_4 _paragraph_xtcu6_10 layout-component text-serif-m layout-normal text-serif-m layout-padded\">\u2013 Du vil ha med ungdommen?<\/p>\n<p class=\"_paragraph_o9xde_4 _paragraph_xtcu6_10 layout-component text-serif-m layout-normal text-serif-m layout-padded\">\u2013 Det viktigste v\u00e5penet vi tar med inn i en konflikt, om krigen skulle komme, er hva hver og en av oss har i hjertet:<\/p>\n<p class=\"_paragraph_o9xde_4 _paragraph_xtcu6_10 layout-component text-serif-m layout-normal text-serif-m layout-padded\">\u2013 Om vi forst\u00e5r hva det inneb\u00e6rer \u00e5 forsvare Norge. Vi trenger en mental beredskap i hele landet, som m\u00e5 starte med ungdommen.<\/p>\n<p><img alt=\"Foto: LOs ledere er blant dem som har v\u00e6rt med og kj\u00f8rt utstyr ned til Ukraina. Og endte i tilfluktsrom en natt da byen de bodde i, ble angrepet av raketter.\" class=\"_image_qp4xg_65 layout-component layout-normal\" data-fullscreen- data-track-element-type=\"Article image fullscreen\" data-track-name=\"ImageFullscreen\" decoding=\"async\" loading=\"lazy\" height=\"1200\" itemprop=\"image\"  src=\"https:\/\/www.europesays.com\/no\/wp-content\/uploads\/2025\/12\/8e357a6b-f174-49dd-88b0-6284b1ddaac4\"  style=\"object-position:0% 0%\" width=\"1600\"\/>Foto: LOs ledere er blant dem som har v\u00e6rt med og kj\u00f8rt utstyr ned til Ukraina. Og endte i tilfluktsrom en natt da byen de bodde i, ble angrepet av raketter.<\/p>\n<p class=\"_paragraph_o9xde_4 _paragraph_xtcu6_10 layout-component text-serif-m layout-normal text-serif-m layout-padded\">\u2013 Dere luftet ideen om <a href=\"https:\/\/www.vg.no\/nyheter\/i\/pP504w\/hoeyre-vil-sende-alle-unge-paa-militaer-kurs\" data-track-element-type=\"Link\" data-track-id=\"link:pP504w\" class=\"_link_o9xde_39\" rel=\"nofollow noopener\" target=\"_blank\">kurs for ungdom <\/a>p\u00e5 landsm\u00f8tet i mars?<\/p>\n<p class=\"_paragraph_o9xde_4 _paragraph_xtcu6_10 layout-component text-serif-m layout-normal text-serif-m layout-padded\">\u2013 Ja, det er det vi n\u00e5 f\u00f8lger opp. Vi har kommet til at det beste vil v\u00e6re \u00e5 innf\u00f8re et beredskapskurs for elever ved alle landets videreg\u00e5ende skoler.<\/p>\n<p class=\"_paragraph_o9xde_4 _paragraph_xtcu6_10 layout-component text-serif-m layout-normal text-serif-m layout-padded\">Han sier det er etter en modell fra Finnmark og erfaringer fra Ukraina.<\/p>\n<p class=\"_paragraph_o9xde_4 _paragraph_xtcu6_10 layout-component text-serif-m layout-normal text-serif-m layout-padded\">\u2013 Finnmark har g\u00e5tt foran, hvor beredskapskurs forklarer ungdommen hva som skjer hvis det blir krig i deres region.<\/p>\n<p class=\"_paragraph_o9xde_4 _paragraph_xtcu6_10 layout-component text-serif-m layout-normal text-serif-m layout-padded\">\u2013 Hva skal ungdommen l\u00e6re?<\/p>\n<p class=\"_paragraph_o9xde_4 _paragraph_xtcu6_10 layout-component text-serif-m layout-normal text-serif-m layout-padded\">\u2013 Hvordan forholder man seg til utbrudd av en krigssituasjon; hva man skal gj\u00f8re for \u00e5 bidra til \u00e5 yte motstand og hjelpe de rundt deg til \u00e5 overleve \u2013 som f\u00f8rstehjelp og brannvern.<\/p>\n<p><img alt=\"Fr\u00f8lich er aktuell som nestleder i H\u00f8yre. Her sammen med avtroppende H\u00f8yre-leder Erna Solberg under valgkampen i sommer.  Foto: Helge Mikalsen \/ VG\" class=\"_image_qp4xg_65 layout-component layout-normal\" data-fullscreen- data-track-element-type=\"Article image fullscreen\" data-track-name=\"ImageFullscreen\" decoding=\"async\" loading=\"lazy\" height=\"5425\" itemprop=\"image\"  src=\"https:\/\/www.europesays.com\/no\/wp-content\/uploads\/2025\/12\/75baae41-8be9-4fab-831f-f4bf3ec3e04f\"  style=\"object-position:0% 0%\" width=\"7602\"\/>Fr\u00f8lich er aktuell som nestleder i H\u00f8yre. Her sammen med avtroppende H\u00f8yre-leder Erna Solberg under valgkampen i sommer.  Foto: Helge Mikalsen \/ VG<\/p>\n<p class=\"_paragraph_o9xde_4 _paragraph_xtcu6_10 layout-component text-serif-m layout-normal text-serif-m layout-padded\">Han legger til:<\/p>\n<p class=\"_paragraph_o9xde_4 _paragraph_xtcu6_10 layout-component text-serif-m layout-normal text-serif-m layout-padded\">\u2013 Vi m\u00e5 hjelpe de unge til \u00e5 forst\u00e5 at dette kan v\u00e6re reelle scenarioer vi st\u00e5r overfor. Om man lurer p\u00e5 nytten, s\u00e5 kan man snakke med ukrainerne, som begynte med dette i opptakten til den russiske fullskala-invasjonen i 2022. Andre \u00f8steuropeiske land har startet opp tilsvarende beredskapskurs.<\/p>\n<p><img alt=\"VG-bes\u00f8k ved frontlinjen i 2023.  Foto: Kyrre Lien \/ VG\" class=\"_image_qp4xg_65 layout-component layout-normal\" data-fullscreen- data-track-element-type=\"Article image fullscreen\" data-track-name=\"ImageFullscreen\" decoding=\"async\" loading=\"lazy\" height=\"4936\" itemprop=\"image\"  src=\"https:\/\/www.europesays.com\/no\/wp-content\/uploads\/2025\/12\/418aff8b-2948-481c-b153-782a5f522ca0\"  style=\"object-position:0% 0%\" width=\"7400\"\/>VG-bes\u00f8k ved frontlinjen i 2023.  Foto: Kyrre Lien \/ VG<\/p>\n<p class=\"_paragraph_o9xde_4 _paragraph_xtcu6_10 layout-component text-serif-m layout-normal text-serif-m layout-padded\">\u2013 Det vil kunne bidra til \u00e5 spre en krigsfrykt i Norge, som kanskje er un\u00f8dvendig?<\/p>\n<p class=\"_paragraph_o9xde_4 _paragraph_xtcu6_10 layout-component text-serif-m layout-normal text-serif-m layout-padded\">\u2013 Ikke hvis det gj\u00f8res p\u00e5 en riktig m\u00e5te. Det handler ikke om alarmismealarmismeOverdreven bekymring eller frykt for at noe farlig eller skadelig skal skje., men at det er alvor og at vi m\u00e5 v\u00e6re forberedt p\u00e5 at vi kan havne i en v\u00e6pnet konflikt:<\/p>\n<p><img alt=\"Her var det ikke s\u00e5 harde skyts, bare en vennlig sn\u00f8ballkrig med Solberg i valgkampen.  Foto: Helene Mariussen \/ VG\" class=\"_image_qp4xg_65 layout-component layout-normal\" data-fullscreen- data-track-element-type=\"Article image fullscreen\" data-track-name=\"ImageFullscreen\" decoding=\"async\" loading=\"lazy\" height=\"3834\" itemprop=\"image\"  src=\"https:\/\/www.europesays.com\/no\/wp-content\/uploads\/2025\/12\/33257c03-0ac3-471b-9ba8-09609d8b8768\"  style=\"object-position:0% 0%\" width=\"5751\"\/>Her var det ikke s\u00e5 harde skyts, bare en vennlig sn\u00f8ballkrig med Solberg i valgkampen.  Foto: Helene Mariussen \/ VG<\/p>\n<p class=\"_paragraph_o9xde_4 _paragraph_xtcu6_10 layout-component text-serif-m layout-normal text-serif-m layout-padded\">\u2013 Det dyreste og dummeste vi kan gj\u00f8re, er \u00e5 v\u00e6re tilbakelente og naive. Historien har l\u00e6rt oss at det kan ha en h\u00f8y pris. <\/p>\n<p class=\"_paragraph_o9xde_4 _paragraph_xtcu6_10 layout-component text-serif-m layout-normal text-serif-m layout-padded\">Han sier at Norge \u00abkan mobilisere enormt\u00bb.<\/p>\n<p class=\"_paragraph_o9xde_4 _paragraph_xtcu6_10 layout-component text-serif-m layout-normal text-serif-m layout-padded\">\u2013 Tenk p\u00e5 kraften som ligger i befolkningen v\u00e5r. Alt fra n\u00e6ringsliv, frivillige organisasjoner til over 500.000 registrerte jegere. Om vi er mentalt forberedte, med grunnleggende utstyr og planer klare, kan vi bite knallhardt fra oss.<\/p>\n","protected":false},"excerpt":{"rendered":"H\u00f8yres Peter Fr\u00f8lich vil forberede Norge p\u00e5 krig gjennom styrking av folkeforsvaret. Fr\u00f8lich mener soldatenes grunnleggende behov for&hellip;\n","protected":false},"author":2,"featured_media":104626,"comment_status":"","ping_status":"","sticky":false,"template":"","format":"standard","meta":{"footnotes":""},"categories":[10],"tags":[20,21,24,25,15,10682,13132,22,23,13,30,28,29,14,16,7858,26,27,489],"class_list":{"0":"post-104625","1":"post","2":"type-post","3":"status-publish","4":"format-standard","5":"has-post-thumbnail","7":"category-norge","8":"tag-breaking-news","9":"tag-breakingnews","10":"tag-featured-news","11":"tag-featurednews","12":"tag-headlines","13":"tag-heimevernet","14":"tag-krigsfrykt","15":"tag-latest-news","16":"tag-latestnews","17":"tag-news","18":"tag-no","19":"tag-norge","20":"tag-norway","21":"tag-nyheter","22":"tag-overskrifter","23":"tag-peter-frolich","24":"tag-top-stories","25":"tag-topstories","26":"tag-ukraina"},"share_on_mastodon":{"url":"https:\/\/pubeurope.com\/@no\/115665300709884653","error":""},"_links":{"self":[{"href":"https:\/\/www.europesays.com\/no\/wp-json\/wp\/v2\/posts\/104625","targetHints":{"allow":["GET"]}}],"collection":[{"href":"https:\/\/www.europesays.com\/no\/wp-json\/wp\/v2\/posts"}],"about":[{"href":"https:\/\/www.europesays.com\/no\/wp-json\/wp\/v2\/types\/post"}],"author":[{"embeddable":true,"href":"https:\/\/www.europesays.com\/no\/wp-json\/wp\/v2\/users\/2"}],"replies":[{"embeddable":true,"href":"https:\/\/www.europesays.com\/no\/wp-json\/wp\/v2\/comments?post=104625"}],"version-history":[{"count":0,"href":"https:\/\/www.europesays.com\/no\/wp-json\/wp\/v2\/posts\/104625\/revisions"}],"wp:featuredmedia":[{"embeddable":true,"href":"https:\/\/www.europesays.com\/no\/wp-json\/wp\/v2\/media\/104626"}],"wp:attachment":[{"href":"https:\/\/www.europesays.com\/no\/wp-json\/wp\/v2\/media?parent=104625"}],"wp:term":[{"taxonomy":"category","embeddable":true,"href":"https:\/\/www.europesays.com\/no\/wp-json\/wp\/v2\/categories?post=104625"},{"taxonomy":"post_tag","embeddable":true,"href":"https:\/\/www.europesays.com\/no\/wp-json\/wp\/v2\/tags?post=104625"}],"curies":[{"name":"wp","href":"https:\/\/api.w.org\/{rel}","templated":true}]}}