{"id":104636,"date":"2025-12-05T05:39:09","date_gmt":"2025-12-05T05:39:09","guid":{"rendered":"https:\/\/www.europesays.com\/no\/104636\/"},"modified":"2025-12-05T05:39:09","modified_gmt":"2025-12-05T05:39:09","slug":"sophie-elise-har-mistet-seksualiteten","status":"publish","type":"post","link":"https:\/\/www.europesays.com\/no\/104636\/","title":{"rendered":"Sophie Elise: \u2013 Har mistet seksualiteten"},"content":{"rendered":"\n<p class=\"_lead_o9xde_2 _lead_xtcu6_50 layout-component text-serif-m layout-normal text-serif-l layout-component layout-wide layout-padded _wide_17hqh_1 layout-padded\">Sophie Elise Isachsen (30) jobber med \u00e5 fri seg fra det store behovet for at menn skal ha lyst p\u00e5 henne.<\/p>\n<p><img alt=\"INFLUENCER-VETERAN: Sophie Elise Isachsen p\u00e5 en premiere i Oslo i september. Foto: TV 2 \/ NTB\" class=\"_image_qp4xg_65 layout-component layout-wide\" data-fullscreen- data-track-element-type=\"Article image fullscreen\" data-track-name=\"ImageFullscreen\" fetchpriority=\"high\" decoding=\"sync\" loading=\"eager\" height=\"1437\" itemprop=\"image\"  src=\"https:\/\/www.europesays.com\/no\/wp-content\/uploads\/2025\/12\/edc2d1b9-6fdf-4cc4-92b9-60b5ac22490a\"  style=\"object-position:0% 0%\" width=\"1968\"\/>INFLUENCER-VETERAN: Sophie Elise Isachsen p\u00e5 en premiere i Oslo i september. Foto: TV 2 \/ NTB<\/p>\n<ul aria-hidden=\"true\" class=\"_images_1uft6_111\">\n<li><a class=\"_link_1uft6_116\" href=\"https:\/\/www.vg.no\/forfatter\/catherine-gonsholt-ighanian\" style=\"z-index:1\" title=\"Catherine Gonsholt Ighanian\" rel=\"nofollow noopener\" target=\"_blank\"><img alt=\"Bilde av Catherine Gonsholt Ighanian\" class=\"_image_1uft6_93\" fetchpriority=\"low\" loading=\"lazy\" decoding=\"async\" itemprop=\"image\"  src=\"https:\/\/www.europesays.com\/no\/wp-content\/uploads\/2025\/12\/1764913149_450_72dca32d-ee6f-474c-a50e-72a9bb49f38a\"  width=\"480\"\/><\/a><\/li>\n<\/ul>\n<p> Oppdatert fredag 5. desember kl. 05:09    <\/p>\n<ul class=\"_list_o9xde_3 _list_64s2r_85 _unordered_o9xde_106 text-sans-m\">\n<li class=\"_item_o9xde_30\">Sophie Elise deler sine utfordringer med \u00e5 l\u00f8srive seg fra behovet for mannlig oppmerksomhet i podkasten \u00abSophie leser\u00bb p\u00e5 Podme.<\/li>\n<li class=\"_item_o9xde_30\">Hun ble singel i sommer etter bruddet med Vegard J\u00f8rstad.<\/li>\n<li class=\"_item_o9xde_30\">Sophie forteller at hun ikke har tenkt p\u00e5 sex p\u00e5 en m\u00e5ned, og ikke f\u00f8ler behov for \u00e5 date.<\/li>\n<\/ul>\n<p>Vis mer <\/p>\n<p class=\"_paragraph_o9xde_4 _paragraph_xtcu6_10 layout-component text-serif-m layout-normal text-serif-m layout-padded\">Det betror hun i sin nye podkast <a href=\"https:\/\/podme.com\/no\/podkast\/sophie-leser\/\" class=\"_link_o9xde_39\" rel=\"nofollow noopener\" target=\"_blank\">\u00abSophie leser\u00bb p\u00e5 Podme<\/a>, der hun m\u00f8ter kjente forfattere.<\/p>\n<p class=\"_paragraph_o9xde_4 _paragraph_xtcu6_10 layout-component text-serif-m layout-normal text-serif-m layout-padded\">I en n\u00e6r og tett samtale med <a href=\"https:\/\/www.vg.no\/rampelys\/i\/bm3Lxv\/nina-lykke-jeg-liker-aa-bruke-penger\" data-track-element-type=\"Link\" data-track-id=\"link:bm3Lxv\" class=\"_link_o9xde_39\" rel=\"nofollow noopener\" target=\"_blank\">Nina Lykke (60)<\/a> opplyser Sophie at hun befinner seg i en l\u00f8srivelsesprosess. <\/p>\n<p class=\"_paragraph_o9xde_4 _paragraph_xtcu6_10 layout-component text-serif-m layout-normal text-serif-m layout-padded\">Sophie ble singel i sommer, da hun og Vegard J\u00f8rstad (32) <a href=\"https:\/\/www.vg.no\/rampelys\/i\/alVEyO\/sophie-elise-isachsen-om-bruddet-med-vegard-joerstad\" data-track-element-type=\"Link\" data-track-id=\"link:alVEyO\" class=\"_link_o9xde_39\" rel=\"nofollow noopener\" target=\"_blank\">gjorde det slutt<\/a>. <\/p>\n<p class=\"_paragraph_o9xde_4 _paragraph_xtcu6_10 layout-component text-serif-m layout-normal text-serif-m layout-padded\">De to har s\u00f8nnen Helmer p\u00e5 halvannet \u00e5r sammen, og Sophie har etter bruddet forsikret om at hun og Vegard er gode venner og samarbeider godt.<\/p>\n<p class=\"_paragraph_o9xde_4 _paragraph_xtcu6_10 layout-component text-serif-m layout-normal text-serif-m layout-padded\">Noen ny mann haster det ikke \u00e5 finne, skal vi tolke Sophies uttalelser i podkasten.<\/p>\n<p class=\"_paragraph_o9xde_4 _paragraph_xtcu6_10 layout-component text-serif-m layout-normal text-serif-m layout-padded\">\u2013 Min identitet har alltid v\u00e6rt s\u00e5 knyttet opp til at menn skal ha lyst til \u00e5 ligge med meg, og hvordan de snur seg etter meg p\u00e5 restaurant, innr\u00f8mmer hun overfor Lykke.<\/p>\n<p><img alt=\"SAMTALER: Sophie Elise og Nina Lykke.  Foto: Podme\" class=\"_image_qp4xg_65 layout-component layout-normal\" data-fullscreen- data-track-element-type=\"Article image fullscreen\" data-track-name=\"ImageFullscreen\" decoding=\"async\" loading=\"lazy\" height=\"1778\" itemprop=\"image\"  src=\"https:\/\/www.europesays.com\/no\/wp-content\/uploads\/2025\/12\/9a58c08b-7c71-4580-b525-bb7add8a7aca\"  style=\"object-position:0% 0%\" width=\"2434\"\/>SAMTALER: Sophie Elise og Nina Lykke.  Foto: Podme<\/p>\n<p class=\"_paragraph_o9xde_4 _paragraph_xtcu6_10 layout-component text-serif-m layout-normal text-serif-m layout-padded\">Men n\u00e5 er det alts\u00e5 andre tider.<\/p>\n<p class=\"_paragraph_o9xde_4 _paragraph_xtcu6_10 layout-component text-serif-m layout-normal text-serif-m layout-padded\"><strong class=\"_strong_o9xde_25\">\u2013 Jeg har mistet seksualiteten min helt, og tror ikke jeg har hatt en seksuell tanke p\u00e5 en m\u00e5ned, sier Sophie i podkasten.<\/strong><\/p>\n<p class=\"_paragraph_o9xde_4 _paragraph_xtcu6_10 layout-component text-serif-m layout-normal text-serif-m layout-padded\">Hun legger til at hun vet at det er \u00abidiotisk\u00bb \u00e5 legge s\u00e5 mye vekt p\u00e5 aksept fra det motsatte kj\u00f8nn, og at det er noe hun n\u00e5 holder p\u00e5 \u00e5 l\u00f8srive seg fra.<\/p>\n<p class=\"_paragraph_o9xde_4 _paragraph_xtcu6_10 layout-component text-serif-m layout-normal text-serif-m layout-padded\">\u2013 Steg \u00e9n er at jeg ikke har noe seksualitet lenger. Akkurat n\u00e5 f\u00f8les det s\u00e5nn. <\/p>\n<p>\u2013 Gammel vane<\/p>\n<p class=\"_paragraph_o9xde_4 _paragraph_xtcu6_10 layout-component text-serif-m layout-normal text-serif-m layout-padded\">Steg to er at hun ikke har noe behov for \u00e5 date, opplyser hun. <\/p>\n<p class=\"_paragraph_o9xde_4 _paragraph_xtcu6_10 layout-component text-serif-m layout-normal text-serif-m layout-padded\">Sophie uttrykker ogs\u00e5 usikkerhet rundt hva som skjer n\u00e5r hun etter hvert finner en hun vil date, og kanskje forelsker seg i. <\/p>\n<p class=\"_paragraph_o9xde_4 _paragraph_xtcu6_10 layout-component text-serif-m layout-normal text-serif-m layout-padded\">Kommer hun da av gammel vane til \u00e5 gi slipp p\u00e5 egne verdier og kun ta hensyn til ham? Det sp\u00f8rsm\u00e5let stiller hun seg \u2013 og forklarer at hun er lei av det skuespillet hun f\u00f8ler hun har holdt p\u00e5 med i forhold til menn. <\/p>\n<p class=\"_paragraph_o9xde_4 _paragraph_xtcu6_10 layout-component text-serif-m layout-normal text-serif-m layout-padded\"><strong class=\"_strong_o9xde_25\">Derfor er det et m\u00e5l for de neste ti \u00e5rene \u00e5 avl\u00e6re gamle m\u00f8nstre.<\/strong><\/p>\n<p class=\"_paragraph_o9xde_4 _paragraph_xtcu6_10 layout-component text-serif-m layout-normal text-serif-m layout-padded\">Sophie ser ogs\u00e5 for seg at alt dette kan bli tema i ny bok, selv om hun tror at hun kan hisse p\u00e5 seg \u00abwokere\u00bb.<\/p>\n<p class=\"_paragraph_o9xde_4 _paragraph_xtcu6_10 layout-component text-serif-m layout-normal text-serif-m layout-padded\">\u2013 Folk kommer sikkert til \u00e5 hate at jeg skriver om at det er viktig for meg at menn har lyst til \u00e5 tenke p\u00e5 meg.<\/p>\n<p>\u2013 Bare s\u00e5nn det er<\/p>\n<p class=\"_paragraph_o9xde_4 _paragraph_xtcu6_10 layout-component text-serif-m layout-normal text-serif-m layout-padded\">P\u00e5 sp\u00f8rsm\u00e5l fra VG p\u00e5 SMS om hvordan det sterke behovet for \u00e5 f\u00e5 aksept fra menn har vokst fram, og hvorfor det er s\u00e5 vanskelig \u00e5 bevare egne verdier i m\u00f8te med menn, svarer Sophie:<\/p>\n<p class=\"_paragraph_o9xde_4 _paragraph_xtcu6_10 layout-component text-serif-m layout-normal text-serif-m layout-padded\">\u2013 Det er nok et altfor stort og kompleks sp\u00f8rsm\u00e5l til \u00e5 svare enkelt p\u00e5. Det er et helt portrett.<\/p>\n<p class=\"_paragraph_o9xde_4 _paragraph_xtcu6_10 layout-component text-serif-m layout-normal text-serif-m layout-padded\"><strong class=\"_strong_o9xde_25\">\u2013 Men hvordan er det \u00e5 uttrykke s\u00e5pass stor s\u00e5rbarhet?<\/strong><\/p>\n<p class=\"_paragraph_o9xde_4 _paragraph_xtcu6_10 layout-component text-serif-m layout-normal text-serif-m layout-padded\">\u2013 Det er ikke spesielt s\u00e5rbart, det er bare s\u00e5nn det er, svarer hun.<\/p>\n<p class=\"_paragraph_o9xde_4 _paragraph_xtcu6_10 layout-component text-serif-m layout-normal text-serif-m layout-padded\">Sophie r\u00f8per i podkasten at Nina Lykke er hennes favorittforfatter, fordi hun blant annet er \u00abdritmorsom, litt dr\u00f8y og p\u00e5 kanten\u00bb.<\/p>\n<p class=\"_paragraph_o9xde_4 _paragraph_xtcu6_10 layout-component text-serif-m layout-normal text-serif-m layout-padded\"><strong class=\"_strong_o9xde_25\">\u2013 Hvordan jobber du for \u00e5 f\u00e5 forfattere til \u00e5 bli med p\u00e5 s\u00e5 personlige samtaler?<\/strong><\/p>\n<p class=\"_paragraph_o9xde_4 _paragraph_xtcu6_10 layout-component text-serif-m layout-normal text-serif-m layout-padded\">\u2013 Jeg bryr meg genuint om dem og det de skriver, og hvem de er, svarer Sophie \u2013 og legger til at hun egentlig ikke jobber for det.<\/p>\n<p class=\"_paragraph_o9xde_4 _paragraph_xtcu6_10 layout-component text-serif-m layout-normal text-serif-m layout-padded\">\u2013 Med Nina Lykke er det veldig enkelt fordi hun er s\u00e5 direkte og ekte. S\u00e5 deler jeg jo av meg selv, som sikkert hjelper.<\/p>\n<p>Klar tale<\/p>\n<p class=\"_paragraph_o9xde_4 _paragraph_xtcu6_10 layout-component text-serif-m layout-normal text-serif-m layout-padded\">N\u00e5r tiden er inne for \u00e5 date igjen, har Sophie et tydelig krav: Han m\u00e5 v\u00e6re interessert i \u00e5 lese.<\/p>\n<p class=\"_paragraph_o9xde_4 _paragraph_xtcu6_10 layout-component text-serif-m layout-normal text-serif-m layout-padded\">\u2013 Det er flaut ikke \u00e5 lese i det hele tatt, sier Sophie i podkasten.<\/p>\n<p class=\"_paragraph_o9xde_4 _paragraph_xtcu6_10 layout-component text-serif-m layout-normal text-serif-m layout-padded\">Sophie forteller for \u00f8vrig der at hun finner tr\u00f8st i b\u00f8kene til Lykke, fordi forfatteren skriver om mennesker som gj\u00f8r feil, og konsekvensene av \u00e5 st\u00e5 i det.<\/p>\n<p class=\"_paragraph_o9xde_4 _paragraph_xtcu6_10 layout-component text-serif-m layout-normal text-serif-m layout-padded\">Podkasten med Lykke er den andre i serien. F\u00f8rst ute var forfatter <a href=\"https:\/\/www.vg.no\/rampelys\/i\/pPJxPo\/salgs-sjokk-det-skyldes-ene-og-alene-sophie-elise\" data-track-element-type=\"Link\" data-track-id=\"link:pPJxPo\" class=\"_link_o9xde_39\" rel=\"nofollow noopener\" target=\"_blank\">Maja Lunde (50)<\/a>. <\/p>\n<p class=\"_paragraph_o9xde_4 _paragraph_xtcu6_10 layout-component text-serif-m layout-normal text-serif-m layout-padded\">Sophie ga forlaget til Lunde <a href=\"https:\/\/www.vg.no\/rampelys\/i\/pPJxPo\/salgs-sjokk-det-skyldes-ene-og-alene-sophie-elise\" data-track-element-type=\"Link\" data-track-id=\"link:pPJxPo\" class=\"_link_o9xde_39\" rel=\"nofollow noopener\" target=\"_blank\">salgssjokk<\/a> tidligere i h\u00f8st, da hun la ut en gr\u00e5tkvalt story p\u00e5 Instagram om Lundes \u00abSkjerm barna\u00bb.<\/p>\n<p class=\"_paragraph_o9xde_4 _paragraph_xtcu6_10 layout-component text-serif-m layout-normal text-serif-m layout-padded\"><strong class=\"_strong_o9xde_25\">Fikk du med deg denne \u00abrettssaken\u00bb mellom Sophie Elise og eksflammen Henrik Thodesen (45) p\u00e5 VGTV?<\/strong><\/p>\n<p>Les ogs\u00e5<\/p>\n<p>Les ogs\u00e5<\/p>\n","protected":false},"excerpt":{"rendered":"Sophie Elise Isachsen (30) jobber med \u00e5 fri seg fra det store behovet for at menn skal ha&hellip;\n","protected":false},"author":2,"featured_media":104637,"comment_status":"","ping_status":"","sticky":false,"template":"","format":"standard","meta":{"footnotes":""},"categories":[10],"tags":[20,21,24,25,15,22,23,13,9434,30,28,29,14,16,1270,2828,26,27,614],"class_list":{"0":"post-104636","1":"post","2":"type-post","3":"status-publish","4":"format-standard","5":"has-post-thumbnail","7":"category-norge","8":"tag-breaking-news","9":"tag-breakingnews","10":"tag-featured-news","11":"tag-featurednews","12":"tag-headlines","13":"tag-latest-news","14":"tag-latestnews","15":"tag-news","16":"tag-nina-lykke","17":"tag-no","18":"tag-norge","19":"tag-norway","20":"tag-nyheter","21":"tag-overskrifter","22":"tag-podkast","23":"tag-sophie-elise","24":"tag-top-stories","25":"tag-topstories","26":"tag-woke"},"share_on_mastodon":{"url":"https:\/\/pubeurope.com\/@no\/115665355831270756","error":""},"_links":{"self":[{"href":"https:\/\/www.europesays.com\/no\/wp-json\/wp\/v2\/posts\/104636","targetHints":{"allow":["GET"]}}],"collection":[{"href":"https:\/\/www.europesays.com\/no\/wp-json\/wp\/v2\/posts"}],"about":[{"href":"https:\/\/www.europesays.com\/no\/wp-json\/wp\/v2\/types\/post"}],"author":[{"embeddable":true,"href":"https:\/\/www.europesays.com\/no\/wp-json\/wp\/v2\/users\/2"}],"replies":[{"embeddable":true,"href":"https:\/\/www.europesays.com\/no\/wp-json\/wp\/v2\/comments?post=104636"}],"version-history":[{"count":0,"href":"https:\/\/www.europesays.com\/no\/wp-json\/wp\/v2\/posts\/104636\/revisions"}],"wp:featuredmedia":[{"embeddable":true,"href":"https:\/\/www.europesays.com\/no\/wp-json\/wp\/v2\/media\/104637"}],"wp:attachment":[{"href":"https:\/\/www.europesays.com\/no\/wp-json\/wp\/v2\/media?parent=104636"}],"wp:term":[{"taxonomy":"category","embeddable":true,"href":"https:\/\/www.europesays.com\/no\/wp-json\/wp\/v2\/categories?post=104636"},{"taxonomy":"post_tag","embeddable":true,"href":"https:\/\/www.europesays.com\/no\/wp-json\/wp\/v2\/tags?post=104636"}],"curies":[{"name":"wp","href":"https:\/\/api.w.org\/{rel}","templated":true}]}}