{"id":104638,"date":"2025-12-05T05:40:19","date_gmt":"2025-12-05T05:40:19","guid":{"rendered":"https:\/\/www.europesays.com\/no\/104638\/"},"modified":"2025-12-05T05:40:19","modified_gmt":"2025-12-05T05:40:19","slug":"israel-far-delta-i-eurovision-2","status":"publish","type":"post","link":"https:\/\/www.europesays.com\/no\/104638\/","title":{"rendered":"Israel f\u00e5r delta i Eurovision"},"content":{"rendered":"<p>Den europeiske kringkastingsunion (EBU)\u00a0skriver i en pressemelding at de n\u00e5 har vedtatt endringer i reglene for konkurransen som skal \u00abstyrke tillit, \u00e5penhet og n\u00f8ytralitet rundt arrangementet\u00bb.<\/p>\n<p>\u2013 Denne avstemningen betyr at alle EBU-medlemmer som \u00f8nsker \u00e5 delta i Eurovision Song Contest 2026 og samtykker i \u00e5 overholde de nye reglene, er kvalifisert til \u00e5 delta, skriver\u00a0EBU som torsdag hatt sin\u00a0\u00e5rlige generalforsamling i Gen\u00e8ve.<\/p>\n<p>Hadde EBUs medlemskringkastere stemt ned disse reglene, ville det blitt en direkte votering om Israels deltakelse.<\/p>\n<p class=\"bold m-bold\" data-lab-font_weight=\"bold\">Kringkasteren Kan skriver i en uttalelse at de planlegger \u00e5 delta.<\/p>\n<p>Israels deltakelse har v\u00e6rt s\u00e6rlig omstridt de siste par \u00e5rene, siden Hamas&#8217; terrorangrep mot Israel 7. oktober 2023 og Israels p\u00e5f\u00f8lgende motangrep i Gaza.\u00a0<\/p>\n<p>Flere land har uttrykt misn\u00f8ye med at konkurransen som skal samle Europa har blitt s\u00e5 politisert og knyttet opp mot krigen i Gaza.<\/p>\n<p>Boikotter<\/p>\n<p>Flere lands kringkastere har allerede varslet at de vil boikotte neste \u00e5rs finale.\u00a0<\/p>\n<p>Nederlands kringkaster Avrotros skriver i en uttalelse at de n\u00f8ye har vurdert hvordan de skal stille seg til dette.\u00a0<\/p>\n<p>\u2013\u00a0Alt tatt i betraktning konkluderer Avrotros med at deltakelse under de n\u00e5v\u00e6rende omstendighetene er uforenlig med verdier som er viktige for oss, skriver de.<\/p>\n<p>Ogs\u00e5 Spania (RTVE), Slovenia (RTV) og Irland (RTE) sier de ikke vil delta.\u00a0RTV hevder at ogs\u00e5 Belgia og Island ikke vil delta, men begge lands kringkastere skriver at en avgj\u00f8relsen enn\u00e5 ikke er tatt.<\/p>\n<p>        <img class=\"image__img lazyload\" itemprop=\"image\" title=\"Foto: Erik Edland \/ TV 2\" alt=\"EKSPERT: H\u00e5kon R\u00f8ssum er sjef for den st\u00f8rste Eurovision-fansiden i Norge. Foto: Erik Edland \/ TV 2\" width=\"978\" height=\"551\" bad-src=\"https:\/\/www.europesays.com\/no\/wp-content\/uploads\/2025\/12\/1764913218_806_17048037.webp\" fetchpriority=\"auto\" \/><\/p>\n<p>      EKSPERT: H\u00e5kon R\u00f8ssum er sjef for den st\u00f8rste Eurovision-fansiden i Norge.<br \/>\n         Foto: Erik Edland \/ TV 2<\/p>\n<p> Sjef for fansiden\u00a0<a href=\"https:\/\/www.facebook.com\/EurovisionNOR\/\" rel=\"nofollow noopener\" target=\"_blank\">Eurovision Norway<\/a>, H\u00e5kon R\u00f8ssum, mener avgj\u00f8relsen vil gi store konsekvenser. Han peker p\u00e5 at Spania, som en av de s\u00e5kalte \u00abBig 5\u00bb og direktekvalifisert til finalen, er\u00a0en av EBU sine st\u00f8rste bidragsytere.<\/p>\n<p>\u2013 Rekruttering av artister som n\u00e5 vil stille opp kan bli t\u00f8ffere og presset om boikott enda st\u00f8rre, sier han til TV 2.<\/p>\n<p>\u2013 Dette er dramatisk og jeg er redd dette skader Eurovision i lang tid fremover.<\/p>\n<p>NRK tar ikke stilling<\/p>\n<p>I Norge er det NRK som deltar. De skriver i en pressemelding at de stiller seg bak tiltakene som EBU har vedtatt torsdag.<\/p>\n<p>\u2013\u00a0I \u00e5r har vi deltatt aktivt i prosessen for \u00e5 gj\u00f8re EBU og Eurovision bedre, sterkere og mer samlende. Vi mener tiltakene er n\u00f8dvendige for \u00e5 beskytte konkurransens n\u00f8ytralitet og omd\u00f8mme, sier kringkastingssjef Vibeke F\u00fcrst Haugen.<\/p>\n<p>NRK nevner ikke Israel i uttalelsen. Det gj\u00f8r heller ikke EBU i sin uttalelse.<\/p>\n<p>        <img class=\"image__img lazyload\" itemprop=\"image\" title=\"Foto: Goran Jorganovich  \/ TV 2\" alt=\"TAR IKKE STILLING: Kringkastingssjef Vibeke F\u00fcrst Haugen sier NRK ikke forholder seg til diskusjonen om Israels deltakelse. Foto: Goran Jorganovich  \/ TV 2\" width=\"978\" height=\"551\" bad-src=\"https:\/\/www.europesays.com\/no\/wp-content\/uploads\/2025\/12\/1764913218_531_17707559.webp\" fetchpriority=\"auto\" \/><\/p>\n<p>      TAR IKKE STILLING: Kringkastingssjef Vibeke F\u00fcrst Haugen sier NRK ikke forholder seg til diskusjonen om Israels deltakelse.<br \/>\n         Foto: Goran Jorganovich  \/ TV 2<\/p>\n<p>\u2013 NRK har ikke tatt stilling til enkeltmedlemmers deltakelse i Eurovision. Derimot har vi stemt over tiltakene EBU har iverksatt for \u00e5 sikre konkurransens omd\u00f8mme og tillit. Tiltakene svarer p\u00e5 bekymringene vi har tatt opp med EBU, skriver kringkastingssjef Vibeke F\u00fcrst Haugen til NRK.<\/p>\n<p data-lab-italic=\"italic\" class=\"italic m-italic\">\u2013 Har NRK tatt stilling til boikott?<\/p>\n<p>\u2013 Vi har v\u00e6rt opptatt \u00e5 verne om v\u00e5r uavhengighet og derfor har v\u00e5r tiln\u00e6rming v\u00e6rt prinsipiell. N\u00e5r v\u00e5re innspill er blitt tatt til f\u00f8lge, legger vi opp til \u00e5 delta, sier Haugen.<\/p>\n<p>Til egen kanal sier F\u00fcrst Haugen at de ikke forholder seg til diskusjonen om Israels deltakelse.<\/p>\n<p>\u2013 NRK er en offentlig finansiert allmennkringkaster. V\u00e5r jobb er \u00e5 informere og rapportere, det er ikke \u00e5 ta stilling eller ta side, sier hun.<\/p>\n<p>Vil ha rask evaluering<\/p>\n<p>If\u00f8lge NRK inneb\u00e6rer endringene blant annet strengere regler for \u00e5<br \/>\nhindre p\u00e5virkningskampanjer og gjeninnf\u00f8ring av fagjuryer i semifinalene for \u00e5<br \/>\nstyrke sikkerheten rundt avstemningen. <\/p>\n<p>\u2013 NRK mener det er viktig at vi holder en l\u00f8pende samtale<br \/>\ng\u00e5ende om hvordan vi ivaretar troverdigheten til EBU og Eurovision Song Contest<br \/>\nfremover, sier F\u00fcrst Haugen.<\/p>\n<p>\u2013 Det inneb\u00e6rer at vi raskt b\u00f8r evaluere gjennomf\u00f8ringen av Eurovision<br \/>\n2026, og at vi fortsetter arbeidet med \u00e5 forbedre Eurovision.<\/p>\n<p>I uttalelsen har NRK ogs\u00e5 lagt ved en felles uttalelse fra de nordiske kringkasterne, som sammen stiller seg bak regelendringene.<\/p>\n<p>If\u00f8lge Aftonbladet sier svenske SVT at det p\u00e5 n\u00e5v\u00e6rende tidspunkt ikke er aktuelt med en boikott. Ogs\u00e5 finske Yle skriver at de planlegger \u00e5 delta.<\/p>\n<p>Opprop<\/p>\n<p>Her hjemme har det ogs\u00e5 blitt demonstrert mot Israels deltakelse. Onsdag ble det kjent at 575 kulturpersonligheter oppfordrer til boikott ved israelsk deltakelse.<\/p>\n<p>\u2013 Vi som undertegner dette oppropet, oppfordrer alle norske artister og l\u00e5tskrivere til \u00e5 boikotte konkurransen dersom ikke Israel holdes utenfor, heter det i oppfordringen if\u00f8lge NTB.<\/p>\n<p>Lista inkluderer musikere som Fay Wildhagen, Aurora, Ella Marie H\u00e6tta Isaksen, Marit Larsen, Lars Vaular, Magne Furuholmen og Magdi Omar Ytreeide Abdelmaguid, samt en rekke skuespillere, film- og teaterpersonligheter, komikere og andre.<\/p>\n<p> Artisten, sykepleieren og aktivisten Marthe Valle er \u00e9n av initiativtakerne bak artistoppropet som ble levert onsdag kveld.<\/p>\n<p>\u2013 Det bekrefter jo det vi egentlig har tenkt hele tiden \u2013 nemlig at systemet er pill r\u00e5ttent. P\u00e5 den andre siden s\u00e5 begynner man \u00e5 sp\u00f8rre seg selv om hva som skal til f\u00f8r landene viser et snev av ryggrad, sier hun til TV 2. <\/p>\n<p>        <img class=\"image__img lazyload\" itemprop=\"image\" title=\"Foto: Javad Parsa \/ NTB\" alt=\"DEMONSTRERTE: Palestinakomiteen og Aksjonsgruppa for Palestina demonstrerte utenfor NRK i november. Foto: Javad Parsa \/ NTB\" width=\"978\" height=\"551\" bad-src=\"https:\/\/www.europesays.com\/no\/wp-content\/uploads\/2025\/12\/1764913219_586_18353319.webp\" fetchpriority=\"auto\" \/><\/p>\n<p>      DEMONSTRERTE: Palestinakomiteen og Aksjonsgruppa for Palestina demonstrerte utenfor NRK i november.<br \/>\n         Foto: Javad Parsa \/ NTB<\/p>\n<p>\u2013 Skamplett<\/p>\n<p>Line Khateeb, leder for Palestinakomiteen i Norge, reagerer sterkt p\u00e5 avgj\u00f8relsen i EBU.<\/p>\n<p>\u2013 Israel har fordrevet palestinerne og utf\u00f8rt massedrap, og s\u00e5 f\u00e5r de v\u00e6re med i en sangkonkurranse som om alt er normalt. Det er vanskelig \u00e5 forst\u00e5, rett og slett, sier hun til TV 2.<\/p>\n<p>Palestina-aktivisten understreker at Israel bevisst har brukt Eurovision politisk til \u00e5 forsvare krigf\u00f8ringen p\u00e5 Gazastripen.<\/p>\n<p>Khateeb har ikke h\u00f8ye forventninger til NRK.<\/p>\n<p>\u2013 Jeg har dessverre ingen h\u00f8ye h\u00e5p om at de vil st\u00e5 for en boikott av Eurovision. Jeg synes det er skuffende at NRK ikke er tydeligere p\u00e5 folkerettslige sp\u00f8rsm\u00e5l, sier hun til TV 2.<\/p>\n<p>Ogs\u00e5 Marthe Valle er kritisk til at NRK ikke tar et tydeligere standpunkt til konflikten.<\/p>\n<p>\u2013 De beholder en \u00abn\u00f8ytral posisjon\u00bb, samtidig som Gazastripen og Vestbredden blir blodigere for hver dag som g\u00e5r. Det kommer til \u00e5 st\u00e5 seg som en skamplett i historien.<\/p>\n","protected":false},"excerpt":{"rendered":"Den europeiske kringkastingsunion (EBU)\u00a0skriver i en pressemelding at de n\u00e5 har vedtatt endringer i reglene for konkurransen som&hellip;\n","protected":false},"author":2,"featured_media":104589,"comment_status":"","ping_status":"","sticky":false,"template":"","format":"standard","meta":{"footnotes":""},"categories":[5],"tags":[20,21,24,25,15,19,22,23,17,18,13,30,28,29,14,16,26,27],"class_list":{"0":"post-104638","1":"post","2":"type-post","3":"status-publish","4":"format-standard","5":"has-post-thumbnail","7":"category-overskrifter","8":"tag-breaking-news","9":"tag-breakingnews","10":"tag-featured-news","11":"tag-featurednews","12":"tag-headlines","13":"tag-hovedoppslag","14":"tag-latest-news","15":"tag-latestnews","16":"tag-main-news","17":"tag-mainnews","18":"tag-news","19":"tag-no","20":"tag-norge","21":"tag-norway","22":"tag-nyheter","23":"tag-overskrifter","24":"tag-top-stories","25":"tag-topstories"},"share_on_mastodon":{"url":"https:\/\/pubeurope.com\/@no\/115665359574480894","error":""},"_links":{"self":[{"href":"https:\/\/www.europesays.com\/no\/wp-json\/wp\/v2\/posts\/104638","targetHints":{"allow":["GET"]}}],"collection":[{"href":"https:\/\/www.europesays.com\/no\/wp-json\/wp\/v2\/posts"}],"about":[{"href":"https:\/\/www.europesays.com\/no\/wp-json\/wp\/v2\/types\/post"}],"author":[{"embeddable":true,"href":"https:\/\/www.europesays.com\/no\/wp-json\/wp\/v2\/users\/2"}],"replies":[{"embeddable":true,"href":"https:\/\/www.europesays.com\/no\/wp-json\/wp\/v2\/comments?post=104638"}],"version-history":[{"count":0,"href":"https:\/\/www.europesays.com\/no\/wp-json\/wp\/v2\/posts\/104638\/revisions"}],"wp:featuredmedia":[{"embeddable":true,"href":"https:\/\/www.europesays.com\/no\/wp-json\/wp\/v2\/media\/104589"}],"wp:attachment":[{"href":"https:\/\/www.europesays.com\/no\/wp-json\/wp\/v2\/media?parent=104638"}],"wp:term":[{"taxonomy":"category","embeddable":true,"href":"https:\/\/www.europesays.com\/no\/wp-json\/wp\/v2\/categories?post=104638"},{"taxonomy":"post_tag","embeddable":true,"href":"https:\/\/www.europesays.com\/no\/wp-json\/wp\/v2\/tags?post=104638"}],"curies":[{"name":"wp","href":"https:\/\/api.w.org\/{rel}","templated":true}]}}