{"id":104650,"date":"2025-12-05T06:15:15","date_gmt":"2025-12-05T06:15:15","guid":{"rendered":"https:\/\/www.europesays.com\/no\/104650\/"},"modified":"2025-12-05T06:15:15","modified_gmt":"2025-12-05T06:15:15","slug":"flere-havner-star-i-fare-torsdag-samlet-toppene-seg-nordlys","status":"publish","type":"post","link":"https:\/\/www.europesays.com\/no\/104650\/","title":{"rendered":"Flere havner st\u00e5r i fare \u2013 torsdag samlet toppene seg &#8211; Nordlys"},"content":{"rendered":"<ol>\n<li><a href=\"https:\/\/news.google.com\/rss\/articles\/CBMikwFBVV95cUxNUzZNckNvNnFsTkVnbldSRURSMTlnQ0E4cXhGa1lRYnJMVUItZ19PelJ0ZWl0Y3Q5clJFWkVZbmcySWEtVFVxdGh0M0pRVEFEdzFJWnYxOE5FazdFc0QyNmZUejlSV2JkZThtOVJsajkzOWlJRFRCU0JqMGhueVpBemNBeDhBLTRmQkUyeWdNQ3hkWHc?oc=5\" target=\"_blank\" rel=\"nofollow noopener\">Flere havner st\u00e5r i fare \u2013 torsdag samlet toppene seg<\/a>&nbsp;&nbsp;Nordlys<\/li>\n<li><a href=\"https:\/\/news.google.com\/rss\/articles\/CBMivwFBVV95cUxQdjMzZUZabEhtMmY3cWxZdFphZXFNMjRCQThuUFE3VkJETWpsNWpueWtGanBTQXFGdjFnMjBpQUxybS1xTkYwRk9QVGMzeTR5M21EWUpMTkVyR082Tld2aWhDWXl2S0pZakJoR19GUWVGRlJfcG9QTlhnd3JPeExYVmRKOVBzWm1DLUxibi1uMUlsV3FzTW4zMTYxUUdaTVRiZHB5ZERpRkVvQTU5ZGYtZTBoOS1faUlIb3k4Z3Mzcw?oc=5\" target=\"_blank\" rel=\"nofollow noopener\">Staten sponser Hurtigruten med 31.500 kroner per lokale passasjer<\/a>&nbsp;&nbsp;Nettavisen<\/li>\n<li><a href=\"https:\/\/news.google.com\/rss\/articles\/CBMihAFBVV95cUxPWk9XVkN6VjVjSnh3OFB5R0JOYzMzRHZWeTZtMnRIN1BwVVc1UTI5RllwTnlSRHZMMjMyU3o5WEliNXdSNDZQQXY2b1RaSEJ4REpCLUY2SHlWRDE3UlpHYVhKUVg0OWNIWkFKcWJsTnltNTdoc3ViNF9waF9jb280eV8yLTQ?oc=5\" target=\"_blank\" rel=\"nofollow noopener\">Foresl\u00e5r \u00e5 kutte alle anl\u00f8p s\u00f8r for Bod\u00f8<\/a>&nbsp;&nbsp;vol.no<\/li>\n<li><a href=\"https:\/\/news.google.com\/rss\/articles\/CBMilgFBVV95cUxNQXY5MEZ1QmxsQkVmNl9CeC1KbktEeXZrZ3QyOGVxZzdWLTFCRmpxOEZtMW5uRnktQ0pMalRTY0NlcUhRb0JIVXNFNVRMOHo4a25oRW12LTFKd2dtNXVtRWhvYWpvUmFHbm1PdzR2UzNCcENGcEpNaGlURHFyVmJ6TmNWeXhRMVRJbFBYLW12ZjZzQmlNcEE?oc=5\" target=\"_blank\" rel=\"nofollow noopener\">Hurtigruten kan miste flere stoppesteder nordp\u00e5<\/a>&nbsp;&nbsp;Klassekampen<\/li>\n<li><a href=\"https:\/\/news.google.com\/rss\/articles\/CBMilAFBVV95cUxQZjlBdURLVjFtZE9WcWpHUHRMUGo1U3pkeGpKejRtQVd4R181enRJejJDdHdvNWtyX2s4TFlNcmE3OU5GWG9YN0c3VFpzTGJrX3BFZFRLS1BDbGVvN2lwM29iV050UTdjM1BsN084bFlzMFhxb3lCNXBBVVM2amFMbE5kY0dVcUF3aFJPS3NnLXN4WEMw?oc=5\" target=\"_blank\" rel=\"nofollow noopener\">Hansen: Kystruten m\u00e5 gi bedre tilbud til kysten<\/a>&nbsp;&nbsp;Radio Nordkapp<\/li>\n<\/ol>\n","protected":false},"excerpt":{"rendered":"Flere havner st\u00e5r i fare \u2013 torsdag samlet toppene seg&nbsp;&nbsp;Nordlys Staten sponser Hurtigruten med 31.500 kroner per lokale&hellip;\n","protected":false},"author":2,"featured_media":104651,"comment_status":"","ping_status":"","sticky":false,"template":"","format":"standard","meta":{"footnotes":""},"categories":[10],"tags":[20,21,24,25,15,22,23,13,30,28,29,14,16,26,27],"class_list":{"0":"post-104650","1":"post","2":"type-post","3":"status-publish","4":"format-standard","5":"has-post-thumbnail","7":"category-norge","8":"tag-breaking-news","9":"tag-breakingnews","10":"tag-featured-news","11":"tag-featurednews","12":"tag-headlines","13":"tag-latest-news","14":"tag-latestnews","15":"tag-news","16":"tag-no","17":"tag-norge","18":"tag-norway","19":"tag-nyheter","20":"tag-overskrifter","21":"tag-top-stories","22":"tag-topstories"},"share_on_mastodon":{"url":"https:\/\/pubeurope.com\/@no\/115665497291936561","error":""},"_links":{"self":[{"href":"https:\/\/www.europesays.com\/no\/wp-json\/wp\/v2\/posts\/104650","targetHints":{"allow":["GET"]}}],"collection":[{"href":"https:\/\/www.europesays.com\/no\/wp-json\/wp\/v2\/posts"}],"about":[{"href":"https:\/\/www.europesays.com\/no\/wp-json\/wp\/v2\/types\/post"}],"author":[{"embeddable":true,"href":"https:\/\/www.europesays.com\/no\/wp-json\/wp\/v2\/users\/2"}],"replies":[{"embeddable":true,"href":"https:\/\/www.europesays.com\/no\/wp-json\/wp\/v2\/comments?post=104650"}],"version-history":[{"count":0,"href":"https:\/\/www.europesays.com\/no\/wp-json\/wp\/v2\/posts\/104650\/revisions"}],"wp:featuredmedia":[{"embeddable":true,"href":"https:\/\/www.europesays.com\/no\/wp-json\/wp\/v2\/media\/104651"}],"wp:attachment":[{"href":"https:\/\/www.europesays.com\/no\/wp-json\/wp\/v2\/media?parent=104650"}],"wp:term":[{"taxonomy":"category","embeddable":true,"href":"https:\/\/www.europesays.com\/no\/wp-json\/wp\/v2\/categories?post=104650"},{"taxonomy":"post_tag","embeddable":true,"href":"https:\/\/www.europesays.com\/no\/wp-json\/wp\/v2\/tags?post=104650"}],"curies":[{"name":"wp","href":"https:\/\/api.w.org\/{rel}","templated":true}]}}