{"id":104654,"date":"2025-12-05T06:18:10","date_gmt":"2025-12-05T06:18:10","guid":{"rendered":"https:\/\/www.europesays.com\/no\/104654\/"},"modified":"2025-12-05T06:18:10","modified_gmt":"2025-12-05T06:18:10","slug":"criscilla-andersons-rorende-avskjed-pa-instagram-etter-tapet-mot-kreften","status":"publish","type":"post","link":"https:\/\/www.europesays.com\/no\/104654\/","title":{"rendered":"Criscilla Andersons r\u00f8rende avskjed p\u00e5 Instagram etter tapet mot kreften"},"content":{"rendered":"<p class=\"kicker t20\" style=\"\">Criscilla Anderson:<\/p>\n<p>  Da Netflix-stjernen nylig d\u00f8de av kreft var det hun selv som stod bak d\u00f8dsbudskapet.<\/p>\n<p>\n    KREFT: Criscilla Anderson gikk bort 2. desember etter en lang kamp mot kreften. Foto: Instagram \/ coffeyanderson\n  <\/p>\n<p> Nylig ble det delt et innlegg p\u00e5 realitystjernen Criscilla Anderson (45) sin <a href=\"https:\/\/www.instagram.com\/p\/DRyFg2SEVEW\/?utm_source=ig_web_copy_link&amp;igsh=MzRlODBiNWFlZA==\" rel=\"nofollow noopener\" target=\"_blank\">Instagram<\/a>.\u00a0Budskapet var at hun hadde g\u00e5tt\u00a0bort etter en syv \u00e5r lang kamp mot kreften. <\/p>\n<p>    <a itemprop=\"url\" href=\"https:\/\/www.seher.no\/kjendis\/arets-fineste-julegave\/83933088\" rel=\"nofollow noopener\" target=\"_blank\"><\/p>\n<p>      <img loading=\"lazy\" decoding=\"async\" src=\"https:\/\/www.europesays.com\/no\/wp-content\/uploads\/2025\/12\/1764915488_564_83933535.webp\" width=\"980\" height=\"441\" title=\"- \u00c5rets fineste julegave\" alt=\"\" class=\"lazyload\" style=\"--aspect-ratio-image: 2.22; \"\/><\/p>\n<p>        &#8211; \u00c5rets fineste julegave<\/p>\n<p>    <\/a><\/p>\n<p class=\"font-weight-bold m-font-weight-bold\" data-lab-font_weight=\"font-weight-bold\">Det var Anderson selv som skrev teksten i innlegget.<\/p>\n<p class=\"font-weight-normal m-font-weight-normal\" data-lab-font_weight=\"font-weight-normal\">\u00abHvis du leser dette er jeg endelig i Jesu armer, fredfullt og omgitt av kj\u00e6rlighet.\u00a0Ikke forbli i m\u00f8rket. Jeg kjempet hardt og jeg elsket dypt. Jeg er ikke borte. Jeg er hjemme\u00bb, st\u00e5r det i innlegget.<\/p>\n<p>        SJOKKERENDE: Det er ikke en Love Island-sesong uten den ikoniske pulskonkurransen. Og da det var guttas tur, viste flere av dem seg \u00e5 v\u00e6re sv\u00e6rt kreative.Video: Love Island Australia \/ R\u00f8d L\u00f8per \/ Danny Son To<\/p>\n<p class=\"font-weight-normal m-font-weight-normal\" data-lab-font_weight=\"font-weight-normal\">Andersons venn, Lindsey Villatoro, publiserte innlegget p\u00e5 hennes Instagram etter vennens bortgang.<\/p>\n<p>Beskjed til barna\t<\/p>\n<p> 45-\u00e5ringen fikk tre barn med countryartisten Coffey Anderson (47) f\u00f8r hun d\u00f8de. De ble sammen i 2008, og allerede i 2009 hadde de gitt hverandre sitt ja. De skilte seg s\u00e5 i 2022.<\/p>\n<p>          <img loading=\"lazy\" decoding=\"async\" src=\"https:\/\/www.europesays.com\/no\/wp-content\/uploads\/2025\/12\/83937839.webp\" width=\"686\" height=\"392\" title=\"SKILT: Artisten Coffey Anderson og Criscilla Anderson gikk i 2022 hvert til sitt etter en \u00e5rrekke sammen. Foto: AP Photo \/ Jeffrey McWhorter\" alt=\"\" class=\"\" style=\"--aspect-ratio-image: 1.75; \"\/><\/p>\n<p>\n          SKILT: Artisten Coffey Anderson og Criscilla Anderson gikk i 2022 hvert til sitt etter en \u00e5rrekke sammen. Foto: AP Photo \/ Jeffrey McWhorter\n      <\/p>\n<p>Hun kom med en felles beskjed til alle ungene:<\/p>\n<p>        NYLIG SINGEL: P\u00e5l \u00abOnkel P\u00bb T\u00f8ien r\u00f8per hvem av \u00abRampenissen\u00bb-kollegaene han vil kysse under mistelteinen. Men hans utk\u00e5rede er ikke helt p\u00e5 b\u00f8lgelende. Reporter: Victoria L\u00f8vik\/ Sanne Holt. Video: Sanne Holt\/ R\u00f8d L\u00f8per\/ \u00abBeliggenhet, beliggenhet, beliggenhet\u00bb\/ Discovery<\/p>\n<p>\u00abBarna mine: Jeg passer p\u00e5 dere. N\u00e5r et \u00f8yeblikk f\u00f8les varmt, kjent eller for vakkert til \u00e5 v\u00e6re en tilfeldighet \u2014 da er det meg. Jeg fortsetter \u00e5 v\u00e6re mammaen deres. Jeg er fortsatt deres\u00bb.<\/p>\n<p>Hedret av eksen\t<\/p>\n<p>I hele 15 \u00e5r var Anderson sammen med countryartisten Coffey.<\/p>\n<p>    <a itemprop=\"url\" href=\"https:\/\/www.seher.no\/kjendis\/ikke-skjedd-pa-20-ar-wow\/83935783\" rel=\"nofollow noopener\" target=\"_blank\"><\/p>\n<p>      <img loading=\"lazy\" decoding=\"async\" src=\"https:\/\/www.europesays.com\/no\/wp-content\/uploads\/2025\/12\/83935828.webp\" width=\"980\" height=\"441\" title=\"Ikke skjedd p\u00e5 20 \u00e5r: - Wow\" alt=\"\" class=\"lazyload\" style=\"--aspect-ratio-image: 2.22; \"\/><\/p>\n<p>        Ikke skjedd p\u00e5 20 \u00e5r: &#8211; Wow<\/p>\n<p>    <\/a><\/p>\n<p class=\"font-weight-bold m-font-weight-bold\" data-lab-font_weight=\"font-weight-bold\">Coffey hedret ekskona p\u00e5 <a href=\"https:\/\/www.instagram.com\/p\/DRyN1ajjEkI\/?utm_source=ig_web_copy_link&amp;igsh=MzRlODBiNWFlZA==\" rel=\"nofollow noopener\" target=\"_blank\">Instagram<\/a>\u00a0etter hennes bortgang.<\/p>\n<p> \u00abCriscilla definerte styrke og kampvilje som ingen andre p\u00e5 denne planeten.<br \/>\nHimmelen fikk en stjerne i dag\u00bb, starter innlegget.<\/p>\n<p>        \u00abUTVIST\u00bb: Prins Andrew er ikke lenger prins og er \u00abutvist\u00bb fra kongefamilien p\u00e5 grunn av sine forbindelser til Jeffrey Epstein. Reporter: Sanne Holt\/ R\u00f8d L\u00f8per. Video: NTB\/ Stella Pictures\/ AFP\/ YouTube\/ BBC\/ Netflix\/ 60Minutes Australia<\/p>\n<p> \u00abLivene v\u00e5re vil aldri bli de samme. Huset er stillere fordi du mangler. Barna er utholdende og sterke som alltid. Vi gjorde en god jobb med dem\u00bb, skriver han.<\/p>\n<p> Criscilla Anderson var tidligere hip-hop-danser og koreograf for realityserien \u00abDallas Cowboys Cheerleaders\u00bb. Der medvirket hun i 2020 med den dav\u00e6rende ektemannen Coffey.<\/p>\n<p><script async src=\"\/\/www.instagram.com\/embed.js\"><\/script><\/p>\n","protected":false},"excerpt":{"rendered":"Criscilla Anderson: Da Netflix-stjernen nylig d\u00f8de av kreft var det hun selv som stod bak d\u00f8dsbudskapet. KREFT: Criscilla&hellip;\n","protected":false},"author":2,"featured_media":104655,"comment_status":"","ping_status":"","sticky":false,"template":"","format":"standard","meta":{"footnotes":""},"categories":[58],"tags":[2268,71,479,2543,1401,30,28,29,9266,72],"class_list":{"0":"post-104654","1":"post","2":"type-post","3":"status-publish","4":"format-standard","5":"has-post-thumbnail","7":"category-underholdning","8":"tag-dod","9":"tag-entertainment","10":"tag-kjendis","11":"tag-kjendisdesken","12":"tag-kreft","13":"tag-no","14":"tag-norge","15":"tag-norway","16":"tag-realitystjerne","17":"tag-underholdning"},"share_on_mastodon":{"url":"https:\/\/pubeurope.com\/@no\/115665509216875898","error":""},"_links":{"self":[{"href":"https:\/\/www.europesays.com\/no\/wp-json\/wp\/v2\/posts\/104654","targetHints":{"allow":["GET"]}}],"collection":[{"href":"https:\/\/www.europesays.com\/no\/wp-json\/wp\/v2\/posts"}],"about":[{"href":"https:\/\/www.europesays.com\/no\/wp-json\/wp\/v2\/types\/post"}],"author":[{"embeddable":true,"href":"https:\/\/www.europesays.com\/no\/wp-json\/wp\/v2\/users\/2"}],"replies":[{"embeddable":true,"href":"https:\/\/www.europesays.com\/no\/wp-json\/wp\/v2\/comments?post=104654"}],"version-history":[{"count":0,"href":"https:\/\/www.europesays.com\/no\/wp-json\/wp\/v2\/posts\/104654\/revisions"}],"wp:featuredmedia":[{"embeddable":true,"href":"https:\/\/www.europesays.com\/no\/wp-json\/wp\/v2\/media\/104655"}],"wp:attachment":[{"href":"https:\/\/www.europesays.com\/no\/wp-json\/wp\/v2\/media?parent=104654"}],"wp:term":[{"taxonomy":"category","embeddable":true,"href":"https:\/\/www.europesays.com\/no\/wp-json\/wp\/v2\/categories?post=104654"},{"taxonomy":"post_tag","embeddable":true,"href":"https:\/\/www.europesays.com\/no\/wp-json\/wp\/v2\/tags?post=104654"}],"curies":[{"name":"wp","href":"https:\/\/api.w.org\/{rel}","templated":true}]}}