{"id":104661,"date":"2025-12-05T06:25:25","date_gmt":"2025-12-05T06:25:25","guid":{"rendered":"https:\/\/www.europesays.com\/no\/104661\/"},"modified":"2025-12-05T06:25:25","modified_gmt":"2025-12-05T06:25:25","slug":"solve-produserte-lat-under-radaren-og-slapp-den-ikke-for-dommeren-blaste-av-helt-magisk-strandbuen","status":"publish","type":"post","link":"https:\/\/www.europesays.com\/no\/104661\/","title":{"rendered":"S\u00f8lve produserte l\u00e5t under radaren og slapp den ikke f\u00f8r dommeren bl\u00e5ste av: \u2013 Helt magisk &#8211; Strandbuen"},"content":{"rendered":"<ol>\n<li><a href=\"https:\/\/news.google.com\/rss\/articles\/CBMixwFBVV95cUxQOE56VUNUOWw1bEpuUjJwNzBlUFd1YWVxaTRaVS1HeENIN2ZGX2ZoYXZ3VVcwMFFrbzRYTVZxVzZLem9ibTJLdjZCWDBVWU9RNjEtQ213UXFmVk9kX2VDWl83R1A2bGd1UFI2X1k0WnEyVkN5SkI0cV9ieEd5VWpRcG9mcXRDWWtOSHVMOHRhVWZLbXRjRnM5WThSd3QxNzVrREJSSl9OSmpWc1dBMDl1LUZ3dFZJcTJfS3pyQnV1UVlXczdQWTVv?oc=5\" target=\"_blank\" rel=\"nofollow noopener\">S\u00f8lve produserte l\u00e5t under radaren og slapp den ikke f\u00f8r dommeren bl\u00e5ste av: \u2013 Helt magisk<\/a>&nbsp;&nbsp;Strandbuen<\/li>\n<li><a href=\"https:\/\/news.google.com\/rss\/articles\/CBMiugFBVV95cUxPdzEzU0M3WGVfSUlPdS01S0hfS1pkVmRMWUR1TXZXYXFwWDg1R0tZaHhaVG1KaTFEakhRbjMyaWNybVlUY3o3NnE5eFo2dmt2NUQyYXg2eFVaZDhIWlg4elhzSUJFWXgtbFIyN2ZtaDQ3QjRUZzhIZmNVcFB1UjJPTG1oZFlUVTNhNXpLWjBaTzFKTXNPOF81dVZ3akhsaUxEUUNZOS1LakNuOVg0dkt2ZUlBSE42c3RmTEE?oc=5\" target=\"_blank\" rel=\"nofollow noopener\">Viking, Rune Bjerga | Sist de ga ut Viking-l\u00e5t \u00abraknet det totalt\u00bb. Denne gangen kan det ikke g\u00e5 galt<\/a>&nbsp;&nbsp;RA Stavanger<\/li>\n<li><a href=\"https:\/\/news.google.com\/rss\/articles\/CBMisgFBVV95cUxNSmR0Y3Z2S3RzcFNPZjVDWHRxeXpUVzZxM0Yyei02bjhNNDFMRnJPdS1rOTNLN2JZclpJV3oteXUtYWFyZDVkM1k2WmtLYlBWWE9yTTFMQ0s2TGtIcTRXUzFZQ1dYRHZOTHNwT0pZZzlTSXRJRGtzMTR4cU9PUGxjb3ROZ3BENGNld3pQUzJ6ejM5eDJCdWRXRnFVeFN1SnM0cW5wVHNTVjNRS3JPV1Vpbnpn?oc=5\" target=\"_blank\" rel=\"nofollow noopener\">P\u00e5 en natt skrev Aslak en ny Viking-sang til Izabell: \u2013 R\u00f8rt til t\u00e5rer<\/a>&nbsp;&nbsp;Stavanger Aftenblad<\/li>\n<li><a href=\"https:\/\/news.google.com\/rss\/articles\/CBMingFBVV95cUxPYVlDNVFXQWZjQXRHblgxMkQtNnplNXVFeVhKaW1FQ1p4LTE5Y01WUUw5WE9kS0tMLWRsSXhZTThPV1ZKNFQxaHowUDdOcnBsbHpuZVBvMTdVeTBhSjVyZjI3LVdGTHJic1ZDWi1lT1QtQk1sNGhCdW54Yk1TR29iX0QwVGxsTXBDWk5JdHZIMTV6bDg4cXN5N1Y1QTBnUQ?oc=5\" target=\"_blank\" rel=\"nofollow noopener\">Sport, Kultur | Lite s\u00f8vn og store dr\u00f8mmer: Sird\u00f8l ute med ny Viking-l\u00e5t<\/a>&nbsp;&nbsp;Avisen Agder<\/li>\n<li><a href=\"https:\/\/news.google.com\/rss\/articles\/CBMivAFBVV95cUxQX2plUXFMeDBMckZka2tNcTVPX25qT1VfcTdxR3JiS055dk02ZDU3cURfVk5VSXlYWjVJZmFnUmQ4VFJ2TjVZWHVQaVJya2o0c2tfT1I5MFZiSDlwTTZFTnVfOFNjR25iQ0VtMjdfbUNGRkU1Zy1oRlJtLWlBM1pjaDgxeFVLVVJtSkpHYmNMTUlVLU41WEp4clB6c0RfQnpDcWtPNzNCQUh0aHg3NHdDeDFpNEtoT3k1bkE1Qg?oc=5\" target=\"_blank\" rel=\"nofollow noopener\">Gilberdal med Viking-l\u00e5t i gullkampen: \u2013 Dette svinger mer og mer for hver lytt<\/a>&nbsp;&nbsp;randaberg24.no<\/li>\n<\/ol>\n","protected":false},"excerpt":{"rendered":"S\u00f8lve produserte l\u00e5t under radaren og slapp den ikke f\u00f8r dommeren bl\u00e5ste av: \u2013 Helt magisk&nbsp;&nbsp;Strandbuen Viking, Rune&hellip;\n","protected":false},"author":2,"featured_media":104662,"comment_status":"","ping_status":"","sticky":false,"template":"","format":"standard","meta":{"footnotes":""},"categories":[58],"tags":[71,30,28,29,72],"class_list":{"0":"post-104661","1":"post","2":"type-post","3":"status-publish","4":"format-standard","5":"has-post-thumbnail","7":"category-underholdning","8":"tag-entertainment","9":"tag-no","10":"tag-norge","11":"tag-norway","12":"tag-underholdning"},"share_on_mastodon":{"url":"https:\/\/pubeurope.com\/@no\/115665536555615942","error":""},"_links":{"self":[{"href":"https:\/\/www.europesays.com\/no\/wp-json\/wp\/v2\/posts\/104661","targetHints":{"allow":["GET"]}}],"collection":[{"href":"https:\/\/www.europesays.com\/no\/wp-json\/wp\/v2\/posts"}],"about":[{"href":"https:\/\/www.europesays.com\/no\/wp-json\/wp\/v2\/types\/post"}],"author":[{"embeddable":true,"href":"https:\/\/www.europesays.com\/no\/wp-json\/wp\/v2\/users\/2"}],"replies":[{"embeddable":true,"href":"https:\/\/www.europesays.com\/no\/wp-json\/wp\/v2\/comments?post=104661"}],"version-history":[{"count":0,"href":"https:\/\/www.europesays.com\/no\/wp-json\/wp\/v2\/posts\/104661\/revisions"}],"wp:featuredmedia":[{"embeddable":true,"href":"https:\/\/www.europesays.com\/no\/wp-json\/wp\/v2\/media\/104662"}],"wp:attachment":[{"href":"https:\/\/www.europesays.com\/no\/wp-json\/wp\/v2\/media?parent=104661"}],"wp:term":[{"taxonomy":"category","embeddable":true,"href":"https:\/\/www.europesays.com\/no\/wp-json\/wp\/v2\/categories?post=104661"},{"taxonomy":"post_tag","embeddable":true,"href":"https:\/\/www.europesays.com\/no\/wp-json\/wp\/v2\/tags?post=104661"}],"curies":[{"name":"wp","href":"https:\/\/api.w.org\/{rel}","templated":true}]}}