{"id":104663,"date":"2025-12-05T06:28:13","date_gmt":"2025-12-05T06:28:13","guid":{"rendered":"https:\/\/www.europesays.com\/no\/104663\/"},"modified":"2025-12-05T06:28:13","modified_gmt":"2025-12-05T06:28:13","slug":"dora-thorhallsdottir-skilles-jeg-gruer-meg-til-a-si-det","status":"publish","type":"post","link":"https:\/\/www.europesays.com\/no\/104663\/","title":{"rendered":"Dora Thorhallsdottir: Skilles: &#8211; Jeg gruer meg til \u00e5 si det"},"content":{"rendered":"<p>\u2013 Jeg skal dele noe som kanskje kommer overraskende p\u00e5 mange.<\/p>\n<p>I podkasten \u00abRelasjonspodden\u00bb fredag forteller familieterapeut Dora Thorhallsdottir (52) at hun og ektemannen skal skilles.\u00a0<\/p>\n<p>\u2013 Jeg gruer meg til \u00e5 si det, forteller hun gr\u00e5tkvalt innledningsvis.<\/p>\n<p>        <img class=\"image__img lazyload\" itemprop=\"image\" title=\"Foto: Thomas Evensen \/ TV 2\" alt=\"T\u00d8FFE TAK: Dora Thorhallsdottir hjemme i boligen hun har delt med Jan Tore p\u00e5 Vear i T\u00f8nsberg. Foto: Thomas Evensen \/ TV 2\" width=\"978\" height=\"551\" bad-src=\"https:\/\/www.europesays.com\/no\/wp-content\/uploads\/2025\/12\/18348157.webp\" fetchpriority=\"auto\" \/><\/p>\n<p>      T\u00d8FFE TAK: Dora Thorhallsdottir hjemme i boligen hun har delt med Jan Tore p\u00e5 Vear i T\u00f8nsberg.<br \/>\n         Foto: Thomas Evensen \/ TV 2<\/p>\n<p>Thorallsdottir og ektemannen Jan Tore, ga hverandre sitt ja i 2023, etter <a href=\"https:\/\/www.tv2.no\/underholdning\/god-morgen-norge\/en-markering-av-at-han-overlevde\/15866991\/\" target=\"_blank\" rel=\"nofollow noopener\">flere \u00e5r med oppturer og nedturer.\u00a0<\/a><\/p>\n<p>\u00c5pen om den vanskelige tiden<\/p>\n<p>B\u00e5de p\u00e5 scenen og i tidligere intervjuer har Thorhallsdottir v\u00e6rt \u00e5pen om hvordan det er\u00a0\u00e5 v\u00e6re p\u00e5r\u00f8rende i et forhold rammet av en livstruende sykdom, og hvordan det endrer parforholdet.<\/p>\n<p>\u2013 Det er s\u00e5 mange artikler om hvordan man h\u00e5ndterer sykdom, men ingen snakker om hvordan sykdommen endrer dere som par, sa hun da <a href=\"https:\/\/www.tv2.no\/aktualitet\/dora-thorhallsdottir-hva-vil-folk-tro-om-jeg-gir-opp\/17378055\/\" rel=\"nofollow noopener\" target=\"_blank\">TV 2 <\/a>m\u00f8tte henne og\u00a0Jan Tore Borgersen hjemme i T\u00f8nsberg i v\u00e5r.<\/p>\n<p>Den gang snakket de \u00e5pent om hvordan livet br\u00e5tt ble snudd p\u00e5 hodet etter at Borgersen fikk oppdaget en kreftsvulst p\u00e5 halsen i 2022.\u00a0<\/p>\n<p>    <a class=\"article__link\" data-ga-active-label=\"\" data-ga-active-label-animation=\"\" href=\"https:\/\/www.tv2.no\/aktualitet\/dora-thorhallsdottir-hva-vil-folk-tro-om-jeg-gir-opp\/17378055\/\" rel=\"nofollow noopener\" target=\"_blank\"><\/p>\n<p>    <img class=\"image__img lazyload\" itemprop=\"image\" title=\"\" alt=\"\" width=\"978\" height=\"411\" bad-src=\"https:\/\/www.europesays.com\/no\/wp-content\/uploads\/2025\/12\/17379687.webp\" fetchpriority=\"auto\" \/><\/p>\n<p>\n            Dora Thorhallsdottir: \u2013 S\u00e5rbart \u00e5 snakke om\n        <\/p>\n<p>    <\/a><\/p>\n<p>De to gikk rett fra stormforelskelse til \u00e5 br\u00e5tt f\u00e5 beskjed om at Borgersen kanskje ikke ville overleve.<\/p>\n<p>\u2013 Ett \u00e5r etter operasjonen giftet vi oss.\u00a0Uten livserfaring. Vi tenkte at herfra og ut g\u00e5r det p\u00e5 skinner. Vi kom oss gjennom det f\u00f8rste \u00e5ret. Men p\u00e5 en m\u00e5te var det neste \u00e5ret verre.\u00a0<\/p>\n<p>Han snakket om m\u00f8rket som traff ham da han etter operasjonen ble tvunget til \u00e5 prate gjennom en knapp p\u00e5 halsen.<\/p>\n<p>Hun om belastningen det er for en p\u00e5r\u00f8rende \u00e5 h\u00e5ndtere en slik situasjon. Og &#8211; hvor vanskelig det er \u00e5 v\u00e6re kj\u00e6rester.<\/p>\n<p>Tar til t\u00e5rene<\/p>\n<p>I podkastepisoden fredag er det en tydelig ber\u00f8rt Thorhallsdottir.\u00a0<\/p>\n<p>\u2013 Jeg har ikke holdt det skjult for ham, det er for s\u00e5 vidt ikke nytt i forholdet at jeg sliter. Det som skjedde for fire uker siden, var at jeg ville skilles. Det sa jeg ogs\u00e5 i oktober, men da pr\u00f8vde vi igjen, deler hun \u00e5penhjertig.\u00a0\u00a0<\/p>\n<p>Thorhallsdottir forteller at det som er hennes sorg, er at hun elsket ham mer enn hun har elsket noen gang.\u00a0<\/p>\n<p>Men s\u00e5 gikk f\u00f8lelsene hennes veldig sakte nedover, forteller hun gr\u00e5tkvalt, og legger til at det var en skjevhet som oppstod i forholdet.<\/p>\n<p>\u2013 Og jeg tror den st\u00f8rste sorgen er at jeg hadde ikke skilt meg hvis han ikke hadde f\u00e5tt den forbanna kreften.<\/p>\n<p>Flytter<\/p>\n<p>If\u00f8lge Thorhallsdottir skal hun og Jan Tore selge huset i T\u00f8nsberg, og hun flytter til Oslo til sommeren.\u00a0<\/p>\n<p>Ogs\u00e5 hytten de har sammen skal selges.\u00a0<\/p>\n<p>        <img class=\"image__img lazyload\" itemprop=\"image\" title=\"Foto: Thomas Evensen \/ TV 2\" alt=\"SELGER: Huset i T\u00f8nsberg vil legges ut for salg, opplyser Dora Thorhallsdottir. Beslutningen har v\u00e6rt alt annet enn enkel for henne. Foto: Thomas Evensen \/ TV 2\" width=\"978\" height=\"551\" bad-src=\"https:\/\/www.europesays.com\/no\/wp-content\/uploads\/2025\/12\/18354113.webp\" fetchpriority=\"auto\" \/><\/p>\n<p>      SELGER: Huset i T\u00f8nsberg vil legges ut for salg, opplyser Dora Thorhallsdottir. Beslutningen har v\u00e6rt alt annet enn enkel for henne.<br \/>\n         Foto: Thomas Evensen \/ TV 2<\/p>\n<p>Thorhallsdottir forteller at hun er forberedt p\u00e5 negative kommentarer, men at kommentarene hun muligens vil f\u00e5, er tanker hun allerede har hatt om seg selv.\u00a0<\/p>\n<p class=\"italic m-italic\" data-lab-italic=\"italic\">TV 2 har fors\u00f8kt \u00e5 f\u00e5 en kommentar av Dora Thorhallsdottir, forel\u00f8pig uten hell.<\/p>\n","protected":false},"excerpt":{"rendered":"\u2013 Jeg skal dele noe som kanskje kommer overraskende p\u00e5 mange. I podkasten \u00abRelasjonspodden\u00bb fredag forteller familieterapeut Dora&hellip;\n","protected":false},"author":2,"featured_media":104664,"comment_status":"","ping_status":"","sticky":false,"template":"","format":"standard","meta":{"footnotes":""},"categories":[12],"tags":[20,21,24,25,15,22,23,13,30,28,29,14,16,26,27,42,43,44,45],"class_list":{"0":"post-104663","1":"post","2":"type-post","3":"status-publish","4":"format-standard","5":"has-post-thumbnail","7":"category-verden","8":"tag-breaking-news","9":"tag-breakingnews","10":"tag-featured-news","11":"tag-featurednews","12":"tag-headlines","13":"tag-latest-news","14":"tag-latestnews","15":"tag-news","16":"tag-no","17":"tag-norge","18":"tag-norway","19":"tag-nyheter","20":"tag-overskrifter","21":"tag-top-stories","22":"tag-topstories","23":"tag-verden","24":"tag-world","25":"tag-world-news","26":"tag-worldnews"},"share_on_mastodon":{"url":"https:\/\/pubeurope.com\/@no\/115665548407507285","error":""},"_links":{"self":[{"href":"https:\/\/www.europesays.com\/no\/wp-json\/wp\/v2\/posts\/104663","targetHints":{"allow":["GET"]}}],"collection":[{"href":"https:\/\/www.europesays.com\/no\/wp-json\/wp\/v2\/posts"}],"about":[{"href":"https:\/\/www.europesays.com\/no\/wp-json\/wp\/v2\/types\/post"}],"author":[{"embeddable":true,"href":"https:\/\/www.europesays.com\/no\/wp-json\/wp\/v2\/users\/2"}],"replies":[{"embeddable":true,"href":"https:\/\/www.europesays.com\/no\/wp-json\/wp\/v2\/comments?post=104663"}],"version-history":[{"count":0,"href":"https:\/\/www.europesays.com\/no\/wp-json\/wp\/v2\/posts\/104663\/revisions"}],"wp:featuredmedia":[{"embeddable":true,"href":"https:\/\/www.europesays.com\/no\/wp-json\/wp\/v2\/media\/104664"}],"wp:attachment":[{"href":"https:\/\/www.europesays.com\/no\/wp-json\/wp\/v2\/media?parent=104663"}],"wp:term":[{"taxonomy":"category","embeddable":true,"href":"https:\/\/www.europesays.com\/no\/wp-json\/wp\/v2\/categories?post=104663"},{"taxonomy":"post_tag","embeddable":true,"href":"https:\/\/www.europesays.com\/no\/wp-json\/wp\/v2\/tags?post=104663"}],"curies":[{"name":"wp","href":"https:\/\/api.w.org\/{rel}","templated":true}]}}