{"id":104667,"date":"2025-12-05T06:32:20","date_gmt":"2025-12-05T06:32:20","guid":{"rendered":"https:\/\/www.europesays.com\/no\/104667\/"},"modified":"2025-12-05T06:32:20","modified_gmt":"2025-12-05T06:32:20","slug":"dagens-horoskop-fredag-5-desember","status":"publish","type":"post","link":"https:\/\/www.europesays.com\/no\/104667\/","title":{"rendered":"Dagens horoskop: Fredag 5. desember"},"content":{"rendered":"<p class=\"kicker \" style=\"\">horoskop<\/p>\n<p>    Slik blir din fredag.<\/p>\n<p>    Horoskop for fredag 5. desember<\/p>\n<p>Hva bringer denne dagen for ditt stjernetegn?<\/p>\n<p>V\u00e6ren 21\/3\u201320\/4\u00a0<\/p>\n<p>Fredagen handler helt og fullt om Superfullm\u00e5nen i Tvillingenes tegn. Det er en sterk p\u00e5virkning som prim\u00e6rt snakker til f\u00f8lelsene dine. Du blir impulsiv og handler mer instinktivt enn logisk. Det finnes b\u00e5de fordeler og ulemper med \u00e5 ikke tenke seg om f\u00f8rst. For deg vil det stort sett gi positive konsekvenser.<\/p>\n<p>Tyren 21\/4\u201321\/5\u00a0<\/p>\n<p>I dag har du mye \u00e5 planlegge, og det gjelder \u00e5 sette av tid til \u00e5 tenke n\u00f8ye gjennom det du \u00f8nsker \u00e5 gj\u00f8re, ellers kan det g\u00e5 galt. Ettermiddagen blir hyggelig og lett, med en utflukt og mulighet til \u00e5 utforske din mer kulturelle side. Kvelden byr p\u00e5 god mat og trivelig selskap.<\/p>\n<p>Tvillingene 22\/5\u201320\/6\u00a0<\/p>\n<p>P\u00e5 fredag er det en sterk fullm\u00e5ne i ditt eget tegn, noe som gj\u00f8r at dagen i stor grad vil dreie seg om deg og dine fremtidsutsikter. Selv om Tvillinger ofte unng\u00e5r \u00e5 lage for langtg\u00e5ende planer, befinner du deg n\u00e5 i et stadium der du f\u00f8ler at du vil begynne \u00e5 tenke fremover.<\/p>\n<p>Krepsen 21\/6\u201321\/7\u00a0<\/p>\n<p>Du har sterk intuisjon denne fredagen, som ytterligere forsterkes av fullm\u00e5nen. Krepsen er tett knyttet til sin herskerplanet, noe som gj\u00f8r at du merker m\u00e5nens faser mer enn mange andre. I dag stoler du helt og fullt p\u00e5 magef\u00f8lelsen, b\u00e5de n\u00e5r det gjelder relasjoner og \u00f8konomi.<\/p>\n<p>L\u00f8ven 22\/7\u201322\/8\u00a0<\/p>\n<p>Du har g\u00e5tt gjennom flere turbulente dager, og n\u00e5 g\u00e5r du inn i en periode der du f\u00e5r ro til \u00e5 fokusere mer p\u00e5 \u00e9n ting av gangen. Dagen handler om fullm\u00e5nen, og dens sterke p\u00e5virkning f\u00e5r deg til \u00e5 se situasjonen din i et nytt perspektiv, noe som f\u00e5r mange puslespillbrikker til \u00e5 falle p\u00e5 plass.<\/p>\n<p>Jomfruen 23\/8\u201322\/9\u00a0<\/p>\n<p>Du er p\u00e5 godt hum\u00f8r, og m\u00e5nen gj\u00f8r deg b\u00e5de p\u00e5funnrik og kreativ. Det blir en morsom fredag hvor du f\u00e5r brukt fantasien og livsgleden din. Om kvelden kan en bekjent havne i konflikt. Du er der for \u00e5 st\u00f8tte, men vedkommende m\u00e5 selv ordne opp i sine problemer.<\/p>\n<p>Vekten 23\/9\u201322\/10\u00a0<\/p>\n<p>Ogs\u00e5 Vekten p\u00e5virkes av dagens fullm\u00e5ne, men for deg handler det mer om \u00e5 oppdage en ny og kreativ m\u00e5te \u00e5 tenke p\u00e5 i forhold til jobb eller utdanning. Du innser at du ofte havner i en komfortsone som p\u00e5 sikt ikke er bra for deg.<\/p>\n<p>Skorpionen 23\/10\u201321\/11\u00a0<\/p>\n<p>For deg gir superfullm\u00e5nen en mulighet til \u00e5 forhandle om jobb, l\u00f8nn eller posisjon. For de Skorpionene som studerer eller ikke har en jobb, handler dagen om \u00e5 n\u00e5 private m\u00e5l. En diskusjon i familien kan lett eskalere hvis du ikke passer p\u00e5.<\/p>\n<p>Skytten 22\/11\u201320\/12\u00a0<\/p>\n<p>Fullm\u00e5nen er p\u00e5 sitt sterkeste i dag, og den gir deg det lille ekstra dyttet du trenger for \u00e5 ta opp et f\u00f8lsomt tema med partner, sjef eller venn. Du \u00f8nsker en endring som vil ber\u00f8re dere begge, men hittil har du unng\u00e5tt \u00e5 ta opp saken.<\/p>\n<p>Steinbukken 21\/12\u201320\/1\u00a0<\/p>\n<p>I dag tar du gjerne en kaffe med en venn eller et glass vin med en bekjent du ikke ser s\u00e5 ofte. Det blir en fin dag hvor du f\u00e5r mulighet til \u00e5 gjenopprette vennskapet. Ettermiddagen og kvelden handler om en opplevelse, det kan v\u00e6re et museum, teater eller en form for forestilling.<\/p>\n<p>Vannmannen 21\/1\u201319\/2\u00a0<\/p>\n<p>I dag fullf\u00f8rer du et prosjekt du har jobbet med over lang tid. Selv om det fortsatt vil v\u00e6re mer \u00e5 gj\u00f8re fremover, er flere store hindringer overvunnet, og det er verdt \u00e5 feire. Fullm\u00e5nen bidrar ogs\u00e5 med flere kreative og utradisjonelle id\u00e9er.<\/p>\n<p>Fiskene 20\/2\u201320\/3\u00a0<\/p>\n<p>I dag st\u00e5r du ved et veikryss og vet ikke hvilken vei du skal velge. Ikke pr\u00f8v \u00e5 ta avgj\u00f8relsen logisk, for da vil det ikke bli riktig. I dag p\u00e5virkes du av en uvanlig sterk fullm\u00e5ne, s\u00e5 kanaliser den positive energien og den fantastiske intuisjonen du f\u00e5r fra m\u00e5nen.<\/p>\n<p>Les ogs\u00e5: <a href=\"https:\/\/www.elle.no\/horoskop\/ukeshoroskop\" target=\"_blank\" rel=\"nofollow noopener\">Slik blir denne uka for ditt stjernetegn &#8230;<\/a><\/p>\n","protected":false},"excerpt":{"rendered":"horoskop Slik blir din fredag. Horoskop for fredag 5. desember Hva bringer denne dagen for ditt stjernetegn? V\u00e6ren&hellip;\n","protected":false},"author":2,"featured_media":104668,"comment_status":"","ping_status":"","sticky":false,"template":"","format":"standard","meta":{"footnotes":""},"categories":[58],"tags":[71,30,28,29,72],"class_list":{"0":"post-104667","1":"post","2":"type-post","3":"status-publish","4":"format-standard","5":"has-post-thumbnail","7":"category-underholdning","8":"tag-entertainment","9":"tag-no","10":"tag-norge","11":"tag-norway","12":"tag-underholdning"},"share_on_mastodon":{"url":"https:\/\/pubeurope.com\/@no\/115665564013061407","error":""},"_links":{"self":[{"href":"https:\/\/www.europesays.com\/no\/wp-json\/wp\/v2\/posts\/104667","targetHints":{"allow":["GET"]}}],"collection":[{"href":"https:\/\/www.europesays.com\/no\/wp-json\/wp\/v2\/posts"}],"about":[{"href":"https:\/\/www.europesays.com\/no\/wp-json\/wp\/v2\/types\/post"}],"author":[{"embeddable":true,"href":"https:\/\/www.europesays.com\/no\/wp-json\/wp\/v2\/users\/2"}],"replies":[{"embeddable":true,"href":"https:\/\/www.europesays.com\/no\/wp-json\/wp\/v2\/comments?post=104667"}],"version-history":[{"count":0,"href":"https:\/\/www.europesays.com\/no\/wp-json\/wp\/v2\/posts\/104667\/revisions"}],"wp:featuredmedia":[{"embeddable":true,"href":"https:\/\/www.europesays.com\/no\/wp-json\/wp\/v2\/media\/104668"}],"wp:attachment":[{"href":"https:\/\/www.europesays.com\/no\/wp-json\/wp\/v2\/media?parent=104667"}],"wp:term":[{"taxonomy":"category","embeddable":true,"href":"https:\/\/www.europesays.com\/no\/wp-json\/wp\/v2\/categories?post=104667"},{"taxonomy":"post_tag","embeddable":true,"href":"https:\/\/www.europesays.com\/no\/wp-json\/wp\/v2\/tags?post=104667"}],"curies":[{"name":"wp","href":"https:\/\/api.w.org\/{rel}","templated":true}]}}