{"id":104689,"date":"2025-12-05T07:15:13","date_gmt":"2025-12-05T07:15:13","guid":{"rendered":"https:\/\/www.europesays.com\/no\/104689\/"},"modified":"2025-12-05T07:15:13","modified_gmt":"2025-12-05T07:15:13","slug":"apningstider-pa-julaften-2025-disse-butikkene-stenger","status":"publish","type":"post","link":"https:\/\/www.europesays.com\/no\/104689\/","title":{"rendered":"\u00c5pningstider p\u00e5 julaften 2025: Disse butikkene stenger"},"content":{"rendered":"<p class=\"kicker bg-blue color_mobile_bg-blue hasTextPadding mobile-hasTextPadding\" style=\"\">\u00c5pningstider jula 2025:<\/p>\n<p>  Skal du rekke \u00e5 kj\u00f8pe de siste julegavene f\u00f8r h\u00f8ytida senker seg, b\u00f8r du planlegge godt. Noen holder \u00e5pent &#8211; andre stenger.<\/p>\n<p>\n    HOLDER STENGT: Mens noen butikker holder d\u00f8rene \u00e5pne en liten stund, velger andre \u00e5 stenge helt p\u00e5 julaften. Foto: Jysk\n  <\/p>\n<p>    Kort fortalt<\/p>\n<p lang=\"nb-NO\">Julaften har varierende \u00e5pningstider, og mange butikker holder stengt.<\/p>\n<p lang=\"nb-NO\">Jysk stenger alle sine butikker for \u00e5 gi ansatte fri, men netthandelen er \u00e5pen.<\/p>\n<p lang=\"nb-NO\">Ikea stenger ogs\u00e5, men Europris og Rusta holder \u00e5pent med begrensede tider.<\/p>\n<p lang=\"nb-NO\">Kundene oppfordres til \u00e5 planlegge julehandelen tidlig for \u00e5 unng\u00e5 stress.<\/p>\n<p class=\"italic ai-disclaimer\" data-lab-italic=\"italic\">Sammendraget er laget av ChatGPT og godkjent av DinSide.<\/p>\n<p>      Vis mer<br \/>\n      Vis mindre<\/p>\n<p>Skal du unng\u00e5 un\u00f8dvendig stress p\u00e5 julaften, gjelder det \u00e5 ha kontroll p\u00e5 hvor det faktisk er mulig \u00e5 handle.<\/p>\n<p>Julaften er nemlig en av de dagene da \u00e5pningstidene spriker mest:<\/p>\n<ul>\n<li class=\"lab-bodytext-line\">Vinmonopolet er ikke \u00e5pent.\u00a0<\/li>\n<li class=\"lab-bodytext-line\">\u00d8lsalget styres lokalt og varierer deretter.<\/li>\n<li class=\"lab-bodytext-line\">De fleste dagligvarebutikkene holder \u00e5pent, men gjerne med kortere \u00e5pningstid.<\/li>\n<\/ul>\n<p>Kommer du deg ut f\u00f8r lunsj, kan mange kj\u00f8pesentre fortsatt redde en stresset gavejakt. Men selv om sentrene holder d\u00f8rene \u00e5pne i noen timer, betyr det ikke at alle butikkene p\u00e5 senteret gj\u00f8r det samme.<\/p>\n<p>        FY FY: Dette er de vanligste tabbene nordmenn gj\u00f8r n\u00e5r de er p\u00e5 restaurant &#8211; sm\u00e5 grep gj\u00f8r en stor forskjell. <\/p>\n<p>M\u00f8belkjeden Jysk har tradisjonelt holdt \u00e5pent p\u00e5 julaften, men tok et nytt grep i fjor: De stengte absolutt alle butikkene.\u00a0<\/p>\n<p>Det samme skal de gj\u00f8re i \u00e5r. Alle deres 107 butikker over hele landet vil derfor holde stengt.<\/p>\n<p>&#8211; Vi har ogs\u00e5 i \u00e5r bestemt at vi skal holde v\u00e5re butikker stengt, slik at ansatte kan feire jul med sine kj\u00e6re, sier Martina Pohjanen, sjef for Jysk Norge, til DinSide.<\/p>\n<p>    <a itemprop=\"url\" href=\"https:\/\/dinside.dagbladet.no\/okonomi\/bor-styre-unna\/83897807\" rel=\"nofollow noopener\" target=\"_blank\"><\/p>\n<p>      <img loading=\"lazy\" decoding=\"async\" src=\"https:\/\/www.europesays.com\/no\/wp-content\/uploads\/2025\/12\/1764918909_386_83902939.webp\" width=\"147\" height=\"98\" title=\"- B\u00f8r styre unna\" alt=\"\" class=\"lazyload\" style=\"--aspect-ratio-image: 1.50; \"\/><\/p>\n<p>        &#8211; B\u00f8r styre unna<\/p>\n<p>    <\/a><\/p>\n<p>&#8211; Stor p\u00e5gang\t<\/p>\n<p> Jysk holder \u00e5pent i romjula. Netthandelen vil derimot v\u00e6re \u00e5pen som vanlig, ogs\u00e5 p\u00e5 julaften. <\/p>\n<p>En gladmelding for de ansatte, er at de som i utgangspunktet skulle jobbe p\u00e5 julaften f\u00e5r betalt.<\/p>\n<p>        <img loading=\"lazy\" decoding=\"async\" itemprop=\"image\" src=\"https:\/\/www.europesays.com\/no\/wp-content\/uploads\/2025\/12\/83932026.webp\" width=\"180\" height=\"180\" alt=\"Martina Pohjanen\"\/><\/p>\n<p>            Martina Pohjanen<br \/>\n            Martina<br \/>\n            Pohjanen        <\/p>\n<p>        Sjef for Jysk Norge<\/p>\n<p>Foto: Kilian Munch \/ Jysk<\/p>\n<p>&#8211;\u00a0Vi opplever at kundene v\u00e5re har stor forst\u00e5else for at vi stenger p\u00e5 julaften, sier Pohjanen.<\/p>\n<p>Norgessjefen har en klar oppfordring til alle kunder:<\/p>\n<p>&#8211;\u00a0Foran en hektisk juleinnspurt er det lurt \u00e5 planlegge handelen. Vi har som vanlig stor p\u00e5gang i forkant av jul, og r\u00e5der alle v\u00e5re kunder som har mulighet til \u00e5 gj\u00f8re unna julehandelen tidlig. <\/p>\n<p>    <a itemprop=\"url\" href=\"https:\/\/dinside.dagbladet.no\/fritid\/ma-avlyse-juletradisjon-rammer-feil\/83925684\" rel=\"nofollow noopener\" target=\"_blank\"><\/p>\n<p>      <img loading=\"lazy\" decoding=\"async\" src=\"https:\/\/www.europesays.com\/no\/wp-content\/uploads\/2025\/12\/83926983.webp\" width=\"147\" height=\"98\" title=\"- Rammer feil\" alt=\"\" class=\"lazyload\" style=\"--aspect-ratio-image: 1.50; \"\/><\/p>\n<p>        &#8211; Rammer feil<\/p>\n<p>    <\/a><\/p>\n<p>Dette er siste frist\t<\/p>\n<p>P\u00e5 lik linje med Jysk, holder m\u00f8belgiganten Ikea ogs\u00e5 sine varehus stengt p\u00e5 julaften.<\/p>\n<p>&#8211;\u00a0Vi \u00f8nsker at medarbeiderne v\u00e5re skal tilbringe kvalitetstid med familie og venner p\u00e5 denne dagen, sier\u00a0pressevakt Alexandra Marie Engvold Backstr\u00f6m til DinSide.<\/p>\n<p>        <img loading=\"lazy\" decoding=\"async\" itemprop=\"image\" src=\"https:\/\/www.europesays.com\/no\/wp-content\/uploads\/2025\/12\/83932122.webp\" width=\"180\" height=\"180\" alt=\"Alexandra Marie Engvold Backstr\u00f6m\"\/><\/p>\n<p>            Alexandra Marie Engvold Backstr\u00f6m<br \/>\n            Alexandra Marie<br \/>\n            Engvold Backstr\u00f6m        <\/p>\n<p>        Pressekontakt i Ikea Norge<\/p>\n<p>Foto: Ikea<\/p>\n<p>Siste frist for \u00e5 handle p\u00e5 en Ikea-butikk f\u00f8r julaften, er klokka 18 dagen f\u00f8r. Nettbutikken holder imidlertid alltid \u00e5pent.<\/p>\n<p>&#8211; Men \u00f8nsker du levering f\u00f8r jul anbefaler vi \u00e5 bestille i god tid, r\u00e5der Backstr\u00f6m og oppfordrer kundene til \u00e5 v\u00e6re ute i god tid.<\/p>\n<p>    <a itemprop=\"url\" href=\"https:\/\/dinside.dagbladet.no\/fritid\/sjekk-dette-na\/83841626\" rel=\"nofollow noopener\" target=\"_blank\"><\/p>\n<p>      <img loading=\"lazy\" decoding=\"async\" src=\"https:\/\/www.europesays.com\/no\/wp-content\/uploads\/2025\/12\/1764918912_199_83902475.webp\" width=\"980\" height=\"441\" title=\"Sjekk dette n\u00e5\" alt=\"\" class=\"lazyload\" style=\"--aspect-ratio-image: 2.22; \"\/><\/p>\n<p>        Sjekk dette n\u00e5<\/p>\n<p>    <\/a><\/p>\n<p>Disse holder \u00e5pent\t<\/p>\n<p>Europris holder derimot \u00e5pent &#8211; fra klokka 09 til 13.<\/p>\n<p>&#8211; Vi h\u00e5per folk bes\u00f8ker oss, sier Anneli Setalo, som er kommunikasjonssjef i Europris, til DinSide.<\/p>\n<p>        <img loading=\"lazy\" decoding=\"async\" itemprop=\"image\" src=\"https:\/\/www.europesays.com\/no\/wp-content\/uploads\/2025\/12\/83932332.webp\" width=\"180\" height=\"180\" alt=\"Anneli Setalo\"\/><\/p>\n<p>            Anneli Setalo<br \/>\n            Anneli<br \/>\n            Setalo        <\/p>\n<p>        Kommunikasjonssjef i Europris<\/p>\n<p>Foto: Europris<\/p>\n<p>Det er ikke bare Europris som holder \u00e5pent p\u00e5 julaften. Du kan ogs\u00e5 handle noen siste liten-gaver hos Rusta.\u00a0<\/p>\n<p>I s\u00e5 fall b\u00f8r du v\u00e6re obs p\u00e5 \u00e5pningstidene, som kan v\u00e6re ulike fra varehus til varehus.<\/p>\n<p>&#8211;\u00a0Vi \u00f8nsker \u00e5 m\u00f8te behovet kundene v\u00e5re har for \u00e5 handle tett opp mot julefeiringen, siden f\u00f8rjulstida er hektisk for mange, forteller Lena Nyg\u00e5rd, som er\u00a0markedsansvarlig i Rusta, til DinSide.<\/p>\n<p>        Tips oss<\/p>\n<p class=\"subtitle\">Har du innspill til saker om dagligvarepriser, sparing eller skatt? Send oss et tips! \ud83d\udcb0<\/p>\n","protected":false},"excerpt":{"rendered":"\u00c5pningstider jula 2025: Skal du rekke \u00e5 kj\u00f8pe de siste julegavene f\u00f8r h\u00f8ytida senker seg, b\u00f8r du planlegge&hellip;\n","protected":false},"author":2,"featured_media":104690,"comment_status":"","ping_status":"","sticky":false,"template":"","format":"standard","meta":{"footnotes":""},"categories":[56],"tags":[13137,60,61,7368,5593,9247,62,30,28,29,572],"class_list":{"0":"post-104689","1":"post","2":"type-post","3":"status-publish","4":"format-standard","5":"has-post-thumbnail","7":"category-naeringsliv","8":"tag-apningstider","9":"tag-business","10":"tag-economy","11":"tag-ikea","12":"tag-jul","13":"tag-jysk","14":"tag-naeringsliv","15":"tag-no","16":"tag-norge","17":"tag-norway","18":"tag-okonomi"},"share_on_mastodon":{"url":"https:\/\/pubeurope.com\/@no\/115665733456493618","error":""},"_links":{"self":[{"href":"https:\/\/www.europesays.com\/no\/wp-json\/wp\/v2\/posts\/104689","targetHints":{"allow":["GET"]}}],"collection":[{"href":"https:\/\/www.europesays.com\/no\/wp-json\/wp\/v2\/posts"}],"about":[{"href":"https:\/\/www.europesays.com\/no\/wp-json\/wp\/v2\/types\/post"}],"author":[{"embeddable":true,"href":"https:\/\/www.europesays.com\/no\/wp-json\/wp\/v2\/users\/2"}],"replies":[{"embeddable":true,"href":"https:\/\/www.europesays.com\/no\/wp-json\/wp\/v2\/comments?post=104689"}],"version-history":[{"count":0,"href":"https:\/\/www.europesays.com\/no\/wp-json\/wp\/v2\/posts\/104689\/revisions"}],"wp:featuredmedia":[{"embeddable":true,"href":"https:\/\/www.europesays.com\/no\/wp-json\/wp\/v2\/media\/104690"}],"wp:attachment":[{"href":"https:\/\/www.europesays.com\/no\/wp-json\/wp\/v2\/media?parent=104689"}],"wp:term":[{"taxonomy":"category","embeddable":true,"href":"https:\/\/www.europesays.com\/no\/wp-json\/wp\/v2\/categories?post=104689"},{"taxonomy":"post_tag","embeddable":true,"href":"https:\/\/www.europesays.com\/no\/wp-json\/wp\/v2\/tags?post=104689"}],"curies":[{"name":"wp","href":"https:\/\/api.w.org\/{rel}","templated":true}]}}