{"id":104730,"date":"2025-12-05T08:02:13","date_gmt":"2025-12-05T08:02:13","guid":{"rendered":"https:\/\/www.europesays.com\/no\/104730\/"},"modified":"2025-12-05T08:02:13","modified_gmt":"2025-12-05T08:02:13","slug":"flere-barn-far-ikke-nodvendig-stotte-i-barnehagen","status":"publish","type":"post","link":"https:\/\/www.europesays.com\/no\/104730\/","title":{"rendered":"Flere barn f\u00e5r ikke n\u00f8dvendig st\u00f8tte i barnehagen"},"content":{"rendered":"\n<p class=\"_lead_o9xde_2 _lead_xtcu6_50 layout-component text-serif-m layout-normal text-serif-l layout-component layout-wide layout-padded _wide_17hqh_1 layout-padded\">Ny studie avsl\u00f8rer skjevheter i spesialpedagogisk st\u00f8tte til barn med vansker.<\/p>\n<p><img alt=\"Forskerne av studien etterlyser mer spesialpedagogisk kompetanse i barnehagen.\" class=\"_image_qp4xg_65 layout-component layout-wide\" data-fullscreen- data-track-element-type=\"Article image fullscreen\" data-track-name=\"ImageFullscreen\" fetchpriority=\"high\" decoding=\"sync\" loading=\"eager\" height=\"2917\" itemprop=\"image\"  src=\"https:\/\/www.europesays.com\/no\/wp-content\/uploads\/2025\/12\/39059d53-135c-4e75-a6a1-43e6d0f020b2\"  style=\"object-position:0% 0%\" width=\"4376\"\/>ETTERLYSES: Forskerne av studien etterlyser mer spesialpedagogisk kompetanse i barnehagen. Foto: H\u00e5kon Mosvold Larsen \/ NTB<\/p>\n<ul aria-hidden=\"true\" class=\"_images_1uft6_111\">\n<li><a class=\"_link_1uft6_116\" href=\"https:\/\/www.vg.no\/forfatter\/josefine-mikalsen-oeien\" style=\"z-index:2\" title=\"Josefine Mikalsen \u00d8ien\" rel=\"nofollow noopener\" target=\"_blank\"><img alt=\"Bilde av Josefine Mikalsen \u00d8ien\" class=\"_image_1uft6_93\" fetchpriority=\"low\" loading=\"lazy\" decoding=\"async\" itemprop=\"image\"  src=\"https:\/\/www.europesays.com\/no\/wp-content\/uploads\/2025\/12\/0eb14936-788c-4c75-9394-86a6ae70390d\"  width=\"480\"\/><\/a><\/li>\n<li><a class=\"_link_1uft6_116\" href=\"https:\/\/www.vg.no\/forfatter\/frank-ertesvaag\" style=\"z-index:1\" title=\"Frank Ertesv\u00e5g\" rel=\"nofollow noopener\" target=\"_blank\"><img alt=\"Bilde av Frank Ertesv\u00e5g\" class=\"_image_1uft6_93\" fetchpriority=\"low\" loading=\"lazy\" decoding=\"async\" itemprop=\"image\"  src=\"https:\/\/www.europesays.com\/no\/wp-content\/uploads\/2025\/12\/77e9adab-9419-475b-b494-fe98c1a693d1\"  width=\"480\"\/><\/a><\/li>\n<\/ul>\n<p> Oppdatert fredag 5. desember kl. 08:35    <\/p>\n<ul class=\"_list_o9xde_3 _list_64s2r_85 _unordered_o9xde_106 text-sans-m\">\n<li class=\"_item_o9xde_30\">Ny studie avsl\u00f8rer at mange barn med tydelige vansker ikke f\u00e5r n\u00f8dvendig spesialpedagogisk st\u00f8tte.<\/li>\n<li class=\"_item_o9xde_30\">Barn med spr\u00e5kvansker utgj\u00f8r den st\u00f8rste gruppen som f\u00e5r st\u00f8tte, men f\u00e5r f\u00e6rre timer.<\/li>\n<li class=\"_item_o9xde_30\">Barn med atferds- og oppmerksomhetsvansker har lavest sannsynlighet for \u00e5 f\u00e5 ekstra st\u00f8tte.<\/li>\n<li class=\"_item_o9xde_30\">Forskerne etterlyser mer spesialpedagogisk kompetanse i barnehagene.<\/li>\n<\/ul>\n<p>Vis mer <\/p>\n<p class=\"_paragraph_o9xde_4 _paragraph_xtcu6_10 layout-component text-serif-m layout-normal text-serif-m layout-padded\"><strong class=\"_strong_o9xde_25\">\u2013 Det mest oppsiktsvekkende er hvor mange barn som har tydelige vansker, men som likevel ikke f\u00e5r hjelp. <\/strong><\/p>\n<p class=\"_paragraph_o9xde_4 _paragraph_xtcu6_10 layout-component text-serif-m layout-normal text-serif-m layout-padded\">Det sier forsker Louie Lei Wang ved Institutt for spesialpedagogikk, ved Universitet i <a href=\"https:\/\/www.vg.no\/tag\/oslo?utm_source=vg-article&amp;utm_medium=auto-tagger&amp;utm_campaign=y5vRgJ\" class=\"_link_o9xde_39\" rel=\"nofollow noopener\" target=\"_blank\">Oslo<\/a>, i en pressemelding. <\/p>\n<p class=\"_paragraph_o9xde_4 _paragraph_xtcu6_10 layout-component text-serif-m layout-normal text-serif-m layout-padded\">Den fersken <a href=\"https:\/\/www.sciencedirect.com\/science\/article\/pii\/S0885200625001000\" class=\"_link_o9xde_39\" rel=\"nofollow noopener\" target=\"_blank\">studien<\/a> tar for seg hvilke utfordringer som har \u00f8kt sannsynligheten for \u00e5 f\u00e5 spesialpedagogisk assistanse. I tillegg unders\u00f8ker den hvor mange timer med st\u00f8tte barna f\u00e5r. <\/p>\n<p class=\"_paragraph_o9xde_4 _paragraph_xtcu6_10 layout-component text-serif-m layout-normal text-serif-m layout-padded\">Studien bygger p\u00e5 data fra over 41 000 fem\u00e5ringer fra Mor, far og barn-unders\u00f8kelsen, MoBa.<\/p>\n<p class=\"_paragraph_o9xde_4 _paragraph_xtcu6_10 layout-component text-serif-m layout-normal text-serif-m layout-padded\">Det er SpedAims, Senter for spesialpedagogisk forskning og inkludering, som st\u00e5r bak forskningen.<\/p>\n<p> Prioriteres \u2013 men f\u00e5r minst tid<\/p>\n<p class=\"_paragraph_o9xde_4 _paragraph_xtcu6_10 layout-component text-serif-m layout-normal text-serif-m layout-padded\">I studien kommer det frem at barn med spr\u00e5kvansker er den st\u00f8rste gruppen som f\u00e5r spesialpedagogisk st\u00f8tte. Denne gruppen utgjorde hele 35 prosent av barna som mottok hjelp.<\/p>\n<p class=\"_paragraph_o9xde_4 _paragraph_xtcu6_10 layout-component text-serif-m layout-normal text-serif-m layout-padded\">Forskeren begrunner det med at norske barnehager vektlegger spr\u00e5k og inkludering. Han forklarer at det finnes mange kartleggingsverkt\u00f8y for spr\u00e5k, men f\u00e5 for atferd og andre utviklingsomr\u00e5der. <\/p>\n<p class=\"_paragraph_o9xde_4 _paragraph_xtcu6_10 layout-component text-serif-m layout-normal text-serif-m layout-padded\">Likevel viser studien at barn med spr\u00e5kvansker f\u00e5r f\u00e6rre timer enn barn med andre vansker. <\/p>\n<p class=\"_paragraph_o9xde_4 _paragraph_xtcu6_10 layout-component text-serif-m layout-normal text-serif-m layout-padded\">\u2013 Antallet barn med spr\u00e5kvansker er stort, og antallet spesialpedagoger er begrenset, forteller Wang.<\/p>\n<p> Kombinerte vansker f\u00e5r mest st\u00f8tte<\/p>\n<p class=\"_paragraph_o9xde_4 _paragraph_xtcu6_10 layout-component text-serif-m layout-normal text-serif-m layout-padded\">Omtrent ni av ti barn med spr\u00e5k- og utviklingsvansker f\u00e5r st\u00f8tte. De har ogs\u00e5 st\u00f8rst sjans for \u00e5 f\u00e5 hjelp, if\u00f8lge studien. <\/p>\n<p class=\"_paragraph_o9xde_4 _paragraph_xtcu6_10 layout-component text-serif-m layout-normal text-serif-m layout-padded\">\u2013 Disse barna har ofte mer alvorlige vansker, og funnene viser at PP-tjenestenePP-tjenestenePedagogisk-psykologisk tjeneste (PP-tjenesten) er en kommunal tjeneste som gir r\u00e5d og veiledning til skoler og barnehager om barn med spesielle behov. tar hensyn til alvorlighetsgrad n\u00e5r de prioriterer det, forklarer Wang. <\/p>\n<p> Kan bli oversett<\/p>\n<p class=\"_paragraph_o9xde_4 _paragraph_xtcu6_10 layout-component text-serif-m layout-normal text-serif-m layout-padded\">P\u00e5 den andre siden er det barn med atferds- eller oppmerksomhetsvansker som har lavest sannsynlighet for \u00e5 f\u00e5 ekstra st\u00f8tte.<\/p>\n<p class=\"_paragraph_o9xde_4 _paragraph_xtcu6_10 layout-component text-serif-m layout-normal text-serif-m layout-padded\">If\u00f8lge Wang kan selve barnehagekulturen bidra til at slike vansker forblir skjult.<\/p>\n<p class=\"_paragraph_o9xde_4 _paragraph_xtcu6_10 layout-component text-serif-m layout-normal text-serif-m layout-padded\">\u2013 Den lekbaserte, barneorienterte praksisen i norske barnehager kan faktisk maskere atferdsproblemer. Sm\u00e5 barn er ikke ferdig utviklet n\u00e5r det gjelder oppmerksomhet og selvregulering, forklarer han.<\/p>\n<p class=\"_paragraph_o9xde_4 _paragraph_xtcu6_10 layout-component text-serif-m layout-normal text-serif-m layout-padded\">\u2013 Det kan v\u00e6re vanskelig \u00e5 skille mellom barn som bare er umodne og barn som har mer alvorlige vansker, legger forskeren til.<\/p>\n<p class=\"_paragraph_o9xde_4 _paragraph_xtcu6_10 layout-component text-serif-m layout-normal text-serif-m layout-padded\">Han forklarer at det finnes f\u00e5 gode og brukervennlige kartleggingsverkt\u00f8y for barns atferd i barnehagealderen. <\/p>\n<p class=\"_paragraph_o9xde_4 _paragraph_xtcu6_10 layout-component text-serif-m layout-normal text-serif-m layout-padded\">\u2013 Alt dette gj\u00f8r at barn med atferdsvansker lettere blir oversett, avslutter Wang.<\/p>\n<p> Behov for styrking av tidlig innsats<\/p>\n<p class=\"_paragraph_o9xde_4 _paragraph_xtcu6_10 layout-component text-serif-m layout-normal text-serif-m layout-padded\">Forskerne bak studien mener Norge m\u00e5 satse mer p\u00e5 spesialpedagogisk kompetanse i barnehagen, flere spesialpedagoger og klarere retningslinjer for kartlegging og oppf\u00f8lging. <\/p>\n<p class=\"_paragraph_o9xde_4 _paragraph_xtcu6_10 layout-component text-serif-m layout-normal text-serif-m layout-padded\"><strong class=\"_strong_o9xde_25\">\u2013 Mange barnehagel\u00e6rere f\u00e5r lite undervisning i spesialpedagogikk i utdanningen. \u00c5 inkludere mer kunnskap om vurdering og tidlig innsats i barnehagel\u00e6rerutdanningen er en god start, forklarer Wang. <\/strong><\/p>\n<p class=\"_paragraph_o9xde_4 _paragraph_xtcu6_10 layout-component text-serif-m layout-normal text-serif-m layout-padded\">Han understreker at det er behov for \u00e5 gjennomg\u00e5 det spesialpedagogiske systemet. <\/p>\n<p class=\"_paragraph_o9xde_4 _paragraph_xtcu6_10 layout-component text-serif-m layout-normal text-serif-m layout-padded\">\u2013 Systemet er sv\u00e6rt kostbart, men spesielt i skolen ser det ikke ut til at vi greier \u00e5 implementere dette p\u00e5 en m\u00e5te som gir gode effekter, forklarer forskeren.<\/p>\n<p class=\"_paragraph_o9xde_4 _paragraph_xtcu6_10 layout-component text-serif-m layout-normal text-serif-m layout-padded\">\u2013 I barnehagen har spesialpedagogisk hjelp til dels gode effekter, men det er f\u00e5 barn som f\u00e5r dette tilbudet, avslutter Wang. <\/p>\n","protected":false},"excerpt":{"rendered":"Ny studie avsl\u00f8rer skjevheter i spesialpedagogisk st\u00f8tte til barn med vansker. ETTERLYSES: Forskerne av studien etterlyser mer spesialpedagogisk&hellip;\n","protected":false},"author":2,"featured_media":104731,"comment_status":"","ping_status":"","sticky":false,"template":"","format":"standard","meta":{"footnotes":""},"categories":[10],"tags":[2254,20,21,24,25,8350,15,22,23,13,30,28,29,14,2208,636,16,805,13142,3897,26,27,1086,1995],"class_list":{"0":"post-104730","1":"post","2":"type-post","3":"status-publish","4":"format-standard","5":"has-post-thumbnail","7":"category-norge","8":"tag-barnehager","9":"tag-breaking-news","10":"tag-breakingnews","11":"tag-featured-news","12":"tag-featurednews","13":"tag-forsker","14":"tag-headlines","15":"tag-latest-news","16":"tag-latestnews","17":"tag-news","18":"tag-no","19":"tag-norge","20":"tag-norway","21":"tag-nyheter","22":"tag-oppvekst","23":"tag-oslo","24":"tag-overskrifter","25":"tag-skole-og-utdanning","26":"tag-spesialpedagogikk","27":"tag-studier","28":"tag-top-stories","29":"tag-topstories","30":"tag-universitet","31":"tag-vghelseoglivet"},"share_on_mastodon":{"url":"https:\/\/pubeurope.com\/@no\/115665918182164344","error":""},"_links":{"self":[{"href":"https:\/\/www.europesays.com\/no\/wp-json\/wp\/v2\/posts\/104730","targetHints":{"allow":["GET"]}}],"collection":[{"href":"https:\/\/www.europesays.com\/no\/wp-json\/wp\/v2\/posts"}],"about":[{"href":"https:\/\/www.europesays.com\/no\/wp-json\/wp\/v2\/types\/post"}],"author":[{"embeddable":true,"href":"https:\/\/www.europesays.com\/no\/wp-json\/wp\/v2\/users\/2"}],"replies":[{"embeddable":true,"href":"https:\/\/www.europesays.com\/no\/wp-json\/wp\/v2\/comments?post=104730"}],"version-history":[{"count":0,"href":"https:\/\/www.europesays.com\/no\/wp-json\/wp\/v2\/posts\/104730\/revisions"}],"wp:featuredmedia":[{"embeddable":true,"href":"https:\/\/www.europesays.com\/no\/wp-json\/wp\/v2\/media\/104731"}],"wp:attachment":[{"href":"https:\/\/www.europesays.com\/no\/wp-json\/wp\/v2\/media?parent=104730"}],"wp:term":[{"taxonomy":"category","embeddable":true,"href":"https:\/\/www.europesays.com\/no\/wp-json\/wp\/v2\/categories?post=104730"},{"taxonomy":"post_tag","embeddable":true,"href":"https:\/\/www.europesays.com\/no\/wp-json\/wp\/v2\/tags?post=104730"}],"curies":[{"name":"wp","href":"https:\/\/api.w.org\/{rel}","templated":true}]}}