{"id":104736,"date":"2025-12-05T08:11:10","date_gmt":"2025-12-05T08:11:10","guid":{"rendered":"https:\/\/www.europesays.com\/no\/104736\/"},"modified":"2025-12-05T08:11:10","modified_gmt":"2025-12-05T08:11:10","slug":"et-av-de-storste-talentene-pa-mange-ar","status":"publish","type":"post","link":"https:\/\/www.europesays.com\/no\/104736\/","title":{"rendered":"\u2013 Et av de st\u00f8rste talentene p\u00e5 mange \u00e5r"},"content":{"rendered":"\n<p class=\"_lead_o9xde_2 _lead_xtcu6_50 layout-component text-serif-m layout-normal text-serif-l layout-component layout-wide layout-padded _wide_17hqh_1 layout-padded\">Han har ikke g\u00e5tt ett eneste verdenscuprenn. Likevel er flere fulle av begeistring for Lars Heggen (20).<\/p>\n<p><img alt=\"Lars Heggen blir intervjuet utenfor landslagets sm\u00f8retrailer torsdag. Foto: Geir Olsen \/ NTB\" class=\"_image_qp4xg_65 layout-component layout-wide\" data-fullscreen- data-track-element-type=\"Article image fullscreen\" data-track-name=\"ImageFullscreen\" fetchpriority=\"high\" decoding=\"sync\" loading=\"eager\" height=\"5464\" itemprop=\"image\"  src=\"https:\/\/www.europesays.com\/no\/wp-content\/uploads\/2025\/12\/e4fbe8f7-be83-4678-af62-617e7c1ab513\"  style=\"object-position:0% 0%\" width=\"8192\"\/>Lars Heggen blir intervjuet utenfor landslagets sm\u00f8retrailer torsdag. Foto: Geir Olsen \/ NTB<\/p>\n<ul aria-hidden=\"true\" class=\"_images_1uft6_111\">\n<li><a class=\"_link_1uft6_116\" href=\"https:\/\/www.vg.no\/forfatter\/mikal-aaserud\" style=\"z-index:1\" title=\"Mikal Emil Aaserud\" rel=\"nofollow noopener\" target=\"_blank\"><img alt=\"Bilde av Mikal Emil Aaserud\" class=\"_image_1uft6_93\" fetchpriority=\"low\" loading=\"lazy\" decoding=\"async\" itemprop=\"image\"  src=\"https:\/\/www.europesays.com\/no\/wp-content\/uploads\/2025\/12\/1764922269_608_1f4bb18c-b7b1-46ba-9b49-79ae6afd7bbd\"  width=\"480\"\/><\/a><\/li>\n<\/ul>\n<p> Oppdatert fredag 5. desember kl. 08:46    <\/p>\n<ul class=\"_list_o9xde_3 _list_64s2r_85 _unordered_o9xde_106 text-sans-m\">\n<li class=\"_item_o9xde_30\">Langrennstrener Eirik Myhr Nossum kaller Lars Heggen (20) et av de st\u00f8rste talentene p\u00e5 mange \u00e5r.<\/li>\n<li class=\"_item_o9xde_30\">Heggen har vunnet flere medaljer i junior-VM og seniorrenn.<\/li>\n<li class=\"_item_o9xde_30\">Fredagens sprintrenn blir hans debut i verdenscupen.<\/li>\n<li class=\"_item_o9xde_30\">Landslagsprofil Erik Valnes er ogs\u00e5 imponert og gleder seg til \u00e5 konkurrere mot Heggen.<\/li>\n<\/ul>\n<p>Vis mer <\/p>\n<p class=\"_paragraph_o9xde_4 _paragraph_xtcu6_10 layout-component text-serif-m layout-normal text-serif-m layout-padded\">Du har kanskje ikke h\u00f8rt om ham.<\/p>\n<p class=\"_paragraph_o9xde_4 _paragraph_xtcu6_10 layout-component text-serif-m layout-normal text-serif-m layout-padded\">Men det har langrennsmilj\u00f8et.<\/p>\n<p class=\"_paragraph_o9xde_4 _paragraph_xtcu6_10 layout-component text-serif-m layout-normal text-serif-m layout-padded\">\u2013 Et av de st\u00f8rste talentene p\u00e5 mange, mange \u00e5r, sier landslagstrener Eirik Myhr Nossum.<\/p>\n<p><img decoding=\"async\" alt=\"Bilde av Eirik Myhr Nossum\" class=\"_image_ygndg_42\" height=\"27\" itemprop=\"image\" loading=\"lazy\"  src=\"https:\/\/www.europesays.com\/no\/wp-content\/uploads\/2025\/12\/0d874bf6-527f-45df-a9b2-ee2572a9e640\"  width=\"40\"\/><strong class=\"_name_ygndg_51 title-serif-xs\">Eirik Myhr Nossum<\/strong><\/p>\n<p class=\"_paragraph_o9xde_4 text-sans-m _description_ygndg_56\">Landslagstrener<\/p>\n<p class=\"_paragraph_o9xde_4 _paragraph_xtcu6_10 layout-component text-serif-m layout-normal text-serif-m layout-padded\">\u2013 Det virker som han er god i alt. Det er en kar som kommer til \u00e5 etablere seg i verdenscupen ganske snart for han g\u00e5r fort i hvert skirenn han g\u00e5r, sier landslagsprofil Erik Valnes.<\/p>\n<ul class=\"_list_o9xde_3 _list_xtcu6_9 _unordered_o9xde_106 layout-component text-serif-m layout-normal text-serif-m layout-padded\">\n<li class=\"_item_o9xde_30\">Nossum setter Heggen og littlittFilip Skari er s\u00f8nn av den kjente langrennsl\u00f8peren Bente Skari. mer kjente og jevnaldrende Filip Skari likt p\u00e5 den samme listen etter prestasjonene duoen gjorde sist sesong.<\/li>\n<li class=\"_item_o9xde_30\">For Heggens del ble det to gull og ett s\u00f8lv i junior-VM sist vinter. Siden da har han ogs\u00e5 seire og pallplasseringer i Skandinavisk cup og norgescupSkandinavisk cup og norgescupSkandinavisk cup og norgescup regnes for \u00e5 v\u00e6re de to niv\u00e5ene under verdenscup..<\/li>\n<\/ul>\n<p class=\"_paragraph_o9xde_4 _paragraph_xtcu6_10 layout-component text-serif-m layout-normal text-serif-m layout-padded\">Emil Iversen sp\u00f8ker med hvordan han og landslagssjefen har skv\u00e6ret opp:<\/p>\n<p class=\"_paragraph_o9xde_4 _paragraph_xtcu6_10 layout-component text-serif-m layout-normal text-serif-m layout-padded\">Det g\u00e5r nemlig gjetord om de to ut\u00f8verne \u2013 og kanskje spesielt Heggen \u2013 som til daglig g\u00e5r for Team Aker D\u00e6hlie og trenes av <a href=\"https:\/\/www.vg.no\/tag\/mats-iversen?utm_source=vg-article&amp;utm_medium=auto-tagger&amp;utm_campaign=V6RbOr\" class=\"_link_o9xde_39\" rel=\"nofollow noopener\" target=\"_blank\">Mats Iversen<\/a>.<\/p>\n<p class=\"_paragraph_o9xde_4 _paragraph_xtcu6_10 layout-component text-serif-m layout-normal text-serif-m layout-padded\">\u2013 Han er sikkert den best trente f\u00f8rste\u00e5rsseniorenf\u00f8rste\u00e5rsseniorenI langrenn er du f\u00f8rste\u00e5rssenior det \u00e5ret du fyller 20. vi har hatt p\u00e5 ganske lenge. God p\u00e5 alt. Hurtig, bra motor, teknikk, bra i alle stilarter. Det er en vanvittig pakke, sier Mats Iversen.<\/p>\n<p class=\"_paragraph_o9xde_4 _paragraph_xtcu6_10 layout-component text-serif-m layout-normal text-serif-m layout-padded\">Iversen vil ogs\u00e5 trekke frem Heggens menneskelige egenskaper. Han mener 20-\u00e5ringen fra Harestua er en ekstremt god lagspiller.<\/p>\n<p><img decoding=\"async\" alt=\"Bilde av Mats Iversen\" class=\"_image_ygndg_42\" height=\"27\" itemprop=\"image\" loading=\"lazy\"  src=\"https:\/\/www.europesays.com\/no\/wp-content\/uploads\/2025\/12\/099a3f17-eb87-47e7-8681-6761243e99d6\"  width=\"40\"\/><strong class=\"_name_ygndg_51 title-serif-xs\">Mats Iversen<\/strong><\/p>\n<p class=\"_paragraph_o9xde_4 text-sans-m _description_ygndg_56\">Langrennstrener iTeam Aker D\u00e6hlie<\/p>\n<p class=\"_paragraph_o9xde_4 _paragraph_xtcu6_10 layout-component text-serif-m layout-normal text-serif-m layout-padded\">\u2013 Rent fysisk har vi ikke hatt noe bedre p\u00e5 mange \u00e5r. Bare Kl\u00e6bo og Northug har v\u00e6rt bedre niv\u00e5messig. I fjor vant Lars to seniorrenn som junior. Jeg kan ikke huske sist det skjedde p\u00e5 herresiden.<\/p>\n<p class=\"_paragraph_o9xde_4 _paragraph_xtcu6_10 layout-component text-serif-m layout-normal text-serif-m layout-padded\">\u2013 Det er store ord, det er artig og motiverende \u00e5 h\u00f8re, sier Heggen selv til VG etter torsdagens \u00f8kt i verdenscupl\u00f8ypene i Trondheim.<\/p>\n<p class=\"_paragraph_o9xde_4 _paragraph_xtcu6_10 layout-component text-serif-m layout-normal text-serif-m layout-padded\">For Johannes H\u00f8sflot Kl\u00e6bo handlet torsdagens m\u00f8te med media om noe annet enn sport:<\/p>\n<p class=\"_paragraph_o9xde_4 _paragraph_xtcu6_10 layout-component text-serif-m layout-normal text-serif-m layout-padded\">VG ber Nossum begrunne sin p\u00e5stand.<\/p>\n<p class=\"_paragraph_o9xde_4 _paragraph_xtcu6_10 layout-component text-serif-m layout-normal text-serif-m layout-padded\">\u2013 Heggen og Skari har flere bein \u00e5 st\u00e5 p\u00e5. De g\u00e5r fort i korte og lange l\u00f8p, i begge stilarter, som gj\u00f8r dem begge to til allroundere. Og s\u00e5 har de en spisskompetanse: De har stor fart i kroppen. De er veldig moderne i s\u00e5 m\u00e5te. S\u00e5 de er en del av den nye vinen.<\/p>\n<p class=\"_paragraph_o9xde_4 _paragraph_xtcu6_10 layout-component text-serif-m layout-normal text-serif-m layout-padded\">Fredagens sprintrenn blir Heggens f\u00f8rste m\u00f8te med internasjonal langrenn p\u00e5 toppniv\u00e5.<\/p>\n<p class=\"_paragraph_o9xde_4 _paragraph_xtcu6_10 layout-component text-serif-m layout-normal text-serif-m layout-padded\">Men 20-\u00e5ringen har aldri g\u00e5tt verdenscup.<\/p>\n<p class=\"_paragraph_o9xde_4 _paragraph_xtcu6_10 layout-component text-serif-m layout-normal text-serif-m layout-padded\"><strong class=\"_strong_o9xde_25\">\u2013 Hvordan blir det \u00e5 m\u00f8te Johannes Kl\u00e6bo og de st\u00f8rste stjernene?<\/strong><\/p>\n<p class=\"_paragraph_o9xde_4 _paragraph_xtcu6_10 layout-component text-serif-m layout-normal text-serif-m layout-padded\">\u2013 Det tror jeg blir j\u00e6klig g\u00f8y.<\/p>\n<p class=\"_paragraph_o9xde_4 _paragraph_xtcu6_10 layout-component text-serif-m layout-normal text-serif-m layout-padded\"><strong class=\"_strong_o9xde_25\">\u2013 Hvordan blir det for dem \u00e5 m\u00f8te deg?<\/strong><\/p>\n<p class=\"_paragraph_o9xde_4 _paragraph_xtcu6_10 layout-component text-serif-m layout-normal text-serif-m layout-padded\">\u2013 Jeg f\u00e5r h\u00e5pe det blir hardt for dem, sier Heggen og gliser.<\/p>\n<p class=\"_paragraph_o9xde_4 _paragraph_xtcu6_10 layout-component text-serif-m layout-normal text-serif-m layout-padded\">Slik gikk det sist helg da Kl\u00e6bo &amp; co. konkurrerte i klassisk sprint i verdenscupen:<\/p>\n<p class=\"_paragraph_o9xde_4 _paragraph_xtcu6_10 layout-component text-serif-m layout-normal text-serif-m layout-padded\">Erik Valnes gj\u00f8r det klart at han m\u00e5 vise Heggen hvor listen ligger i klassisk sprint.<\/p>\n<p class=\"_paragraph_o9xde_4 _paragraph_xtcu6_10 layout-component text-serif-m layout-normal text-serif-m layout-padded\">Valnes fremst\u00e5r n\u00e5 \u2013 sammen med Johannes H\u00f8sflot Kl\u00e6bo \u2013 som et av de sikreste kortene i den norske OL-troppen.<\/p>\n<p class=\"_paragraph_o9xde_4 _paragraph_xtcu6_10 layout-component text-serif-m layout-normal text-serif-m layout-padded\">\u2013 Plutselig har jeg blitt en gammel mann. Jeg m\u00e5 vise ham hvor listen ligger hvis han skal p\u00e5 en verdenscuppall.<\/p>\n<p class=\"_paragraph_o9xde_4 _paragraph_xtcu6_10 layout-component text-serif-m layout-normal text-serif-m layout-padded\">PS 1: Lars Heggen skal g\u00e5 alle distansene under verdenscupen i Trondheim.<\/p>\n<p class=\"_paragraph_o9xde_4 _paragraph_xtcu6_10 layout-component text-serif-m layout-normal text-serif-m layout-padded\">PS 2: Fredag er det klassisk sprint. Kvalifisering 09.45, utslagsrunder fra 12.15. L\u00f8rdag er det 20 kilometer med skibytte. S\u00f8ndag er det 10 kilometer fristil i individuell start. De tre rennene er viktige for alle er uttaksrenn til OL.<\/p>\n","protected":false},"excerpt":{"rendered":"Han har ikke g\u00e5tt ett eneste verdenscuprenn. Likevel er flere fulle av begeistring for Lars Heggen (20). Lars&hellip;\n","protected":false},"author":2,"featured_media":104737,"comment_status":"","ping_status":"","sticky":false,"template":"","format":"standard","meta":{"footnotes":""},"categories":[59],"tags":[398,13143,30,28,29,83,82,399],"class_list":{"0":"post-104736","1":"post","2":"type-post","3":"status-publish","4":"format-standard","5":"has-post-thumbnail","7":"category-sport","8":"tag-langrenn","9":"tag-mats-iversen","10":"tag-no","11":"tag-norge","12":"tag-norway","13":"tag-sport","14":"tag-sports","15":"tag-vintersport"},"share_on_mastodon":{"url":"https:\/\/pubeurope.com\/@no\/115665953508873215","error":""},"_links":{"self":[{"href":"https:\/\/www.europesays.com\/no\/wp-json\/wp\/v2\/posts\/104736","targetHints":{"allow":["GET"]}}],"collection":[{"href":"https:\/\/www.europesays.com\/no\/wp-json\/wp\/v2\/posts"}],"about":[{"href":"https:\/\/www.europesays.com\/no\/wp-json\/wp\/v2\/types\/post"}],"author":[{"embeddable":true,"href":"https:\/\/www.europesays.com\/no\/wp-json\/wp\/v2\/users\/2"}],"replies":[{"embeddable":true,"href":"https:\/\/www.europesays.com\/no\/wp-json\/wp\/v2\/comments?post=104736"}],"version-history":[{"count":0,"href":"https:\/\/www.europesays.com\/no\/wp-json\/wp\/v2\/posts\/104736\/revisions"}],"wp:featuredmedia":[{"embeddable":true,"href":"https:\/\/www.europesays.com\/no\/wp-json\/wp\/v2\/media\/104737"}],"wp:attachment":[{"href":"https:\/\/www.europesays.com\/no\/wp-json\/wp\/v2\/media?parent=104736"}],"wp:term":[{"taxonomy":"category","embeddable":true,"href":"https:\/\/www.europesays.com\/no\/wp-json\/wp\/v2\/categories?post=104736"},{"taxonomy":"post_tag","embeddable":true,"href":"https:\/\/www.europesays.com\/no\/wp-json\/wp\/v2\/tags?post=104736"}],"curies":[{"name":"wp","href":"https:\/\/api.w.org\/{rel}","templated":true}]}}