{"id":104743,"date":"2025-12-05T08:17:36","date_gmt":"2025-12-05T08:17:36","guid":{"rendered":"https:\/\/www.europesays.com\/no\/104743\/"},"modified":"2025-12-05T08:17:36","modified_gmt":"2025-12-05T08:17:36","slug":"lanserer-billigste-tesla-noensinne","status":"publish","type":"post","link":"https:\/\/www.europesays.com\/no\/104743\/","title":{"rendered":"Lanserer billigste Tesla noensinne"},"content":{"rendered":"<p>(Elbil24): Tesla-salget g\u00e5r s\u00e5 det griner i Norge om dagen, og n\u00e5 tar markedslederen ytterligere<br \/>\ngrep for \u00e5 stikke kjepper i hjula p\u00e5 konkurrentene. Det gj\u00f8r de ved \u00e5 lansere en<br \/>\nny og langt rimeligere versjon av Model 3, uten at mange vil f\u00f8le at de g\u00e5r<br \/>\nglipp av mye av den grunn.<\/p>\n<p>Nykommeren heter enkelt og greit Tesla Model 3 Standard og er en nedtonet<br \/>\nutgave, men har fortsatt de viktigste ingrediensene man kjenner fra Tesla. <\/p>\n<p>Model 3 har i<br \/>\nflere \u00e5r v\u00e6rt en godt solgt modell her til lands, og gjennom \u00e5rene har<br \/>\ndet blitt registrert rundt 55.000 Model 3 her til lands. Med den nye Standard-modellen forteller<br \/>\nTesla at de \u00f8nsker \u00e5 utvide m\u00e5lgruppen ytterligere, noe<br \/>\nde gj\u00f8r med pris som virkemiddel.\u00a0<\/p>\n<p class=\"font-weight-bold m-font-weight-bold\" data-lab-font_weight=\"font-weight-bold\">Bilen<br \/>\nskal v\u00e6re billigere, men samtidig beholde mest mulig av det kunder forbinder<br \/>\nmed merket.<\/p>\n<p>Tesla legger vekt<br \/>\np\u00e5 at ogs\u00e5 denne varianten skal<br \/>\nha en effektiv drivlinje, nok<br \/>\nkrefter, h\u00f8y sikkerhet og samme karakteristiske opplevelse med programvaren, som har v\u00e6rt en av<br \/>\nderes styrker, i form av god app for mobiltelefonen og det som befinner seg p\u00e5<br \/>\nskjermen i selve bilen. <\/p>\n<p>    <a itemprop=\"url\" href=\"https:\/\/www.elbil24.no\/nyheter\/hevder-tesla-gjor-helomvending\/83851714\" rel=\"nofollow noopener\" target=\"_blank\"><\/p>\n<p>      <img loading=\"lazy\" decoding=\"async\" src=\"https:\/\/www.europesays.com\/no\/wp-content\/uploads\/2025\/12\/83852529.webp\" width=\"980\" height=\"441\" title=\"Hevder Tesla kan gj\u00f8re det utenkelige\" alt=\"\" class=\"lazyload\" style=\"--aspect-ratio-image: 2.22; \"\/><\/p>\n<p>        Hevder Tesla kan gj\u00f8re det utenkelige<\/p>\n<p>    <\/a><\/p>\n<p>Forbruket teller\t<\/p>\n<p>En fellesnevner de fleste er opptatt av er naturligvis<br \/>\nrekkevidden. I Model 3, som alle andre biler, er den et resultat av forbruket,<br \/>\nsom i Standard-utgaven skal v\u00e6re veldig lavt. Tesla oppgir 1,3 kWh<br \/>\np\u00e5 mila etter WLTP-normen, noe som m\u00e5 sies \u00e5 v\u00e6re godt nede i det lavere<br \/>\nsjiktet. <\/p>\n<p>Tesla er sjelden villig til \u00e5 snakke om batterikapasiteter,<br \/>\nmen med dette forbruket skal bilen klare en rekkevidde p\u00e5 534 kilometer, alts\u00e5<br \/>\ni overkant av 53 mil \u2013 og fortsatt etter WLTP-metoden. Skulle du trenge ytterligere rekkevidde, s\u00e5 har<br \/>\ndu enkel tilgang til ladenettverket deres, med n\u00e6rmere 20.000 ladere fordelt<br \/>\nover hele Europa. <\/p>\n<p>Selv om dette er<br \/>\nbilligste utgave, har den fortsatt sv\u00e6rt akseptable ytelser \u00e5 vise til,<br \/>\nmed en akselerasjon fra 0 til 100<br \/>\nkm\/t p\u00e5 6,2 sekunder, eksempelvis.<\/p>\n<p>Noe av det som kjennetegner en Tesla er ogs\u00e5 lave<br \/>\neierkostnader. De har ingen faste serviceintervaller som koster penger. Du f\u00e5r<br \/>\nbeskjed av bilen dersom det feiler den noe, og skulle du finne noe selv, s\u00e5<br \/>\nbestiller du time til service i appen. Er det mindre ting, s\u00e5 <a href=\"https:\/\/www.elbil24.no\/nyheter\/her-kommer-verkstedet-til-deg\/82509638\" rel=\"nofollow noopener\" target=\"_blank\">kommer de hjem<br \/>\ntil deg<\/a> &#8211; eller p\u00e5 jobben \u2013 for \u00e5 fikse n\u00e5r du ikke bruker bilen. <\/p>\n<p>          <img loading=\"lazy\" decoding=\"async\" src=\"https:\/\/www.europesays.com\/no\/wp-content\/uploads\/2025\/12\/83941269.webp\" width=\"686\" height=\"392\" title=\"Black-Out: Legg merke til at alle detaljer er sorte, inkludert logoer og lister. Foto: Tesla\" alt=\"\" class=\"\" style=\"--aspect-ratio-image: 1.75; \"\/><\/p>\n<p>\n          Black-Out: Legg merke til at alle detaljer er sorte, inkludert logoer og lister. Foto: Tesla\n      <\/p>\n<p>Godt utstyrt<\/p>\n<p>Av utstyr er det fortsatt mye godsaker igjen, og bilen<br \/>\nfremst\u00e5r relativt godt utstyrt, selv om den er gjort rimeligere. <\/p>\n<p>Bilen st\u00e5r eksempelvis p\u00e5 et sett 18&#8243; Prismata-felger, nytt<br \/>\ndesign for anledningen, og disse er med p\u00e5 \u00e5 bidra til lavt energiforbruk. <\/p>\n<p>Utover dette har bilen Autopilot som standard og er<br \/>\nklargjort for mer avanserte systemer for senere bruk. Den har adaptive<br \/>\nLED-frontlys med autodimming, og den har blinklyshendel, noe som har v\u00e6rt et<br \/>\ndiskusjonstema ved enkelte modeller. <\/p>\n<p class=\"font-weight-bold m-font-weight-bold\" data-lab-font_weight=\"font-weight-bold\">Du f\u00e5r ogs\u00e5 appstyringen, med justering av klimaanlegg,<br \/>\ndog-mode, Sentry-mode kameraopptak, og du kan spille en rekke spill mens du<br \/>\nlader, eller annet.\u00a0<\/p>\n<p>    <a itemprop=\"url\" href=\"https:\/\/www.elbil24.no\/nyheter\/vi-har-kjort-nye-og-billigste-model-y-mye-a-spare\/83845349\" rel=\"nofollow noopener\" target=\"_blank\"><\/p>\n<p>      <img loading=\"lazy\" decoding=\"async\" src=\"https:\/\/www.europesays.com\/no\/wp-content\/uploads\/2025\/12\/1764922655_232_83847719.webp\" width=\"980\" height=\"441\" title=\"Vi har kj\u00f8rt nye og billigste Model Y: - Mye \u00e5 spare\" alt=\"\" class=\"lazyload\" style=\"--aspect-ratio-image: 2.22; \"\/><\/p>\n<p>        Vi har kj\u00f8rt nye og billigste Model Y: &#8211; Mye \u00e5 spare<\/p>\n<p>    <\/a><\/p>\n<p>Programvaren oppdateres s\u00e5kalt OTA (Over The Air), og du<br \/>\nkan bruke talekommandoer for de fleste viktige funksjoner. Du vil med andre ord<br \/>\nikke mangle noe spesielt. <\/p>\n<p>Innvendig har Tesla beholdt glasstaket, du har elektriske<br \/>\nforseter med varme, to tr\u00e5dl\u00f8se ladeplater for mobiltelefon, og fire USB-C<br \/>\nporter. <\/p>\n<p>Samtidig er bilen som alle andre Model 3 n\u00e5r det gjelder<br \/>\ndet praktiske, med et bagasjerom p\u00e5 594 liter n\u00e5r alle seter er i bruk, og opp<br \/>\nmot 1659 liter n\u00e5r baksetene er lagt ned. Bonus hos Tesla er frunken, som her<br \/>\ner p\u00e5 88 liter under panseret. Og jo da, selv hengerfeste kan du f\u00e5, og da<br \/>\ntrekke opp til 1 tonn. <\/p>\n<p>    <a itemprop=\"url\" href=\"https:\/\/www.elbil24.no\/nyheter\/storeslem-til-tesla-eier-ikke-skam\/83921318\" rel=\"nofollow noopener\" target=\"_blank\"><\/p>\n<p>      <img loading=\"lazy\" decoding=\"async\" src=\"https:\/\/www.europesays.com\/no\/wp-content\/uploads\/2025\/12\/83921701.webp\" width=\"980\" height=\"441\" title=\"Storeslem til Tesla\" alt=\"\" class=\"lazyload\" style=\"--aspect-ratio-image: 2.22; \"\/><\/p>\n<p>        Storeslem til Tesla<\/p>\n<p>    <\/a><\/p>\n<p>Og prisen? <\/p>\n<p>Vel, Tesla liker \u00e5 si at den skal koste 299.900 kroner<br \/>\npluss avgifter og vinterhjul. Vi velger \u00e5 oppgi den faktiske summen du m\u00e5<br \/>\nbetale, som er 330.056 kroner inklusive avgifter, eller 347.965 inkludert avgifter og vinterhjul. Det er 45\u00a0000 kroner mindre enn den bakhjulsdrevne modellen bilen erstatter, en pris som nylig ble justert opp med 20\u00a0000 kroner. Alts\u00e5 er den bare 25\u00a0000 kroner rimeligere enn det den forrige bakhjulsdrevne utgaven kostet for bare en m\u00e5ned siden.<\/p>\n<p>Samtidig kj\u00f8rer de en rentekampanje p\u00e5 1,99 prosent de<br \/>\nf\u00f8rste 36 m\u00e5nedene for de kundene som tar levering innen 31. mars i 2026.<br \/>\nUtregninger forteller i s\u00e5 m\u00e5te at du kan fullfinansiere bilen med vinterdekk mot en totalkostnad<br \/>\np\u00e5 3.290 kroner i m\u00e5neden, kun etter \u00e5 ha betalt et depositum p\u00e5 kr. 2.500 ved<br \/>\nbestilling. <\/p>\n<p>Dette m\u00e5 sies \u00e5 v\u00e6re et av de rimeligste bilholdene man kan<br \/>\nfinne p\u00e5 en kliss ny bil i dag, og vi tipper som sagt at en bil som dette vil gi<br \/>\nen kraftig boost i et allerede h\u00f8yt Tesla-salg.<\/p>\n<p>Derfor er den billigere<\/p>\n<p>Under har vi listet opp hva som skiller den fra long range-utgaven med bakhjulsdrift, som koster cirka 70\u00a0000 kroner mer:<\/p>\n<ul>\n<li class=\"lab-bodytext-line\">Rekkevidde: 534 km (750 km)<\/li>\n<li class=\"lab-bodytext-line\">0\u2013100 km\/t: 6,2 s (5,2 s)<\/li>\n<li class=\"lab-bodytext-line\">7 h\u00f8yttalere (9 p\u00e5 LR RWD, 15+2 p\u00e5 AWD-utgavene)<\/li>\n<li class=\"lab-bodytext-line\">Ingen 8-tommers ber\u00f8ringskjerm p\u00e5 andre rad<\/li>\n<li class=\"lab-bodytext-line\">Ingen stemningsbelysning innvendig<\/li>\n<li class=\"lab-bodytext-line\">Manuell rattjustering (elektrisk)<\/li>\n<li class=\"lab-bodytext-line\">Tekstildekor (mikrofiber\/skinn)<\/li>\n<li class=\"lab-bodytext-line\">Ingen varme i baksetet<\/li>\n<li class=\"lab-bodytext-line\">Ingen ventilasjon p\u00e5 f\u00f8rste rad<\/li>\n<li class=\"lab-bodytext-line\">Ingen automatisk dimmende sidespeil<\/li>\n<li class=\"lab-bodytext-line\">Passive st\u00f8tdempere (frekvensavhengige st\u00f8tdempere)<\/li>\n<\/ul>\n","protected":false},"excerpt":{"rendered":"(Elbil24): Tesla-salget g\u00e5r s\u00e5 det griner i Norge om dagen, og n\u00e5 tar markedslederen ytterligere grep for \u00e5&hellip;\n","protected":false},"author":2,"featured_media":104744,"comment_status":"","ping_status":"","sticky":false,"template":"","format":"standard","meta":{"footnotes":""},"categories":[5],"tags":[20,21,267,24,25,15,19,22,23,17,18,7936,13,30,28,29,14,16,13144,272,26,27],"class_list":{"0":"post-104743","1":"post","2":"type-post","3":"status-publish","4":"format-standard","5":"has-post-thumbnail","7":"category-overskrifter","8":"tag-breaking-news","9":"tag-breakingnews","10":"tag-elbil","11":"tag-featured-news","12":"tag-featurednews","13":"tag-headlines","14":"tag-hovedoppslag","15":"tag-latest-news","16":"tag-latestnews","17":"tag-main-news","18":"tag-mainnews","19":"tag-model-3","20":"tag-news","21":"tag-no","22":"tag-norge","23":"tag-norway","24":"tag-nyheter","25":"tag-overskrifter","26":"tag-standard","27":"tag-tesla","28":"tag-top-stories","29":"tag-topstories"},"share_on_mastodon":{"url":"https:\/\/pubeurope.com\/@no\/115665977083916285","error":""},"_links":{"self":[{"href":"https:\/\/www.europesays.com\/no\/wp-json\/wp\/v2\/posts\/104743","targetHints":{"allow":["GET"]}}],"collection":[{"href":"https:\/\/www.europesays.com\/no\/wp-json\/wp\/v2\/posts"}],"about":[{"href":"https:\/\/www.europesays.com\/no\/wp-json\/wp\/v2\/types\/post"}],"author":[{"embeddable":true,"href":"https:\/\/www.europesays.com\/no\/wp-json\/wp\/v2\/users\/2"}],"replies":[{"embeddable":true,"href":"https:\/\/www.europesays.com\/no\/wp-json\/wp\/v2\/comments?post=104743"}],"version-history":[{"count":0,"href":"https:\/\/www.europesays.com\/no\/wp-json\/wp\/v2\/posts\/104743\/revisions"}],"wp:featuredmedia":[{"embeddable":true,"href":"https:\/\/www.europesays.com\/no\/wp-json\/wp\/v2\/media\/104744"}],"wp:attachment":[{"href":"https:\/\/www.europesays.com\/no\/wp-json\/wp\/v2\/media?parent=104743"}],"wp:term":[{"taxonomy":"category","embeddable":true,"href":"https:\/\/www.europesays.com\/no\/wp-json\/wp\/v2\/categories?post=104743"},{"taxonomy":"post_tag","embeddable":true,"href":"https:\/\/www.europesays.com\/no\/wp-json\/wp\/v2\/tags?post=104743"}],"curies":[{"name":"wp","href":"https:\/\/api.w.org\/{rel}","templated":true}]}}