{"id":104749,"date":"2025-12-05T08:21:42","date_gmt":"2025-12-05T08:21:42","guid":{"rendered":"https:\/\/www.europesays.com\/no\/104749\/"},"modified":"2025-12-05T08:21:42","modified_gmt":"2025-12-05T08:21:42","slug":"okonomi-og-naeringsliv-nyheter-tor-instanes-har-valgt-a-fratre-som-administrerende-direktor-i-gc-rieber-eiendom","status":"publish","type":"post","link":"https:\/\/www.europesays.com\/no\/104749\/","title":{"rendered":"\u00d8konomi og n\u00e6ringsliv, Nyheter | Tor Instanes har valgt \u00e5 fratre som administrerende direkt\u00f8r i GC Rieber Eiendom."},"content":{"rendered":"\n<p><b>Instanes gir seg etter 13 \u00e5r som administrerende direkt\u00f8r og til sammen 24 \u00e5r i GC Rieber Eiendom.<\/b><\/p>\n<p>\u2013 Etter 24 spennende \u00e5r i samme bedrift, \u00f8nsker jeg n\u00e5 \u00e5 s\u00f8ke nye utfordringer. Det har v\u00e6rt b\u00e5de l\u00e6rerikt og spennende \u00e5 lede GC Rieber Eiendoms utvikling av sentrale eiendomsomr\u00e5der i Bergen sammen med dyktige kollegaer og visjon\u00e6re eiere, sier Tor Instanes i en pressemelding.<\/p>\n<p>Store prosjekter<\/p>\n<p>GC Rieber har st\u00e5tt bak en rekke profilerte byggeprosjekter i Bergen de siste \u00e5rene, blant annet store boligprosjekter og et nytt hotell og konferansesenter i Solheimsviken.<\/p>\n<p>Styreleder i GC Rieber AS, Paul Christian Rieber, fremhever rollen Instanes har hatt for b\u00e5de eiendomsselskapet og GC Rieber Gruppen:<\/p>\n<p>\u2013 Tor har gjennom mange \u00e5r gjort en formidabel innsats for \u00e5 utvikle GC Rieber Eiendom. Han har ledet selskapet gjennom en lang vekstperiode og v\u00e6rt en viktig bidragsyter til helheten i GC Rieber Gruppen. Personlig har jeg ogs\u00e5 hatt stor glede og nytte av dialogen med Tor. Jeg er takknemlig for arbeidet han har lagt ned, og \u00f8nsker ham alt godt videre.<\/p>\n<p>Hun overtar<\/p>\n<p>Styret i GC Rieber Eiendom har igangsatt et bredt s\u00f8k etter ny fast administrerende direkt\u00f8r.<\/p>\n<p><b>Inntil videre vil selskapets CFO, Bodil Valland Steinhaug, fungere som konstituert adm.direkt\u00f8r. <\/b><\/p>\n<p>  <a href=\"https:\/\/www.ba.no\/5-8-2698313\" class=\"related-teaser has-image default-opinion-teaser article--c-eRUmMG article--c-eRUmMG-jKCPdD-design-default\" rel=\"nofollow noopener\" target=\"_blank\"><\/p>\n<p>    <img decoding=\"async\" loading=\"lazy\"  src=\"https:\/\/www.europesays.com\/no\/wp-content\/uploads\/2025\/12\/BA81361.jpg\" alt=\"\" class=\"brick-c-cFOWSL\" style=\"\"\/><\/p>\n<p>\n            Les ogs\u00e5<\/p>\n<p>              Bergen blir aldri hovedstaden i Norge\n        <\/p>\n<p>  <\/a><\/p>\n<p>  <a href=\"https:\/\/www.ba.no\/5-8-3064281\" class=\"related-teaser has-image default-story-teaser article--c-eRUmMG article--c-eRUmMG-jKCPdD-design-default\" rel=\"nofollow noopener\" target=\"_blank\"><\/p>\n<p>    <img decoding=\"async\" loading=\"lazy\"  src=\"https:\/\/www.europesays.com\/no\/wp-content\/uploads\/2025\/12\/IMG_3407.jpg\" alt=\"\" class=\"brick-c-cFOWSL\" style=\"\"\/><\/p>\n<p>\n            Les ogs\u00e5<\/p>\n<p>              Advarer mot mystisk telefonsalg: \u2013 Sier de har kontor her, men ringer fra utlandet\n        <\/p>\n<p>  <\/a><\/p>\n<p>  <a href=\"https:\/\/www.ba.no\/5-8-2497083\" class=\"related-teaser has-image default-story-teaser article--c-eRUmMG article--c-eRUmMG-jKCPdD-design-default\" rel=\"nofollow noopener\" target=\"_blank\"><\/p>\n<p>    <img decoding=\"async\" loading=\"lazy\"  src=\"https:\/\/www.europesays.com\/no\/wp-content\/uploads\/2025\/12\/Marineholmen+2.jpg\" alt=\"\" class=\"brick-c-cFOWSL\" style=\"\"\/><\/p>\n<p>\n            Les ogs\u00e5<\/p>\n<p>              Fikk ikke flere p-plasser av Meyer: \u2013 Ikke vits med omkamper n\u00e5\n        <\/p>\n<p>  <\/a><\/p>\n","protected":false},"excerpt":{"rendered":"Instanes gir seg etter 13 \u00e5r som administrerende direkt\u00f8r og til sammen 24 \u00e5r i GC Rieber Eiendom.&hellip;\n","protected":false},"author":2,"featured_media":104750,"comment_status":"","ping_status":"","sticky":false,"template":"","format":"standard","meta":{"footnotes":""},"categories":[56],"tags":[36,60,61,13148,62,30,28,29,14,216,1510,13147],"class_list":{"0":"post-104749","1":"post","2":"type-post","3":"status-publish","4":"format-standard","5":"has-post-thumbnail","7":"category-naeringsliv","8":"tag-art","9":"tag-business","10":"tag-economy","11":"tag-gc-rieber","12":"tag-naeringsliv","13":"tag-no","14":"tag-norge","15":"tag-norway","16":"tag-nyheter","17":"tag-okonomi-og-naeringsliv","18":"tag-story","19":"tag-tor-instanes"},"share_on_mastodon":{"url":"https:\/\/pubeurope.com\/@no\/115665992768717593","error":""},"_links":{"self":[{"href":"https:\/\/www.europesays.com\/no\/wp-json\/wp\/v2\/posts\/104749","targetHints":{"allow":["GET"]}}],"collection":[{"href":"https:\/\/www.europesays.com\/no\/wp-json\/wp\/v2\/posts"}],"about":[{"href":"https:\/\/www.europesays.com\/no\/wp-json\/wp\/v2\/types\/post"}],"author":[{"embeddable":true,"href":"https:\/\/www.europesays.com\/no\/wp-json\/wp\/v2\/users\/2"}],"replies":[{"embeddable":true,"href":"https:\/\/www.europesays.com\/no\/wp-json\/wp\/v2\/comments?post=104749"}],"version-history":[{"count":0,"href":"https:\/\/www.europesays.com\/no\/wp-json\/wp\/v2\/posts\/104749\/revisions"}],"wp:featuredmedia":[{"embeddable":true,"href":"https:\/\/www.europesays.com\/no\/wp-json\/wp\/v2\/media\/104750"}],"wp:attachment":[{"href":"https:\/\/www.europesays.com\/no\/wp-json\/wp\/v2\/media?parent=104749"}],"wp:term":[{"taxonomy":"category","embeddable":true,"href":"https:\/\/www.europesays.com\/no\/wp-json\/wp\/v2\/categories?post=104749"},{"taxonomy":"post_tag","embeddable":true,"href":"https:\/\/www.europesays.com\/no\/wp-json\/wp\/v2\/tags?post=104749"}],"curies":[{"name":"wp","href":"https:\/\/api.w.org\/{rel}","templated":true}]}}