{"id":104762,"date":"2025-12-05T08:39:19","date_gmt":"2025-12-05T08:39:19","guid":{"rendered":"https:\/\/www.europesays.com\/no\/104762\/"},"modified":"2025-12-05T08:39:19","modified_gmt":"2025-12-05T08:39:19","slug":"karet-til-verdens-vakreste-museum-en-av-hovedattraksjonene-er-fra-sunnmore-2","status":"publish","type":"post","link":"https:\/\/www.europesays.com\/no\/104762\/","title":{"rendered":"K\u00e5ret til verdens vakreste museum \u2013 en av hovedattraksjonene er fra Sunnm\u00f8re"},"content":{"rendered":"<p>Arkitekturprisen deles ut i Unescos hovedkvarter i Paris og skal l\u00f8fte fram verdens beste samtidsprosjekter. Museumsdirekt\u00f8r Maria Mediaas J\u00f8rstad fryder seg over utdelingen.<\/p>\n<p>\u2013 Vi er overveldet glade og veldig stolte over denne anerkjennelsen! Det er stort \u00e5 v\u00e6re til stede i Paris, og vi er veldig glade for at arkitektene av Kunstsilo er med og feirer i kveld. Dette er deres pris, sier hun i en uttalelse til NTB.<\/p>\n<p>Kunstsiloen, som formelt heter Kunstsilo, ble \u00e5pnet i fjor. Museet huser 7500 kunstverk, blant dem oljefondssjef Nicolai Tangens samling. Tidligere i \u00e5r vant den det spanske arkitektforbundets prestisjetunge pris Premio Arquitectura Espa\u00f1ola.<\/p>\n<p>En norsk delegasjon p\u00e5 rundt ti personer er i Paris i forbindelse med utdelingen, blant dem Kristiansand-ordf\u00f8rer Mathias Bernander (H) og ambassader\u00e5d Rune Bj\u00e5stad. Bernander omtaler prisen som en \u00abutrolig anerkjennelse\u00bb.<\/p>\n<p>\u2013 Jeg er s\u00e5 stolt av byen v\u00e5r og alle som har bidratt p\u00e5 veien hit, sier han.<\/p>\n<p>En av hovedattraksjonene p\u00e5 museet er \u00e5lesunderen Marianne Heske sitt prosjekt \u00abGjerdel\u00f8a\u00bb. Les mer om Gjerdel\u00f8a i saken under:<\/p>\n<p><a href=\"https:\/\/www.smp.no\/reportasje\/i\/wg7r51\/dronninga-av-kunstsiloen-no-skal-ei-bronseloee-tilbake-til-tafjord\" rel=\"nofollow noopener\" target=\"_blank\"> <img decoding=\"async\" src=\"data:image\/gif;base64,R0lGODlhEAAJAIAAAP\/\/\/wAAACH5BAEAAAAALAAAAAAQAAkAAAIKhI+py+0Po5yUFQA7\" alt=\"\"\/>   Dronninga av kunst\u00adsiloen &#8211; no skal ei bronsel\u00f8e tilbake til Tafjord  <\/a> <img decoding=\"async\" src=\"data:image\/gif;base64,R0lGODlhEAAJAIAAAP\/\/\/wAAACH5BAEAAAAALAAAAAAQAAkAAAIKhI+py+0Po5yUFQA7\" alt=\"\"\/><br \/>\n  Gjerdel\u00f8a.<br \/>\n  <strong>Foto:<\/strong> Frode Berg<\/p>\n","protected":false},"excerpt":{"rendered":"Arkitekturprisen deles ut i Unescos hovedkvarter i Paris og skal l\u00f8fte fram verdens beste samtidsprosjekter. Museumsdirekt\u00f8r Maria Mediaas&hellip;\n","protected":false},"author":2,"featured_media":104453,"comment_status":"","ping_status":"","sticky":false,"template":"","format":"standard","meta":{"footnotes":""},"categories":[10],"tags":[20,21,24,25,15,331,8359,22,23,13,125,30,28,29,14,16,26,27],"class_list":{"0":"post-104762","1":"post","2":"type-post","3":"status-publish","4":"format-standard","5":"has-post-thumbnail","7":"category-norge","8":"tag-breaking-news","9":"tag-breakingnews","10":"tag-featured-news","11":"tag-featurednews","12":"tag-headlines","13":"tag-kristiansand","14":"tag-kunstsilo","15":"tag-latest-news","16":"tag-latestnews","17":"tag-news","18":"tag-nicolai-tangen","19":"tag-no","20":"tag-norge","21":"tag-norway","22":"tag-nyheter","23":"tag-overskrifter","24":"tag-top-stories","25":"tag-topstories"},"share_on_mastodon":{"url":"https:\/\/pubeurope.com\/@no\/115666063371815249","error":""},"_links":{"self":[{"href":"https:\/\/www.europesays.com\/no\/wp-json\/wp\/v2\/posts\/104762","targetHints":{"allow":["GET"]}}],"collection":[{"href":"https:\/\/www.europesays.com\/no\/wp-json\/wp\/v2\/posts"}],"about":[{"href":"https:\/\/www.europesays.com\/no\/wp-json\/wp\/v2\/types\/post"}],"author":[{"embeddable":true,"href":"https:\/\/www.europesays.com\/no\/wp-json\/wp\/v2\/users\/2"}],"replies":[{"embeddable":true,"href":"https:\/\/www.europesays.com\/no\/wp-json\/wp\/v2\/comments?post=104762"}],"version-history":[{"count":0,"href":"https:\/\/www.europesays.com\/no\/wp-json\/wp\/v2\/posts\/104762\/revisions"}],"wp:featuredmedia":[{"embeddable":true,"href":"https:\/\/www.europesays.com\/no\/wp-json\/wp\/v2\/media\/104453"}],"wp:attachment":[{"href":"https:\/\/www.europesays.com\/no\/wp-json\/wp\/v2\/media?parent=104762"}],"wp:term":[{"taxonomy":"category","embeddable":true,"href":"https:\/\/www.europesays.com\/no\/wp-json\/wp\/v2\/categories?post=104762"},{"taxonomy":"post_tag","embeddable":true,"href":"https:\/\/www.europesays.com\/no\/wp-json\/wp\/v2\/tags?post=104762"}],"curies":[{"name":"wp","href":"https:\/\/api.w.org\/{rel}","templated":true}]}}