{"id":104794,"date":"2025-12-05T09:30:26","date_gmt":"2025-12-05T09:30:26","guid":{"rendered":"https:\/\/www.europesays.com\/no\/104794\/"},"modified":"2025-12-05T09:30:26","modified_gmt":"2025-12-05T09:30:26","slug":"protesterte-mot-kutt-det-handlar-om-barna-si-framtid-hallingdolen-no","status":"publish","type":"post","link":"https:\/\/www.europesays.com\/no\/104794\/","title":{"rendered":"Protesterte mot kutt: \u2013 Det handlar om barna si framtid &#8211; hallingdolen.no"},"content":{"rendered":"<ol>\n<li><a href=\"https:\/\/news.google.com\/rss\/articles\/CBMiqwFBVV95cUxNTjJCS0JITzgzNENEQnVtNHBuZHBzbzlhaWJCaGd3QWJaOEhKYXpQMHd1Mm0tbVpqTzl3eldfTGxtRGt2enlhREx2UG1PV3Y1dWpHalU5SW1fSXpTakZQREo2dm1vVTFHcW5VMkJ1My11TkNNelg2RWtCTmtVOVd1d056NFBNdWtkWmp6c3V0WnBDSTlSNFNzREpGUl90aGxDVWxYWnFTcXlncVU?oc=5\" target=\"_blank\" rel=\"nofollow noopener\">Protesterte mot kutt: \u2013 Det handlar om barna si framtid<\/a>&nbsp;&nbsp;hallingdolen.no<\/li>\n<li><a href=\"https:\/\/news.google.com\/rss\/articles\/CBMi2gFBVV95cUxOZHRGOVNocDJKSTVmZXpneGxVRjhjTFhrd0tjRlBPNTByblJKZTEwekFheTlRLVlwWTBjSVVKYklJZ2ZrZDFjcDMyU3Z3Z1ZUcnRhSTlCa1BHY2dJaW95Q2g5YXZ1ajl4ZGFnTEc5a1gySVJSUUlrNlZET294LXpJUkhOenMxZjRJWWRpdWhEaFM2d0hQdy05M215WGxfbkpGcFptLVRUWjZpZ3ppcWRUSjRfRUFwdW5HcklWU3ZtYVpBaTc2MjdSX0JpMWxZT0UtSkdGX194S3hFQQ?oc=5\" target=\"_blank\" rel=\"nofollow noopener\">Kritisk d\u00e5rlig bemanning i flere barnehager \u2013 f\u00e5r kun sm\u00e5bel\u00f8p ekstra fra staten for \u00e5 l\u00f8se situasjonen<\/a>&nbsp;&nbsp;Smaalenenes Avis<\/li>\n<li><a href=\"https:\/\/news.google.com\/rss\/articles\/CBMilgFBVV95cUxOWjJDVWN4SF8xSlUwNEFTWl9JVVlLWDh2ZlBDOWlqS3Ata0F5SlhtbnI5b2JONVdhQm9kSGNySHBnZTNzUzdteS1JUnlEa2lxVWFJWXpsMHNCbHI2Q0x5Y2tZUzZQZGdUZHJmRmNGYWpUV19xUlN2Q0JELXdLQmJoeHMxWlFOWFVObncyaUtjRnhDdXlUX1E?oc=5\" target=\"_blank\" rel=\"nofollow noopener\">S\u00f8rge for nok bemanning eller gamble med barna som innsats?<\/a>&nbsp;&nbsp;Romerikes Blad<\/li>\n<li><a href=\"https:\/\/news.google.com\/rss\/articles\/CBMirgFBVV95cUxNZVpZOE9GVHhjOVZrZUtUdWtXUHdOT2hNbUhEb3gtWDZJN0tYOV9ONDhpN1ZybEFUX1ZNZHp6Ml9IQXNEdTg2eE42TkdFdUhPQU5VM01feEp4OU1wcXF3S3ZwNkk3TGxqUkYxc0pPbUk5Y2J6blg1cEs3ZWZ5M1JWQldTenpuV2tsaXFTczN5ai1wMFNhTjhlNExfbGxoay1RZmtkNU9sWm91TkFtSXc?oc=5\" target=\"_blank\" rel=\"nofollow noopener\">Barnehagen \u2013 n\u00f8kkelen til inkludering og kvalitet<\/a>&nbsp;&nbsp;Fagforbundet<\/li>\n<li><a href=\"https:\/\/news.google.com\/rss\/articles\/CBMivwFBVV95cUxQamJVNVpHOGZhSkxTampUaXB3ay1lNzliMUhqV19HZ1ZxdHdGRUtweXJMazhLcndBYXpCSTlsUkJ2eWNWbFFVQjhZNTZ3NDlQU1cwUXlBYnhwN1I2SlRIMTlETzhTRE1QVmEwWHY2V2RyVXU1MjVKR2pQR1FCTlB4YzFGd1VmRFpIYWFYSFVScnlmVDdoZWM5enBCUGdPUVMtRW5XbFhacXQtbjFvXzdjUFp2NXNKd2p1Mjh2OGltUQ?oc=5\" target=\"_blank\" rel=\"nofollow noopener\">Barn og unge f\u00f8rst &#8211; framtida st\u00e5r p\u00e5 spel n\u00e5r ressursane sviktar<\/a>&nbsp;&nbsp;vestnytt.no<\/li>\n<\/ol>\n","protected":false},"excerpt":{"rendered":"Protesterte mot kutt: \u2013 Det handlar om barna si framtid&nbsp;&nbsp;hallingdolen.no Kritisk d\u00e5rlig bemanning i flere barnehager \u2013 f\u00e5r&hellip;\n","protected":false},"author":2,"featured_media":104795,"comment_status":"","ping_status":"","sticky":false,"template":"","format":"standard","meta":{"footnotes":""},"categories":[10],"tags":[20,21,24,25,15,22,23,13,30,28,29,14,16,26,27],"class_list":{"0":"post-104794","1":"post","2":"type-post","3":"status-publish","4":"format-standard","5":"has-post-thumbnail","7":"category-norge","8":"tag-breaking-news","9":"tag-breakingnews","10":"tag-featured-news","11":"tag-featurednews","12":"tag-headlines","13":"tag-latest-news","14":"tag-latestnews","15":"tag-news","16":"tag-no","17":"tag-norge","18":"tag-norway","19":"tag-nyheter","20":"tag-overskrifter","21":"tag-top-stories","22":"tag-topstories"},"share_on_mastodon":{"url":"https:\/\/pubeurope.com\/@no\/115666263960102162","error":""},"_links":{"self":[{"href":"https:\/\/www.europesays.com\/no\/wp-json\/wp\/v2\/posts\/104794","targetHints":{"allow":["GET"]}}],"collection":[{"href":"https:\/\/www.europesays.com\/no\/wp-json\/wp\/v2\/posts"}],"about":[{"href":"https:\/\/www.europesays.com\/no\/wp-json\/wp\/v2\/types\/post"}],"author":[{"embeddable":true,"href":"https:\/\/www.europesays.com\/no\/wp-json\/wp\/v2\/users\/2"}],"replies":[{"embeddable":true,"href":"https:\/\/www.europesays.com\/no\/wp-json\/wp\/v2\/comments?post=104794"}],"version-history":[{"count":0,"href":"https:\/\/www.europesays.com\/no\/wp-json\/wp\/v2\/posts\/104794\/revisions"}],"wp:featuredmedia":[{"embeddable":true,"href":"https:\/\/www.europesays.com\/no\/wp-json\/wp\/v2\/media\/104795"}],"wp:attachment":[{"href":"https:\/\/www.europesays.com\/no\/wp-json\/wp\/v2\/media?parent=104794"}],"wp:term":[{"taxonomy":"category","embeddable":true,"href":"https:\/\/www.europesays.com\/no\/wp-json\/wp\/v2\/categories?post=104794"},{"taxonomy":"post_tag","embeddable":true,"href":"https:\/\/www.europesays.com\/no\/wp-json\/wp\/v2\/tags?post=104794"}],"curies":[{"name":"wp","href":"https:\/\/api.w.org\/{rel}","templated":true}]}}