{"id":104796,"date":"2025-12-05T09:31:08","date_gmt":"2025-12-05T09:31:08","guid":{"rendered":"https:\/\/www.europesays.com\/no\/104796\/"},"modified":"2025-12-05T09:31:08","modified_gmt":"2025-12-05T09:31:08","slug":"flere-nettsteder-er-nede-nrk-norge-oversikt-over-nyheter-fra-ulike-deler-av-landet","status":"publish","type":"post","link":"https:\/\/www.europesays.com\/no\/104796\/","title":{"rendered":"Flere nettsteder er nede \u2013 NRK Norge \u2013 Oversikt over nyheter fra ulike deler av landet"},"content":{"rendered":"<p>En feilmelding dukket opp n\u00e5r man fors\u00f8kte \u00e5 g\u00e5 inn p\u00e5 flere store nettsider og nettaviser fredag formiddag.<\/p>\n<p>Flere av nettsidene som var nede var nettsidene til politiet, regjeringen og statsforvalteren.<\/p>\n<p>\u2013 Det er problemer med CloudFlare, bekrefter kommunikasjonsr\u00e5dgiver Helene Wille Lund i Amedia til NRK like etter klokken 10.00.<\/p>\n<p>Cloudflare unders\u00f8ker problemet. P\u00e5 sine nettsider opplyser de at en l\u00f8sning er iverksatt, og de overv\u00e5ker situasjonen.<\/p>\n<p>Det p\u00e5g\u00e5r vedlikehold ved datasentre i Detroit og Chicago i USA.<\/p>\n<p><strong>Like f\u00f8r 10.30 skal flere nettsider v\u00e6re oppe igjen. <\/strong><\/p>\n<p>Flere nettsider til sykehus var rammet<\/p>\n<p>Nettsider til flere sykehus var ogs\u00e5 nede, som blant annet sykehuset i Vestfold og sykehuset i Telemark.<\/p>\n<p>Kommunikasjonsdirekt\u00f8r Erik Vigander bekrefter at Helse Bergen sine nettsider var nede av ukjent \u00e5rsaker.<\/p>\n<p>De peker p\u00e5 den amerikanske leverand\u00f8ren av skyl\u00f8sninger for internett, Cloudflare.<\/p>\n<p><img decoding=\"async\"   src=\"data:image\/gif;base64,R0lGODlhAQABAIAAAAAAAP\/\/\/yH5BAEAAAAALAAAAAABAAEAAAIBRAA7\" loading=\"eager\" alt=\"Erik Vigander\" title=\"Foto: Kreftforeningen\"\/><\/p>\n<p>Foto: Kreftforeningen<\/p>\n<p>\u2013 Vi var nede i 25 minutter. Det er aldri noe kjekt n\u00e5r slikt skjer, s\u00e5 vidt vi vet har det ikke hatt noen store konsekvenser, sier Vikander.<\/p>\n<p>Amedia var nede<\/p>\n<p>I tillegg var mediekonsernet Amedia sine nettsider er nede en liten periode.<\/p>\n<p>Like over klokken 10.00 er Amedia sine nettsider oppe igjen.<\/p>\n<p>\u2013 V\u00e5re norske aviser var nede f\u00e5 minutter p\u00e5 grunn av en feil hos Cloudfare. De er n\u00e5 oppe igjen fordi vi omg\u00e5r \u00e5 bruke Cloudfare, sier kommunikasjonssjef Hallgeir Westrum i Amedia.<\/p>\n<p>Bergensavisen er blant avisene som opplevde tr\u00f8bbel.<\/p>\n<p>Ansvarlig redakt\u00f8r Guro Valland ble informert om feilen gjennom en internmelding fra Amedia.<\/p>\n<p>\u2013 Vi synes selv at den type nedetid er veldig frustrerende og noe som ikke absolutt ikke skal skje. N\u00e5r det en nettside er nede i fem minutter s\u00e5 er det fem minutter vi ikke kan tilby journalistikk til leserne v\u00e5re, sier hun.<\/p>\n<p>Publisert<\/p>\n<p>05.12.2025, kl. 09.57<\/p>\n<p>Oppdatert<\/p>\n<p>05.12.2025, kl. 10.30<\/p>\n","protected":false},"excerpt":{"rendered":"En feilmelding dukket opp n\u00e5r man fors\u00f8kte \u00e5 g\u00e5 inn p\u00e5 flere store nettsider og nettaviser fredag formiddag.&hellip;\n","protected":false},"author":2,"featured_media":104797,"comment_status":"","ping_status":"","sticky":false,"template":"","format":"standard","meta":{"footnotes":""},"categories":[5],"tags":[20,21,24,25,15,19,22,23,17,18,13,30,28,29,14,16,26,27],"class_list":{"0":"post-104796","1":"post","2":"type-post","3":"status-publish","4":"format-standard","5":"has-post-thumbnail","7":"category-overskrifter","8":"tag-breaking-news","9":"tag-breakingnews","10":"tag-featured-news","11":"tag-featurednews","12":"tag-headlines","13":"tag-hovedoppslag","14":"tag-latest-news","15":"tag-latestnews","16":"tag-main-news","17":"tag-mainnews","18":"tag-news","19":"tag-no","20":"tag-norge","21":"tag-norway","22":"tag-nyheter","23":"tag-overskrifter","24":"tag-top-stories","25":"tag-topstories"},"share_on_mastodon":{"url":"https:\/\/pubeurope.com\/@no\/115666267972749281","error":""},"_links":{"self":[{"href":"https:\/\/www.europesays.com\/no\/wp-json\/wp\/v2\/posts\/104796","targetHints":{"allow":["GET"]}}],"collection":[{"href":"https:\/\/www.europesays.com\/no\/wp-json\/wp\/v2\/posts"}],"about":[{"href":"https:\/\/www.europesays.com\/no\/wp-json\/wp\/v2\/types\/post"}],"author":[{"embeddable":true,"href":"https:\/\/www.europesays.com\/no\/wp-json\/wp\/v2\/users\/2"}],"replies":[{"embeddable":true,"href":"https:\/\/www.europesays.com\/no\/wp-json\/wp\/v2\/comments?post=104796"}],"version-history":[{"count":0,"href":"https:\/\/www.europesays.com\/no\/wp-json\/wp\/v2\/posts\/104796\/revisions"}],"wp:featuredmedia":[{"embeddable":true,"href":"https:\/\/www.europesays.com\/no\/wp-json\/wp\/v2\/media\/104797"}],"wp:attachment":[{"href":"https:\/\/www.europesays.com\/no\/wp-json\/wp\/v2\/media?parent=104796"}],"wp:term":[{"taxonomy":"category","embeddable":true,"href":"https:\/\/www.europesays.com\/no\/wp-json\/wp\/v2\/categories?post=104796"},{"taxonomy":"post_tag","embeddable":true,"href":"https:\/\/www.europesays.com\/no\/wp-json\/wp\/v2\/tags?post=104796"}],"curies":[{"name":"wp","href":"https:\/\/api.w.org\/{rel}","templated":true}]}}