{"id":104798,"date":"2025-12-05T09:32:18","date_gmt":"2025-12-05T09:32:18","guid":{"rendered":"https:\/\/www.europesays.com\/no\/104798\/"},"modified":"2025-12-05T09:32:18","modified_gmt":"2025-12-05T09:32:18","slug":"en-av-ti-tror-norge-kommer-til-finalen-i-fotball-vm","status":"publish","type":"post","link":"https:\/\/www.europesays.com\/no\/104798\/","title":{"rendered":"\u00c9n av ti tror Norge kommer til finalen i fotball-VM"},"content":{"rendered":"<p> \u2013 Nordmenn gleder seg til fotball-VM neste sommer og flertallet vil f\u00f8lge med. Selv de som normalt ikke er fotballinteresserte, ser allerede fram til mesterskapet, sier seniorr\u00e5dgiver Nora Clausen i <a href=\"https:\/\/www.opinion.no\/innlegg\/halve-norge-gleder-seg-til-fotball-vm\" rel=\"noopener nofollow\" target=\"_blank\">Opinion<\/a>.<\/p>\n<p>47 prosent oppgir at de gleder seg til mesterskapet, mens 55 prosent kommer til \u00e5 f\u00f8lge med.<\/p>\n<p>Unders\u00f8kelsen viser at menn er mest fotballinteressert. 63 prosent av de spurte mennene skal f\u00f8lge mesterskapet, mot 46 prosent av kvinnene.<\/p>\n<p>\u2013 Fire av fem nordmenn tror at Norges lag er like bra eller bedre enn gjennomsnittet av lagene i fotball-VM. Like mange tror vi g\u00e5r videre fra gruppespillet, sier Clausen.<\/p>\n<p>Nordmenn planlegger i all hovedsak \u00e5 f\u00f8lge kampene hjemme p\u00e5 TV. En halv prosent oppgir at de allerede har bestilt tur til USA, mens 3 prosent vurderer det. 96 prosent har ingen planer om \u00e5 reise til VM.<\/p>\n<p>Unders\u00f8kelsen er gjennomf\u00f8rt i et landsrepresentativt utvalg av befolkningen p\u00e5 1045 personer i uke 47. Feilmarginen er mellom 1,3 og 3,0 prosentpoeng.<\/p>\n","protected":false},"excerpt":{"rendered":"\u2013 Nordmenn gleder seg til fotball-VM neste sommer og flertallet vil f\u00f8lge med. Selv de som normalt ikke&hellip;\n","protected":false},"author":2,"featured_media":104799,"comment_status":"","ping_status":"","sticky":false,"template":"","format":"standard","meta":{"footnotes":""},"categories":[59],"tags":[4472,30,28,29,83,82,50],"class_list":{"0":"post-104798","1":"post","2":"type-post","3":"status-publish","4":"format-standard","5":"has-post-thumbnail","7":"category-sport","8":"tag-fotball-vm","9":"tag-no","10":"tag-norge","11":"tag-norway","12":"tag-sport","13":"tag-sports","14":"tag-usa"},"share_on_mastodon":{"url":"https:\/\/pubeurope.com\/@no\/115666271823324515","error":""},"_links":{"self":[{"href":"https:\/\/www.europesays.com\/no\/wp-json\/wp\/v2\/posts\/104798","targetHints":{"allow":["GET"]}}],"collection":[{"href":"https:\/\/www.europesays.com\/no\/wp-json\/wp\/v2\/posts"}],"about":[{"href":"https:\/\/www.europesays.com\/no\/wp-json\/wp\/v2\/types\/post"}],"author":[{"embeddable":true,"href":"https:\/\/www.europesays.com\/no\/wp-json\/wp\/v2\/users\/2"}],"replies":[{"embeddable":true,"href":"https:\/\/www.europesays.com\/no\/wp-json\/wp\/v2\/comments?post=104798"}],"version-history":[{"count":0,"href":"https:\/\/www.europesays.com\/no\/wp-json\/wp\/v2\/posts\/104798\/revisions"}],"wp:featuredmedia":[{"embeddable":true,"href":"https:\/\/www.europesays.com\/no\/wp-json\/wp\/v2\/media\/104799"}],"wp:attachment":[{"href":"https:\/\/www.europesays.com\/no\/wp-json\/wp\/v2\/media?parent=104798"}],"wp:term":[{"taxonomy":"category","embeddable":true,"href":"https:\/\/www.europesays.com\/no\/wp-json\/wp\/v2\/categories?post=104798"},{"taxonomy":"post_tag","embeddable":true,"href":"https:\/\/www.europesays.com\/no\/wp-json\/wp\/v2\/tags?post=104798"}],"curies":[{"name":"wp","href":"https:\/\/api.w.org\/{rel}","templated":true}]}}